{"id":211819,"date":"2025-11-01T01:41:25","date_gmt":"2025-11-01T01:41:25","guid":{"rendered":"https:\/\/www.europesays.com\/es\/211819\/"},"modified":"2025-11-01T01:41:25","modified_gmt":"2025-11-01T01:41:25","slug":"la-red-andaluza-de-teatros-publicos-recorre-la-provincia-de-granada-con-diez-propuestas-escenicas-en-noviembre-noticias","status":"publish","type":"post","link":"https:\/\/www.europesays.com\/es\/211819\/","title":{"rendered":"La Red Andaluza de Teatros P\u00fablicos recorre la provincia de Granada con diez propuestas esc\u00e9nicas en noviembre &#8211; Noticias"},"content":{"rendered":"<p class=\"western\"><img decoding=\"async\" alt=\"El bosque de Coco\" data-entity-type=\"file\" data-entity-uuid=\"06f2c5c2-0fa8-43e8-a10a-c6d7d5e4dd0c\" src=\"https:\/\/www.europesays.com\/es\/wp-content\/uploads\/2025\/11\/Elbosquedecoco.jpeg\"\/><\/p>\n<p class=\"western\">Propuesta esc\u00e9nica de\u00a0La buena compa\u00f1\u00eda con el montaje \u2018El bosque de coco\u2019.<\/p>\n<p class=\"western\">La Red Andaluza de Teatros P\u00fablicos, programa impulsado por la Consejer\u00eda de Cultura y Deporte y gestionado por la Agencia Andaluza de Instituciones Culturales en colaboraci\u00f3n con los ayuntamientos adheridos, ha ampliado su programaci\u00f3n en las ocho provincias andaluzas durante el \u00faltimo trimestre del a\u00f1o. Con ello, reafirma su papel como herramienta esencial para la difusi\u00f3n de las artes esc\u00e9nicas y musicales en todo el territorio andaluz. Concretamente en Granada, 10 propuestas de teatro, m\u00fasica, circo y danza recorrer\u00e1n la provincia. Adem\u00e1s, los escolares podr\u00e1n disfrutar este mes de varias funciones gracias al programa Abecedaria. <\/p>\n<p class=\"western\">En Albolote, la programaci\u00f3n se abrir\u00e1 el 4 de noviembre con el espect\u00e1culo \u2018Sum\u2019, de Baychimo Teatro (Paloma Leal Matall\u00e1n) para el ciclo de Abecedaria, como tambi\u00e9n lo es el montaje \u2018El c\u00edrculo\u2019, de Truca Circus, el d\u00eda 20 y cierra el 29 con m\u00fasica a las 20.00 horas en el Centro Socio Cultural Fernando de los R\u00edos con \u2018Sietemasuno Sonoro\u2019, del conjunto Siertemasuno. <\/p>\n<p class=\"western\">En Loja, el 7 de noviembre se representar\u00e1 la obra \u2018Fet\u00e9n\u2019, de la compa\u00f1\u00eda Un proyecto corriente a las 20.00 horas en el cine Imperial. El 26 de noviembre le toca el turno al ciclo Abecedaria que llega con funciones a las 10:00 y a las 12:00 con la propuesta \u2018Cateura\u2019, de Alas Circo Teatro para cerrar el 28 con la pieza \u2018El tiempo del hijo\u2019, de David Montero y La Suite.<\/p>\n<p class=\"western\">En Armilla, el 19 de noviembre se representar\u00e1 la propuesta \u2018Generaci\u00f3n Z-Surfeando la Herencia\u2019, de la compa\u00f1\u00eda Roseta Plasencia dentro del ciclo Abecedaria, donde tambi\u00e9n estar\u00e1 el d\u00eda 28 a las 10:00 y a las 12:00 La buena compa\u00f1\u00eda con el montaje \u2018El bosque de coco\u2019. <\/p>\n<p class=\"western\">Por su parte, Motril ofrecer\u00e1 el 20 de noviembre una nueva representaci\u00f3n de \u2018Generaci\u00f3n Z-Surfeando la Herencia\u2019, de la compa\u00f1\u00eda Roseta Plasencia, dentro del ciclo Abecedaria, al igual que la funci\u00f3n del d\u00eda 22 del espect\u00e1culo \u2018Bendita gloria\u2019, de Albanta en el teatro Calder\u00f3n de la Barca. <\/p>\n<p class=\"western\"><strong>La Red ampl\u00eda su programaci\u00f3n el \u00faltimo trimestre <\/strong><\/p>\n<p class=\"western\">La Red Andaluza de Teatros P\u00fablicos sumar\u00e1 51 funciones adicionales en el conjunto de Andaluc\u00eda el \u00faltimo trimestre del a\u00f1o. Este incremento, que supone un 19,38% m\u00e1s de presupuesto refuerza la presencia de espect\u00e1culos en los municipios y garantiza el acceso de la ciudadan\u00eda a una programaci\u00f3n cultural diversa y de calidad. En el caso de Granada, la ampliaci\u00f3n se traduce en nuevas funciones.<\/p>\n<p class=\"western\">Con esta ampliaci\u00f3n de la programaci\u00f3n, cuyo coste asume \u00edntegramente la Consejer\u00eda de Cultura, el Gobierno andaluz reafirma su compromiso con la sostenibilidad y la proyecci\u00f3n del sector cultural, impulsando una programaci\u00f3n que fomenta la creatividad, el empleo y la participaci\u00f3n ciudadana en todos los rincones de la comunidad.<\/p>\n<p class=\"western\">La Red Andaluza de Teatros P\u00fablicos cuenta este a\u00f1o con 70 municipios adheridos y un presupuesto total de 2,3 millones de euros, de los cuales m\u00e1s de 1,38 millones proceden de la inversi\u00f3n de la Agencia Andaluza de Instituciones Culturales. Este programa, presente en las ocho provincias andaluzas, promueve la descentralizaci\u00f3n cultural y el acceso igualitario de la ciudadan\u00eda a la cultura, acercando las artes esc\u00e9nicas y musicales a los espacios esc\u00e9nicos municipales de toda Andaluc\u00eda.<\/p>\n<p class=\"western\">\u00a0<\/p>\n","protected":false},"excerpt":{"rendered":"Propuesta esc\u00e9nica de\u00a0La buena compa\u00f1\u00eda con el montaje \u2018El bosque de coco\u2019. La Red Andaluza de Teatros P\u00fablicos,&hellip;\n","protected":false},"author":2,"featured_media":211820,"comment_status":"","ping_status":"","sticky":false,"template":"","format":"standard","meta":{"footnotes":""},"categories":[5],"tags":[8257,17,18,25,24,13,14,11,19,20,9,10,15,16,23,12,21,22],"class_list":{"0":"post-211819","1":"post","2":"type-post","3":"status-publish","4":"format-standard","5":"has-post-thumbnail","7":"category-titulares","8":"tag-artes-escenicas-y-musica","9":"tag-breaking-news","10":"tag-breakingnews","11":"tag-es","12":"tag-espana","13":"tag-featured-news","14":"tag-featurednews","15":"tag-headlines","16":"tag-latest-news","17":"tag-latestnews","18":"tag-news","19":"tag-noticias","20":"tag-noticias-destacadas","21":"tag-noticiasdestacadas","22":"tag-spain","23":"tag-titulares","24":"tag-ultimas-noticias","25":"tag-ultimasnoticias"},"share_on_mastodon":{"url":"https:\/\/pubeurope.com\/@es\/115471901239956264","error":""},"_links":{"self":[{"href":"https:\/\/www.europesays.com\/es\/wp-json\/wp\/v2\/posts\/211819","targetHints":{"allow":["GET"]}}],"collection":[{"href":"https:\/\/www.europesays.com\/es\/wp-json\/wp\/v2\/posts"}],"about":[{"href":"https:\/\/www.europesays.com\/es\/wp-json\/wp\/v2\/types\/post"}],"author":[{"embeddable":true,"href":"https:\/\/www.europesays.com\/es\/wp-json\/wp\/v2\/users\/2"}],"replies":[{"embeddable":true,"href":"https:\/\/www.europesays.com\/es\/wp-json\/wp\/v2\/comments?post=211819"}],"version-history":[{"count":0,"href":"https:\/\/www.europesays.com\/es\/wp-json\/wp\/v2\/posts\/211819\/revisions"}],"wp:featuredmedia":[{"embeddable":true,"href":"https:\/\/www.europesays.com\/es\/wp-json\/wp\/v2\/media\/211820"}],"wp:attachment":[{"href":"https:\/\/www.europesays.com\/es\/wp-json\/wp\/v2\/media?parent=211819"}],"wp:term":[{"taxonomy":"category","embeddable":true,"href":"https:\/\/www.europesays.com\/es\/wp-json\/wp\/v2\/categories?post=211819"},{"taxonomy":"post_tag","embeddable":true,"href":"https:\/\/www.europesays.com\/es\/wp-json\/wp\/v2\/tags?post=211819"}],"curies":[{"name":"wp","href":"https:\/\/api.w.org\/{rel}","templated":true}]}}