{"id":211821,"date":"2025-11-01T01:49:10","date_gmt":"2025-11-01T01:49:10","guid":{"rendered":"https:\/\/www.europesays.com\/es\/211821\/"},"modified":"2025-11-01T01:49:10","modified_gmt":"2025-11-01T01:49:10","slug":"galbiati-los-jugadores-estan-entendiendo-que-jugar-rapido-no-es-jugar-con-prisa","status":"publish","type":"post","link":"https:\/\/www.europesays.com\/es\/211821\/","title":{"rendered":"Galbiati: \u00abLos jugadores est\u00e1n entendiendo que jugar r\u00e1pido no es jugar con prisa\u00bb"},"content":{"rendered":"<p><a class=\"v-mdl-ath__fig-a\" href=\"https:\/\/www.elcorreo.com\/autor\/ivan-benito-4702.html\" title=\"Iv\u00e1n Benito\" rel=\"nofollow noopener\" target=\"_blank\"><br \/>\n<img decoding=\"async\" class=\"v-mdl-ath__img\" src=\"https:\/\/www.europesays.com\/es\/wp-content\/uploads\/2025\/10\/autor-4702-foto-1.jpeg\" alt=\"Iv\u00e1n Benito\"\/><br \/>\n<\/a><\/p>\n<p class=\"v-mdl-ath__p v-mdl-ath__p--6\">\nViernes, 31 de octubre 2025, 23:31<\/p>\n<p>| Actualizado 23:40h.<\/p>\n<p class=\"v-p\">Las comparecencias de Paolo Galbiati no se rigen por el resultado. El t\u00e9cnico italiano insiste en la misma idea tanto en las derrotas como ahora tras las dos victorias consecutivas. \u00abNecesitamos trabajar\u00bb, repiti\u00f3 tras vencer al Efes. El preparador azulgrana percibe todav\u00eda \u00aberrores de comunicaci\u00f3n\u00bb propios de la falta de automatismos en un vestuario joven y pr\u00e1cticamente nuevo. Aunque s\u00ed atisba una mejor\u00eda, especialmente en el ataque. \u00abLos jugadores est\u00e1n entendiendo que jugar r\u00e1pido no es jugar con prisa\u00bb, valora.<\/p>\n<p class=\"v-p\">El transalpino subray\u00f3 la \u00absolidez y la disciplina\u00bb con la que su equipo actu\u00f3 \u00abdurante la mayor\u00eda del partido\u00bb. Al igual que frente al Dub\u00e1i, los minutos buenos fueron m\u00e1s que los malos y, pese a que el \u00abEfes anot\u00f3 mucho de tres\u00bb, el Baskonia logr\u00f3 \u00absolucionar la situaci\u00f3n\u00bb. El entrenador quiso destacar la labor de dos de sus jugadores interiores. \u00abNo han anotado mucho de dos gracias al trabajo de Mamadi (Diakite), que ha minado la confianza\u00bb, opin\u00f3 sobre el guineano, que registr\u00f3 cinco tapones.<\/p>\n<p class=\"v-p\">Tambi\u00e9n alab\u00f3 a Rodions Kurucs, que el jueves no pudo entrenar por enfermedad. \u00abLe dimos v\u00eddeos y jugadas para que estudiara en casa y nos ha dado 22 minutos muy buenos\u00bb. Galbiati puso en valor el trabajo del equipo tanto en las sesiones previas de los encuentros de esta semana, la del lunes y la del jueves. \u00abFueron muy duras y estuvimos bien\u00bb. No se aventur\u00f3 a decir si fue el partido m\u00e1s completo del Baskonia desde que est\u00e1 al frente del equipo, pero s\u00ed expuso dos evidencias. \u00abLas victorias ayudan a tener m\u00e1s confianza\u00bb y \u00abel equipo esta semana me gusta m\u00e1s porque ha ganado dos partidos\u00bb, ironiz\u00f3.<\/p>\n<p>Felicitaci\u00f3n a Spagnolo<\/p>\n<p class=\"v-p\">Por \u00faltimo, felicit\u00f3 por su partido a Spagnolo, al que consideran que tiene que \u00abmejorar en defensa y en ataque\u00bb. Y se repiti\u00f3 sobre la b\u00fasqueda de un p\u00edvot que reemplace la marcha de Samanic. \u00abTrabajo con los jugadores que tengo. Estoy muy contento con ellos. El club est\u00e1 trabajando y nosotros apretando\u00bb. Antes, eso s\u00ed, remarc\u00f3 que \u00abel baloncesto actual es un juego sin posiciones\u00bb al ser preguntado por la labor de Kurucs como &#8216;cinco&#8217;.<\/p>\n<p class=\"v-p\">Por su parte, Igor Kokoskov consider\u00f3 que el Baskonia \u00abjug\u00f3 m\u00e1s f\u00edsico y m\u00e1s r\u00e1pido que nosotros\u00bb. \u00abEllos han tenido mucha confianza y agresividad. El rebote ofensivo nos ha dolido mucho. En la v\u00edspera entrenamos mejor de lo que hemos jugado. La fuerza es la clave del Baskonia, tienen mucho hambre de ganar\u00bb, concluy\u00f3. <\/p>\n<p>Reporta un error<\/p>\n","protected":false},"excerpt":{"rendered":"Viernes, 31 de octubre 2025, 23:31 | Actualizado 23:40h. Las comparecencias de Paolo Galbiati no se rigen por&hellip;\n","protected":false},"author":2,"featured_media":211822,"comment_status":"","ping_status":"","sticky":false,"template":"","format":"standard","meta":{"footnotes":""},"categories":[269],"tags":[299,298,168,57215,25,24,17490,2713,7532,3752,11237,23,167],"class_list":{"0":"post-211821","1":"post","2":"type-post","3":"status-publish","4":"format-standard","5":"has-post-thumbnail","7":"category-baloncesto","8":"tag-baloncesto","9":"tag-basketball","10":"tag-deportes","11":"tag-entendiendo","12":"tag-es","13":"tag-espana","14":"tag-galbiati","15":"tag-jugadores","16":"tag-jugar","17":"tag-prisa","18":"tag-rapido","19":"tag-spain","20":"tag-sports"},"share_on_mastodon":{"url":"https:\/\/pubeurope.com\/@es\/115471932981538360","error":""},"_links":{"self":[{"href":"https:\/\/www.europesays.com\/es\/wp-json\/wp\/v2\/posts\/211821","targetHints":{"allow":["GET"]}}],"collection":[{"href":"https:\/\/www.europesays.com\/es\/wp-json\/wp\/v2\/posts"}],"about":[{"href":"https:\/\/www.europesays.com\/es\/wp-json\/wp\/v2\/types\/post"}],"author":[{"embeddable":true,"href":"https:\/\/www.europesays.com\/es\/wp-json\/wp\/v2\/users\/2"}],"replies":[{"embeddable":true,"href":"https:\/\/www.europesays.com\/es\/wp-json\/wp\/v2\/comments?post=211821"}],"version-history":[{"count":0,"href":"https:\/\/www.europesays.com\/es\/wp-json\/wp\/v2\/posts\/211821\/revisions"}],"wp:featuredmedia":[{"embeddable":true,"href":"https:\/\/www.europesays.com\/es\/wp-json\/wp\/v2\/media\/211822"}],"wp:attachment":[{"href":"https:\/\/www.europesays.com\/es\/wp-json\/wp\/v2\/media?parent=211821"}],"wp:term":[{"taxonomy":"category","embeddable":true,"href":"https:\/\/www.europesays.com\/es\/wp-json\/wp\/v2\/categories?post=211821"},{"taxonomy":"post_tag","embeddable":true,"href":"https:\/\/www.europesays.com\/es\/wp-json\/wp\/v2\/tags?post=211821"}],"curies":[{"name":"wp","href":"https:\/\/api.w.org\/{rel}","templated":true}]}}