{"id":211851,"date":"2025-11-01T02:14:10","date_gmt":"2025-11-01T02:14:10","guid":{"rendered":"https:\/\/www.europesays.com\/es\/211851\/"},"modified":"2025-11-01T02:14:10","modified_gmt":"2025-11-01T02:14:10","slug":"de-icono-de-los-90-a-un-look-absolutamente-irreconocible-con-medias-de-mariquitas","status":"publish","type":"post","link":"https:\/\/www.europesays.com\/es\/211851\/","title":{"rendered":"de icono de los 90 a un &#8216;look&#8217; absolutamente irreconocible con medias de mariquitas"},"content":{"rendered":"<p id=\"e-rkrR8VhX\" data-wc=\"61\">Su <strong>melena rubia platino, sus labios hiperperfilados, sus pesta\u00f1as interminables y su cuerp<\/strong><strong>o<\/strong>, con m\u00e1s curvas que las del circuito de Montecarlo, la convirtieron en el estereotipo de mujer explosiva. <a class=\"hm-link ho-link\" href=\"https:\/\/www.hola.com\/belleza\/20250522833604\/pamela-anderson-cambio-look-bob-rizado\/\" data-mrf-recirculation=\"article-body-link\" rel=\"nofollow noopener\" target=\"_blank\">Pamela Anderson, corriendo descalza por la playa de Malib\u00fa o subida a unos tacones afilados de \u201cdominatrix\u201d por el asfalto, era pura seducci\u00f3n.\u00a0<\/a>Tanto en ba\u00f1ador rojo como en l\u00e1tex negro.<\/p>\n<p id=\"ezMFIKFMhHO\" data-wc=\"73\">\u00a0Su popularidad explot\u00f3 gracias a su papel de C.J.\u202f<strong>Parker en la serie\u202fBaywatch (1992 1997),\u00a0<\/strong>que la convirti\u00f3 en un icono televisivo mundial. La serie, que se transmiti\u00f3 en m\u00e1s de 140 pa\u00edses, <strong>consolid\u00f3 su imagen como s\u00edmbolo sexual y permiti\u00f3 que Pamela se convirtiera en un referente de la cultura pop de los a\u00f1os 90,<\/strong> apareciendo en portadas de revistas como Playboy, con la que mantuvo una relaci\u00f3n profesional importante durante su carrera.<\/p>\n<p>  <img src=\"https:\/\/www.europesays.com\/es\/wp-content\/uploads\/2025\/11\/32620ed1b8da-cp96664cut.jpg\"   width=\"1080\" height=\"1800\" loading=\"lazy\" decoding=\"async\" alt=\"Media Image\" fetchpriority=\"auto\" class=\"image ho-image\"\/>\u00a9 Cordon Press<\/p>\n<p id=\"eJmsLyFFe4W\" data-wc=\"107\">Sin embargo, aquella imagen de devorahombres termin\u00f3 por devorarla a ella misma y, hoy, <a class=\"hm-link ho-link\" href=\"https:\/\/www.hola.com\/actualidad\/20250908854454\/pamela-anderson-responde-acusaciones-romance-liam-neeson\/\" data-mrf-recirculation=\"article-body-link\" rel=\"nofollow noopener\" target=\"_blank\">la actriz \u2014ep\u00edtome del artificio y de la cirug\u00eda pl\u00e1stica\u2014 ha hecho de la cara lavada una declaraci\u00f3n de independencia y de su belleza con arrugas y sin filtros, una bandera.<\/a> Anderson ha hablado p\u00fablicamente sobre su pasado, reconociendo que <strong>en momentos sinti\u00f3 la presi\u00f3n de mantener una imagen perfect<\/strong>a, y que hoy <strong>acepta los signos de la edad como parte de su autenticidad<\/strong>. Ha declarado que aceptar su apariencia natural le ha permitido sentirse m\u00e1s libre y segura, y que mostrar <strong>su rostro sin maquillaje es un acto de empoderamiento y honestidad.<\/strong><\/p>\n<p>  <img src=\"https:\/\/www.europesays.com\/es\/wp-content\/uploads\/2025\/11\/1e36eeaf730a-gettyimages-52487323.jpg\"   width=\"1080\" height=\"1800\" loading=\"lazy\" decoding=\"async\" alt=\"Media Image\" fetchpriority=\"auto\" class=\"image ho-image\"\/>\u00a9 Getty Images<\/p>\n<p id=\"eGG3czNQ8Gw\" data-wc=\"81\">Quiz\u00e1 porque en aquel momento en el que era un s\u00edmbolo sexual no fue feliz y porque pag\u00f3 un precio muy alto por haber sido un objeto de deseo. \u00abMis hijos me salvaron\u00bb, ha declarado<a class=\"hm-link ho-link\" href=\"https:\/\/www.hola.com\/us-es\/celebrities\/2023020446697\/pamela-anderson-hijos-am\/\" data-mrf-recirculation=\"article-body-link\" rel=\"nofollow noopener\" target=\"_blank\">. Tiene dos hijos, Brandon Thomas Lee (nacido el\u202f5\u202fde\u202fjunio\u202fde\u202f1996) y Dylan Jagger Lee (nacido el\u202f29\u202fde\u202fdiciembre\u202fde\u202f1997),<\/a> fruto de<strong>\u00a0su matrimonio con Tommy Lee.\u00a0<\/strong>Cabe resaltar que<a class=\"hm-link ho-link\" href=\"https:\/\/www.hola.com\/us-es\/celebrities\/2023020146654\/pamela-anderson-hijos-defensa\/\" data-mrf-recirculation=\"article-body-link\" rel=\"nofollow noopener\" target=\"_blank\">\u00a0ellos tambi\u00e9n sufrieron traum\u00e1ticamente la fama hiperb\u00f3lica de su madre, por la que se pegaron m\u00e1s de una vez en el colegio.<\/a><\/p>\n<p id=\"ebZonct5f5K\" data-wc=\"102\">Hoy, con ellos detr\u00e1s de la c\u00e1mara y a cargo de la producci\u00f3n, est\u00e1 dispuesta a revivir a Barb Wire.<a class=\"hm-link ho-link\" href=\"https:\/\/www.hola.com\/actualidad\/20250730847254\/pamela-anderson-liam-neeson-pareja-sorpresa-estan-enamorados\/\" data-mrf-recirculation=\"article-body-link\" rel=\"nofollow noopener\" target=\"_blank\">\u00a0Anderson y sus hijos han lanzado la productora And Her Sons Productions, y est\u00e1n desarrollando una serie de televisi\u00f3n basada en su papel original en Barb Wire (1996).<\/a> Eso s\u00ed, con Greta Gerwig, seguro que tendr\u00e1 otro \u00abmood\u00bb. El proyecto refleja la intenci\u00f3n de Anderson de mantener el control creativo sobre su legado y de involucrar a sus hijos en<strong>\u00a0producciones que respeten su trayectoria y experiencias personales.<\/strong> La est\u00e9tica de Pamela, a la vista est\u00e1, ya no tiene nada que ver.<\/p>\n<p>  <img src=\"https:\/\/www.europesays.com\/es\/wp-content\/uploads\/2025\/11\/1c93f7f7378c-gettyimages-2243094657.jpg\"   width=\"1080\" height=\"1080\" loading=\"lazy\" decoding=\"async\" alt=\"Vestida por Magnolia Pearl de pies a cabeza, Pamela Anderson ha reinventado el esp\u00edritu &quot;boho&quot; neorrom\u00e1ntico para su \u00faltima aparici\u00f3n, en Nueva York, en la que, adem\u00e1s, fue la anfitriona y en donde la acompa\u00f1aron sus hijos, Brandon y Dylan Lee.\" fetchpriority=\"auto\" class=\"image ho-image\"\/>\u00a9 Getty ImagesVestida por Magnolia Pearl de pies a cabeza, Pamela Anderson ha reinventado el esp\u00edritu \u00abboho\u00bb neorrom\u00e1ntico para su \u00faltima aparici\u00f3n, en Nueva York, en la que, adem\u00e1s, fue la anfitriona y en donde la acompa\u00f1aron sus hijos, Brandon y Dylan Lee. \u00bfEl motivo? La apertura de una \u00abpop up\u00bb en el SoHo con su marca de \u00abskincare\u00bb, Sonsie, y una florister\u00eda con las plantas que contienen sus principios activos<\/p>\n<p id=\"emZm3gMHi-N\" data-wc=\"113\">Al m\u00e1s puro estilo del <strong>sombrerero de Lewis\u202fCarroll, ha encontrado la gloria entre las flores.\u00a0<\/strong>Que vale, que as\u00ed termina el cl\u00e1sico de Elia Kazan Esplendor en la hierba, pero tambi\u00e9n responde al esp\u00edritu del corto Rules\u202fof\u202fthe\u202fGarden, su \u00faltimo trabajo, donde<strong>\u00a0se convierte en la campesina de su huerto mientras comparte siete consejos para vivir m\u00e1s tranquila<\/strong>. Este proyecto refleja su inter\u00e9s por una vida tranquila sin artificios, en la que prioriza sus valores como el legado, la familia, y <a class=\"hm-link ho-link\" href=\"https:\/\/www.hola.com\/us-es\/belleza\/20251001859058\/pamela-anderson-color-cabello-cobrizo\/\" data-mrf-recirculation=\"article-body-link\" rel=\"nofollow noopener\" target=\"_blank\">conseguir el bienestar a trav\u00e9s de la paz y no a trav\u00e9s de un f\u00edsico.<\/a> Alejada de la<strong>\u00a0presi\u00f3n medi\u00e1tica y del\u00a0glamour extremo\u00a0<\/strong>que <strong>la defini\u00f3 en sus primeros a\u00f1os de fama.<\/strong><\/p>\n","protected":false},"excerpt":{"rendered":"Su melena rubia platino, sus labios hiperperfilados, sus pesta\u00f1as interminables y su cuerpo, con m\u00e1s curvas que las&hellip;\n","protected":false},"author":2,"featured_media":211852,"comment_status":"","ping_status":"","sticky":false,"template":"","format":"standard","meta":{"footnotes":""},"categories":[174],"tags":[3900,517,255,3899,146,147,25,24,256,9101,23],"class_list":{"0":"post-211851","1":"post","2":"type-post","3":"status-publish","4":"format-standard","5":"has-post-thumbnail","7":"category-famosos","8":"tag-hola","9":"tag-actualidad","10":"tag-celebrities","11":"tag-contenido-sensible","12":"tag-entertainment","13":"tag-entretenimiento","14":"tag-es","15":"tag-espana","16":"tag-famosos","17":"tag-pamela-anderson","18":"tag-spain"},"share_on_mastodon":{"url":"https:\/\/pubeurope.com\/@es\/115472031240316998","error":""},"_links":{"self":[{"href":"https:\/\/www.europesays.com\/es\/wp-json\/wp\/v2\/posts\/211851","targetHints":{"allow":["GET"]}}],"collection":[{"href":"https:\/\/www.europesays.com\/es\/wp-json\/wp\/v2\/posts"}],"about":[{"href":"https:\/\/www.europesays.com\/es\/wp-json\/wp\/v2\/types\/post"}],"author":[{"embeddable":true,"href":"https:\/\/www.europesays.com\/es\/wp-json\/wp\/v2\/users\/2"}],"replies":[{"embeddable":true,"href":"https:\/\/www.europesays.com\/es\/wp-json\/wp\/v2\/comments?post=211851"}],"version-history":[{"count":0,"href":"https:\/\/www.europesays.com\/es\/wp-json\/wp\/v2\/posts\/211851\/revisions"}],"wp:featuredmedia":[{"embeddable":true,"href":"https:\/\/www.europesays.com\/es\/wp-json\/wp\/v2\/media\/211852"}],"wp:attachment":[{"href":"https:\/\/www.europesays.com\/es\/wp-json\/wp\/v2\/media?parent=211851"}],"wp:term":[{"taxonomy":"category","embeddable":true,"href":"https:\/\/www.europesays.com\/es\/wp-json\/wp\/v2\/categories?post=211851"},{"taxonomy":"post_tag","embeddable":true,"href":"https:\/\/www.europesays.com\/es\/wp-json\/wp\/v2\/tags?post=211851"}],"curies":[{"name":"wp","href":"https:\/\/api.w.org\/{rel}","templated":true}]}}