{"id":211859,"date":"2025-11-01T02:19:14","date_gmt":"2025-11-01T02:19:14","guid":{"rendered":"https:\/\/www.europesays.com\/es\/211859\/"},"modified":"2025-11-01T02:19:14","modified_gmt":"2025-11-01T02:19:14","slug":"a-tiempo-para-halloween-los-trailers-de-scream-7-y-stranger-things-traen-una-doble-dosis-de-sustos","status":"publish","type":"post","link":"https:\/\/www.europesays.com\/es\/211859\/","title":{"rendered":"A tiempo para Halloween: los tr\u00e1ilers de \u00abScream 7\u00bb y \u00abStranger Things\u00bb traen una doble dosis de sustos"},"content":{"rendered":"<p>      CNN<br \/>\n        \u00a0\u2014\u00a0<\/p>\n<p class=\"paragraph inline-placeholder vossi-paragraph\" data-uri=\"es.cms.cnn.com\/_components\/paragraph\/instances\/cmhel1nvv001q26p03rkv82hp@published\" data-editable=\"text\" data-component-name=\"paragraph\" data-article-gutter=\"true\">\n            Un par de tr\u00e1ilers se lanzaron el jueves que seguramente har\u00e1n felices a dos grupos de fans.\n    <\/p>\n<p class=\"paragraph inline-placeholder vossi-paragraph\" data-uri=\"es.cms.cnn.com\/_components\/paragraph\/instances\/cmhel1tk50000356n5wr6qaku@published\" data-editable=\"text\" data-component-name=\"paragraph\" data-article-gutter=\"true\">\n            Los aficionados al horror y la ciencia ficci\u00f3n (y quienes disfrutan de ambos g\u00e9neros) recibieron un regalo \u2013no una broma\u2013 con el estreno de los tr\u00e1ilers de \u201c<a href=\"https:\/\/www.cnn.com\/videos\/spanish\/2021\/10\/13\/scream-5-pelicula-trailer-pkg-digital.cnn\" rel=\"nofollow noopener\" target=\"_blank\">Scream 7<\/a>\u201d y la temporada 5 de \u201c<a href=\"https:\/\/cnnespanol.cnn.com\/2025\/06\/01\/eeuu\/netflix-fechas-estreno-temporada-stranger-things-trax\" rel=\"nofollow noopener\" target=\"_blank\">Stranger Things<\/a>\u201d el mismo d\u00eda, tambi\u00e9n conocido como la v\u00edspera de Halloween.\n    <\/p>\n<p class=\"paragraph inline-placeholder vossi-paragraph\" data-uri=\"es.cms.cnn.com\/_components\/paragraph\/instances\/cmhel7pei0009356n1gt2fmqn@published\" data-editable=\"text\" data-component-name=\"paragraph\" data-article-gutter=\"true\">\n            La \u00faltima entrega de la <a href=\"https:\/\/www.cnn.com\/videos\/spanish\/2022\/01\/13\/scream-pelicula-terror-historia-digital-original.cnn\" rel=\"nofollow noopener\" target=\"_blank\">franquicia \u201cScream\u201d<\/a> re\u00fane a las estrellas Neve Campbell y Courteney Cox como parte de un elenco que tambi\u00e9n incluye a varios otros, como Isabel May, Jasmin Savoy Brown, Joel McHale, Mckenna Grace y Mark Consuelos. Campbell no particip\u00f3 en la \u00faltima pel\u00edcula, as\u00ed que este marca su regreso a la franquicia de slasher. Junto a ella regresan otras estrellas, incluyendo algunas que se cre\u00eda que hab\u00edan muerto, como David Arquette, Matthew Lillard y Scott Foley.\n    <\/p>\n<p>\t\tScream 7 | Official Trailer (2026 Movie) \u2013 Neve Campbell, Courteney Cox<br \/>\n\t\t<img decoding=\"async\" class=\"youtube__video-thumbnail\" src=\"https:\/\/www.europesays.com\/es\/wp-content\/uploads\/2025\/11\/hqdefault.jpg\" alt=\"Video Scream 7 | Official Trailer (2026 Movie) \u2013 Neve Campbell, Courteney Cox\"\/><\/p>\n<p class=\"paragraph inline-placeholder vossi-paragraph\" data-uri=\"es.cms.cnn.com\/_components\/paragraph\/instances\/cmhel6zez0007356n63fhwjkv@published\" data-editable=\"text\" data-component-name=\"paragraph\" data-article-gutter=\"true\">\n            \u201cCuando un nuevo asesino Ghostface aparece en el tranquilo pueblo donde Sidney Prescott (Neve Campbell) ha construido una nueva vida, sus peores temores se hacen realidad cuando su hija (Isabel May) se convierte en el siguiente objetivo\u201d, seg\u00fan la sinopsis de la pel\u00edcula. \u201cDecidida a proteger a su familia, Sidney debe enfrentar los horrores de su pasado para poner fin a la masacre de una vez por todas\u201d.\n    <\/p>\n<p class=\"paragraph inline-placeholder vossi-paragraph\" data-uri=\"es.cms.cnn.com\/_components\/paragraph\/instances\/cmhel9xlx000g356nj3f2s7th@published\" data-editable=\"text\" data-component-name=\"paragraph\" data-article-gutter=\"true\">\n            Kevin Williamson cre\u00f3 los personajes de la franquicia slasher y dirige la \u00faltima pel\u00edcula. \u201cScream VI\u201d se estren\u00f3 en 2023.\n    <\/p>\n<p class=\"paragraph inline-placeholder vossi-paragraph\" data-uri=\"es.cms.cnn.com\/_components\/paragraph\/instances\/cmhel9xlx000h356nb4uww70h@published\" data-editable=\"text\" data-component-name=\"paragraph\" data-article-gutter=\"true\">\n            Mientras tanto, el grupo de Hawkins se ha reunido para la temporada final de la exitosa serie de Netflix \u201cStranger Things\u201d.\n    <\/p>\n<p>\t\tStranger Things 5 | Official Trailer | Netflix<br \/>\n\t\t<img decoding=\"async\" class=\"youtube__video-thumbnail\" src=\"https:\/\/www.europesays.com\/es\/wp-content\/uploads\/2025\/11\/1761963554_726_hqdefault.jpg\" alt=\"Video Stranger Things 5 | Official Trailer | Netflix\"\/><\/p>\n<p class=\"paragraph inline-placeholder vossi-paragraph\" data-uri=\"es.cms.cnn.com\/_components\/paragraph\/instances\/cmhel9cbe000e356natj4ha5h@published\" data-editable=\"text\" data-component-name=\"paragraph\" data-article-gutter=\"true\">\n            En la temporada 5, es el oto\u00f1o de 1987, el pueblo ha sido puesto en cuarentena por las fuerzas armadas y todo se ha vuelto del Rev\u00e9s. La canci\u00f3n de Queen \u201cWho Wants to Live Forever\u201d acompa\u00f1a el drama en el tr\u00e1iler.\n    <\/p>\n<p class=\"paragraph inline-placeholder vossi-paragraph\" data-uri=\"es.cms.cnn.com\/_components\/paragraph\/instances\/cmhelbny2000o356nr6ncuplz@published\" data-editable=\"text\" data-component-name=\"paragraph\" data-article-gutter=\"true\">\n            \u201cCreo que lo \u00fanico de esta temporada es que comienza un poco en el caos porque nuestros h\u00e9roes finalmente perdieron al final de la temporada 4\u201d, dijo el cocreador de la serie Ross Duffer <a href=\"https:\/\/archive.ph\/o\/LBE46\/https:\/\/www.netflix.com\/tudum\/articles\/stranger-things-season-5-trailer\" target=\"_blank\" rel=\"nofollow noopener\">a Tudum<\/a>. \u201cNormalmente mostramos c\u00f3mo es su vida cotidiana y c\u00f3mo van a la escuela, y luego introducimos el elemento sobrenatural. Pero en este caso, esta temporada arranca a toda velocidad desde el principio\u201d.\n    <\/p>\n<p class=\"paragraph inline-placeholder vossi-paragraph\" data-uri=\"es.cms.cnn.com\/_components\/paragraph\/instances\/cmhelb6w0000m356nbdfa65go@published\" data-editable=\"text\" data-component-name=\"paragraph\" data-article-gutter=\"true\">\n            La \u00faltima temporada de \u201cStranger Things\u201d se estren\u00f3 en 2022.\n    <\/p>\n<p class=\"paragraph inline-placeholder vossi-paragraph\" data-uri=\"es.cms.cnn.com\/_components\/paragraph\/instances\/cmhelce68000t356nuz1ppkyg@published\" data-editable=\"text\" data-component-name=\"paragraph\" data-article-gutter=\"true\">\n            El Volumen 1 de la temporada 5 de \u201cStranger Things\u201d estar\u00e1 disponible en streaming a partir del 26 de noviembre, y los vol\u00famenes siguientes llegar\u00e1n alrededor de Navidad y A\u00f1o Nuevo.\n    <\/p>\n<p class=\"paragraph inline-placeholder vossi-paragraph\" data-uri=\"es.cms.cnn.com\/_components\/paragraph\/instances\/cmhelchtw000v356nu4tcvmx5@published\" data-editable=\"text\" data-component-name=\"paragraph\" data-article-gutter=\"true\">\n            \u201cScream 7\u201d llegar\u00e1 a los cines el 27 de febrero de 2026.\n    <\/p>\n","protected":false},"excerpt":{"rendered":"CNN \u00a0\u2014\u00a0 Un par de tr\u00e1ilers se lanzaron el jueves que seguramente har\u00e1n felices a dos grupos de&hellip;\n","protected":false},"author":2,"featured_media":211860,"comment_status":"","ping_status":"","sticky":false,"template":"","format":"standard","meta":{"footnotes":""},"categories":[169],"tags":[177,146,147,25,24,176,45315,175,753,57226,25896,23,57225,183],"class_list":{"0":"post-211859","1":"post","2":"type-post","3":"status-publish","4":"format-standard","5":"has-post-thumbnail","7":"category-cine","8":"tag-cine","9":"tag-entertainment","10":"tag-entretenimiento","11":"tag-es","12":"tag-espana","13":"tag-film","14":"tag-halloween","15":"tag-movies","16":"tag-peliculas","17":"tag-scream-7","18":"tag-series-de-tv","19":"tag-spain","20":"tag-stranger-things","21":"tag-trailer"},"share_on_mastodon":{"url":"https:\/\/pubeurope.com\/@es\/115472050729075907","error":""},"_links":{"self":[{"href":"https:\/\/www.europesays.com\/es\/wp-json\/wp\/v2\/posts\/211859","targetHints":{"allow":["GET"]}}],"collection":[{"href":"https:\/\/www.europesays.com\/es\/wp-json\/wp\/v2\/posts"}],"about":[{"href":"https:\/\/www.europesays.com\/es\/wp-json\/wp\/v2\/types\/post"}],"author":[{"embeddable":true,"href":"https:\/\/www.europesays.com\/es\/wp-json\/wp\/v2\/users\/2"}],"replies":[{"embeddable":true,"href":"https:\/\/www.europesays.com\/es\/wp-json\/wp\/v2\/comments?post=211859"}],"version-history":[{"count":0,"href":"https:\/\/www.europesays.com\/es\/wp-json\/wp\/v2\/posts\/211859\/revisions"}],"wp:featuredmedia":[{"embeddable":true,"href":"https:\/\/www.europesays.com\/es\/wp-json\/wp\/v2\/media\/211860"}],"wp:attachment":[{"href":"https:\/\/www.europesays.com\/es\/wp-json\/wp\/v2\/media?parent=211859"}],"wp:term":[{"taxonomy":"category","embeddable":true,"href":"https:\/\/www.europesays.com\/es\/wp-json\/wp\/v2\/categories?post=211859"},{"taxonomy":"post_tag","embeddable":true,"href":"https:\/\/www.europesays.com\/es\/wp-json\/wp\/v2\/tags?post=211859"}],"curies":[{"name":"wp","href":"https:\/\/api.w.org\/{rel}","templated":true}]}}