{"id":211901,"date":"2025-11-01T03:00:10","date_gmt":"2025-11-01T03:00:10","guid":{"rendered":"https:\/\/www.europesays.com\/es\/211901\/"},"modified":"2025-11-01T03:00:10","modified_gmt":"2025-11-01T03:00:10","slug":"el-actor-jesse-eisenberg-donara-uno-de-sus-rinones-a-un-desconocido-2","status":"publish","type":"post","link":"https:\/\/www.europesays.com\/es\/211901\/","title":{"rendered":"El actor Jesse Eisenberg donar\u00e1 uno de sus ri\u00f1ones a un desconocido"},"content":{"rendered":"<p class=\"v-mdl-ath__p v-mdl-ath__p--6\">\nViernes, 31 de octubre 2025, 20:16<\/p>\n<p class=\"v-p\">El protagonista de pel\u00edculas como &#8216;La red social&#8217;, Jesse Eisenberg, participaba en un programa de entretenimiento de la cadena Today, como parte de la promoci\u00f3n de la pel\u00edcula &#8216;Ahora me ves, ahora no&#8217;. Era el invitado especial y uno de los moderadores le dijo: \u00abNo sab\u00eda que eras un gran donante de sangre\u00bb, a lo que el actor de 42 a\u00f1os, le respondi\u00f3 con los brazos cruzados: \u00abS\u00ed, lo soy, soy un donante. Y voy a donar mi ri\u00f1\u00f3n en seis semanas\u00bb. \u00abEso es realmente incre\u00edble\u00bb, le dijo otro de los conductores, mientras el resto mostr\u00f3 su estupefacci\u00f3n. \u00ab\u00bfQu\u00e9?\u00bb, exclam\u00f3 uno. Eisenberg asinti\u00f3. \u00abNo s\u00e9 por qu\u00e9. Debe ser que me pic\u00f3 el gusanillo de la donaci\u00f3n altruista\u00bb. \u00abPero una cosa es la donaci\u00f3n de sangre y otra, un ri\u00f1\u00f3n, es un gran salto\u00bb, le insistieron. \u00abEstoy haciendo una donaci\u00f3n altruista, estoy muy emocionado\u00bb, repiti\u00f3 el int\u00e9rprete, que ya fue nominado a un Oscar. \u00abLo har\u00e9 y no s\u00e9 por qu\u00e9\u00bb. <\/p>\n<p class=\"v-p\">Nacido en 1983, en sus inicios actu\u00f3 en pel\u00edculas como &#8216;El club del emperador&#8217; (2002), &#8216;El bosque&#8217; (2004), &#8216;The Squid and the Whale&#8217; (2005), &#8216;The Living Wake&#8217; (2007), &#8216;La educaci\u00f3n de Charlie Banks&#8217; (2007), &#8216;Zombiland&#8217; y &#8216;Adventureland&#8217; (2009), mostrando registros de comedia y drama. <\/p>\n<p class=\"v-p\">La fama, sin embargo, le lleg\u00f3 al interpretar a Mark Zuckenberg, en &#8216;La red social&#8217;, una historia sobre la creaci\u00f3n de Facebook y su due\u00f1o, que no qued\u00f3 muy satisfecho con su retrato en la gran pantalla. Ese papel le dio a Eisenberg la oportunidad de optar por premios de prestigio como los Globo de Oro o el Gran Premio del Jurado del Festival de Cine de Sundance.<\/p>\n<p class=\"v-p\">En su espont\u00e1nea confesi\u00f3n de que donar\u00eda uno de sus ri\u00f1ones dentro de poco tiempo a alguien que no conoce, solo por la satisfacci\u00f3n de ayudar a alguien con quien es compatible, Eisenberg dijo que la intervenci\u00f3n ser\u00eda a mediados de diciembre.<\/p>\n<p>Cuesti\u00f3n de voluntad<\/p>\n<p class=\"v-p\">Despu\u00e9s del impacto de su comentario, sobre el que no dio mayores detalles, los medios de comunicaci\u00f3n norteamericanos quisieron profundizar en su declaraci\u00f3n, y \u00e9l confirm\u00f3 que donar\u00eda un ri\u00f1\u00f3n a un desconocido. \u00abPr\u00e1cticamente no tiene riesgo\u00bb, mantuvo en una segunda entrevista, seg\u00fan recogen medios locales. \u00abHacerlo es muy necesario. Creo que cualquiera se puede dar cuenta de que la donaci\u00f3n es una decisi\u00f3n coherente, si tienes tiempo y voluntad\u00bb.<\/p>\n<p class=\"v-p\">El actor dijo tambi\u00e9n que ese impulso de dar su ri\u00f1\u00f3n para mejorar la calidad de vida de un paciente, y quiz\u00e1s incluso salvarle la vida, ya lo hab\u00eda sentido hac\u00eda una d\u00e9cada, pero en esa ocasi\u00f3n su deseo no se hab\u00eda materializado.<\/p>\n<p>Reporta un error<\/p>\n","protected":false},"excerpt":{"rendered":"Viernes, 31 de octubre 2025, 20:16 El protagonista de pel\u00edculas como &#8216;La red social&#8217;, Jesse Eisenberg, participaba en&hellip;\n","protected":false},"author":2,"featured_media":211494,"comment_status":"","ping_status":"","sticky":false,"template":"","format":"standard","meta":{"footnotes":""},"categories":[174],"tags":[1339,255,9867,57161,57160,146,147,25,24,256,44640,57162,23],"class_list":{"0":"post-211901","1":"post","2":"type-post","3":"status-publish","4":"format-standard","5":"has-post-thumbnail","7":"category-famosos","8":"tag-actor","9":"tag-celebrities","10":"tag-desconocido","11":"tag-donara","12":"tag-eisenberg","13":"tag-entertainment","14":"tag-entretenimiento","15":"tag-es","16":"tag-espana","17":"tag-famosos","18":"tag-jesse","19":"tag-rinones","20":"tag-spain"},"share_on_mastodon":{"url":"https:\/\/pubeurope.com\/@es\/115472211887960334","error":""},"_links":{"self":[{"href":"https:\/\/www.europesays.com\/es\/wp-json\/wp\/v2\/posts\/211901","targetHints":{"allow":["GET"]}}],"collection":[{"href":"https:\/\/www.europesays.com\/es\/wp-json\/wp\/v2\/posts"}],"about":[{"href":"https:\/\/www.europesays.com\/es\/wp-json\/wp\/v2\/types\/post"}],"author":[{"embeddable":true,"href":"https:\/\/www.europesays.com\/es\/wp-json\/wp\/v2\/users\/2"}],"replies":[{"embeddable":true,"href":"https:\/\/www.europesays.com\/es\/wp-json\/wp\/v2\/comments?post=211901"}],"version-history":[{"count":0,"href":"https:\/\/www.europesays.com\/es\/wp-json\/wp\/v2\/posts\/211901\/revisions"}],"wp:featuredmedia":[{"embeddable":true,"href":"https:\/\/www.europesays.com\/es\/wp-json\/wp\/v2\/media\/211494"}],"wp:attachment":[{"href":"https:\/\/www.europesays.com\/es\/wp-json\/wp\/v2\/media?parent=211901"}],"wp:term":[{"taxonomy":"category","embeddable":true,"href":"https:\/\/www.europesays.com\/es\/wp-json\/wp\/v2\/categories?post=211901"},{"taxonomy":"post_tag","embeddable":true,"href":"https:\/\/www.europesays.com\/es\/wp-json\/wp\/v2\/tags?post=211901"}],"curies":[{"name":"wp","href":"https:\/\/api.w.org\/{rel}","templated":true}]}}