{"id":211910,"date":"2025-11-01T03:08:32","date_gmt":"2025-11-01T03:08:32","guid":{"rendered":"https:\/\/www.europesays.com\/es\/211910\/"},"modified":"2025-11-01T03:08:32","modified_gmt":"2025-11-01T03:08:32","slug":"tras-los-pasos-de-can-yaman-en-espana-lucha-canaria-su-nueva-pasion-por-las-pipas-espanolas-y-la-compania-de-su-novia-una-dj-italiana-a-la-que-conocio-en-roma","status":"publish","type":"post","link":"https:\/\/www.europesays.com\/es\/211910\/","title":{"rendered":"Tras los pasos de Can Yaman en Espa\u00f1a: lucha canaria, su nueva pasi\u00f3n por las pipas espa\u00f1olas y la compa\u00f1\u00eda de su novia, una dj italiana a la que conoci\u00f3 en Roma"},"content":{"rendered":"<p>En la isla canaria, el protagonista de <strong>Sandokan<\/strong> (que habla turco, italiano, alem\u00e1n, ingl\u00e9s y espa\u00f1ol) ha aterrizado acompa\u00f1ado por su novia, <strong>la dj italiana Sara Bluma,<\/strong> con la que se instalado en la capital teniendo como base un lujoso hotel del barrio Salamanca de Madrid. Nada m\u00e1s llegar a Tenerife, Can Yaman ha sido recibido con honores por Rosa D\u00e1vila, presidenta del Cabildo, que se quiso dar la bienvenida a las islas en el Palacio Insular y destac\u00f3 el orgullo que sent\u00eda al ver como Tenerife acoge un proyecto de tal magnitud.<\/p>\n<p>Tras esa visita protocolaria, el protagonista de Violeta como el mar ha sacado tiempo para disfrutar de algunas de sus aficiones. Hace unos d\u00edas, Yaman era invitado al encuentro de lucha canaria celebrado en <strong>Valle de Guerra<\/strong>\u2063, un espect\u00e1culo deportivo tradicional de las islas, donde dos equipos de luchadores se enfrentan en un c\u00edrculo de arena. El partido enfrentaba al Club de Lucha Rosario Valle de Guerra con el Club de Lucha Victoria en el <strong>Terrero Jos\u00e9 Guti\u00e9rrez Chaval I<\/strong> y el actor turco se lo pas\u00f3 en grande vi\u00e9ndolo desde la grada. Tras el encuentro, no dud\u00f3 en hacerse fotos con todo el que se lo ped\u00eda.<\/p>\n<p>Junto a su novia, el actor comparti\u00f3 divertido en sus redes que le encantan las pipas espa\u00f1olas y la pareja disfrut\u00f3 adem\u00e1s paseando por algunos peque\u00f1os municipios de la isla canaria como dos turistas m\u00e1s. Ya en su hotel, donde pasar\u00e1n algunas semanas, Yaman y Bluma no pasaron por alto su sesi\u00f3n diaria de entrenamiento y juntos estuvieron entrenando en el gimnasio de su alojamiento. <strong>\u201cDale ca\u00f1a\u201d,<\/strong> escrib\u00eda el actor en perfecto espa\u00f1ol en su perfil de Instagram junto a un v\u00eddeo ejercitando su cuerpo.<\/p>\n<p>Un amor que surgi\u00f3 en Roma<\/p>\n<p>Can Yaman y Sara Bluma, cuyo verdadero nombre es <strong>Sara Chichani<\/strong>, llevan juntos tan solo unos meses. Fue en junio de este a\u00f1o cuando el actor turco confirm\u00f3 su romance asistiendo junto a Sara al Festival Global Series, que se celebr\u00f3 en\u00a0Riccione, en la provincia de italiana de R\u00edmini y donde present\u00f3 su nueva serie Sandokan. Bluma tiene 29 a\u00f1os y es dj y productora musical.De origen argelino, comenz\u00f3 su carrera pinchando en discotecas de electr\u00f3nica en\u00a0<strong>Ibiza<\/strong> y poco a poco se fue haciendo un hueco en la escena musical europea llegando a pinchar en grandes templos de la m\u00fasica electr\u00f3nica en Berl\u00edn o Par\u00eds. Ha lanzado algunos proyectos, como\u00a0Boudoir,\u00a0un formato innovador que combina m\u00fasica electr\u00f3nica, burlesque y cabaret, dirigido a un p\u00fablico adulto. En 2022 sac\u00f3 su primer \u00e1lbum,\u00a0Teenage Dream.<\/p>\n<p>Seg\u00fan desvel\u00f3 hace un tiempo el periodista turco Onur Akay, la dj habr\u00eda estado con casada con <strong>Stefano Papa, con el que tiene un hijo.<\/strong> Antes de que comenzara el verano y de esa primera aparici\u00f3n oficial de la pareja, Can y Sara fueron fotografiados en actitud cari\u00f1osa en el\u00a0<strong>Shati Beach Club,<\/strong> en Castel Volturno, una localidad cercana a N\u00e1poles. Seg\u00fan Torino Cronaca y otros medios italianos, fue en una de las veladas Boudoir en Roma donde el actor y la dj habr\u00edan tenido su primer encuentro profesional y donde podr\u00eda haber surgido la chispa entre ellos.<\/p>\n","protected":false},"excerpt":{"rendered":"En la isla canaria, el protagonista de Sandokan (que habla turco, italiano, alem\u00e1n, ingl\u00e9s y espa\u00f1ol) ha aterrizado&hellip;\n","protected":false},"author":2,"featured_media":211911,"comment_status":"","ping_status":"","sticky":false,"template":"","format":"standard","meta":{"footnotes":""},"categories":[91],"tags":[28494,146,147,25,24,805,23],"class_list":{"0":"post-211910","1":"post","2":"type-post","3":"status-publish","4":"format-standard","5":"has-post-thumbnail","7":"category-entretenimiento","8":"tag-cine-y-tv","9":"tag-entertainment","10":"tag-entretenimiento","11":"tag-es","12":"tag-espana","13":"tag-series","14":"tag-spain"},"share_on_mastodon":{"url":"https:\/\/pubeurope.com\/@es\/115472243318640113","error":""},"_links":{"self":[{"href":"https:\/\/www.europesays.com\/es\/wp-json\/wp\/v2\/posts\/211910","targetHints":{"allow":["GET"]}}],"collection":[{"href":"https:\/\/www.europesays.com\/es\/wp-json\/wp\/v2\/posts"}],"about":[{"href":"https:\/\/www.europesays.com\/es\/wp-json\/wp\/v2\/types\/post"}],"author":[{"embeddable":true,"href":"https:\/\/www.europesays.com\/es\/wp-json\/wp\/v2\/users\/2"}],"replies":[{"embeddable":true,"href":"https:\/\/www.europesays.com\/es\/wp-json\/wp\/v2\/comments?post=211910"}],"version-history":[{"count":0,"href":"https:\/\/www.europesays.com\/es\/wp-json\/wp\/v2\/posts\/211910\/revisions"}],"wp:featuredmedia":[{"embeddable":true,"href":"https:\/\/www.europesays.com\/es\/wp-json\/wp\/v2\/media\/211911"}],"wp:attachment":[{"href":"https:\/\/www.europesays.com\/es\/wp-json\/wp\/v2\/media?parent=211910"}],"wp:term":[{"taxonomy":"category","embeddable":true,"href":"https:\/\/www.europesays.com\/es\/wp-json\/wp\/v2\/categories?post=211910"},{"taxonomy":"post_tag","embeddable":true,"href":"https:\/\/www.europesays.com\/es\/wp-json\/wp\/v2\/tags?post=211910"}],"curies":[{"name":"wp","href":"https:\/\/api.w.org\/{rel}","templated":true}]}}