{"id":211912,"date":"2025-11-01T03:10:19","date_gmt":"2025-11-01T03:10:19","guid":{"rendered":"https:\/\/www.europesays.com\/es\/211912\/"},"modified":"2025-11-01T03:10:19","modified_gmt":"2025-11-01T03:10:19","slug":"estos-son-los-7-finalistas","status":"publish","type":"post","link":"https:\/\/www.europesays.com\/es\/211912\/","title":{"rendered":"estos son los 7 finalistas"},"content":{"rendered":"<p>Ha llegado el momento clave para las marcas, ya tenemos a los siete finalistas de los 35 seleccionados que luchar\u00e1n por alzarse con el t\u00edtulo de coche del a\u00f1o en Europa. Este galard\u00f3n que este a\u00f1o contar\u00e1 con modelos que van desde berlinas a compactos, pasando por SUV y el\u00e9ctricos, se decide por un jurado de 60 periodistas de motor de 23 pa\u00edses europeos diferentes.<\/p>\n<p><b>Pinchando en los nombres de los modelos, puedes leer la prueba completa de cada uno<\/b>.<\/p>\n<p>                            <img decoding=\"async\" src=\"https:\/\/www.europesays.com\/es\/wp-content\/uploads\/2025\/11\/770x_1200x655_CL25010003.jpg\" loading=\"lazy\"\/><\/p>\n<p>Como os cont\u00e1bamos en agosto,<b> el C5 Aircross se ha ganado a pulso estar en esta lucha<\/b>. Con un objetivo, el de democratizar el devolver la l\u00f3gica y la emoci\u00f3n al segmento C, este modelo con un gran dise\u00f1o y confort, es uno de los siete aspirantes al t\u00edtulo.<\/p>\n<p>                            <img decoding=\"async\" src=\"https:\/\/www.europesays.com\/es\/wp-content\/uploads\/2025\/11\/770x_1200x655_Bigster-Journey-077.jpg\" loading=\"lazy\"\/><\/p>\n<p><b>Todos aquellos que lo han probado lo aclaman<\/b>, su gran presencia comodidad y acabados que muchos clasifican como de marcas superiores, han hecho que por petici\u00f3n popular, este gran SUV se posicione como uno de los favoritos al t\u00edtulo, ya no por sus cualidades, si no por<b> la sorpresa que ha causado en el mercado y lo que ofrece un modelo que por menos de 30 mil euros<\/b> tiene poco que envidiar a Suvs de otras marcas.<\/p>\n<p>                            <img decoding=\"async\" src=\"https:\/\/www.europesays.com\/es\/wp-content\/uploads\/2025\/11\/770x_1200x655_fiat_grande_panda_2025_241.jpg\" loading=\"lazy\"\/><\/p>\n<p>El icono de los 80 ha seguido la estela de modelos como los Renault 4 y 5 y <b>ha resurgido en un nuevo formato<\/b>, con motorizaciones 100&amp; el\u00e9ctrica y microh\u00edbrida, este compacto que conserva la esencia del modelo cl\u00e1sico, <b>podr\u00eda repetir el asalto al trono que hizo el Renault 5 el a\u00f1o pasado cosnsagrando el t\u00edtulo de coche del a\u00f1o<\/b>, al sumar ese componente emocional que no tienen otros finalistas.<\/p>\n<p>                            <img decoding=\"async\" src=\"https:\/\/www.europesays.com\/es\/wp-content\/uploads\/2025\/11\/770x_1200x655_kia-ev4-fastback-gt-line-shale-gray-dynamic-hires-003.jpg\" loading=\"lazy\"\/><\/p>\n<p>En un a\u00f1o donde la electrificaci\u00f3n ha liderado el mercado,<b> ha llegado Kia con el inesperado \u00e9xito de su EV3<\/b> (m\u00e1s que justificado tras haberlo probado y enamorarse de su conducci\u00f3n y dise\u00f1o, lo que hace que sorprenda su exclusi\u00f3n entre los finalistas) y <b>su berlina EV4 que probamos hace apenas un mes (homologa m\u00e1s de 600 kil\u00f3metros reales)<\/b> y se posiciona como uno de los modelos que m\u00e1s destaca sobre el resto gracias a sus grandes atributos.<\/p>\n<p>                            <img decoding=\"async\" src=\"https:\/\/www.europesays.com\/es\/wp-content\/uploads\/2025\/11\/770x_1200x655_image00004.jpeg\" loading=\"lazy\"\/><\/p>\n<p>La berlina de Mercedes s<b>e ha adaptado a las necesidades del mercado<\/b> para montar motorizaciones \u00fanicamente el\u00e9ctricas, sin embargo, al <b>mantener todo lo bueno que la caracterizaba y sumar el confort de la conducci\u00f3n el\u00e9ctrica<\/b>, ha logrado situarse entre los 7 favoritos al puesto de coche del a\u00f1o en Europa.<\/p>\n<p>                            <img decoding=\"async\" src=\"https:\/\/www.europesays.com\/es\/wp-content\/uploads\/2025\/11\/770x_RENAULT-4_CONT_01.jpg\" loading=\"lazy\"\/><\/p>\n<p>Teniendo en cuenta el <b>componente emocional que ya encontr\u00e1bamos en el Renault 5,<\/b> este compacto el\u00e9ctrico disponible en <b>motorizaciones de 120 o 150 caballos<\/b>, as\u00ed como <b>autonom\u00eda de 308 o 409 kil\u00f3metros<\/b>, lo tiene todo para convertirse en la soluci\u00f3n ideal para el d\u00eda a d\u00eda en las ciudades: desplazamientos a bajo coste sin prescindir de un gran espacio interior as\u00ed como una comodidad top.<\/p>\n<p>                            <img decoding=\"async\" src=\"https:\/\/www.europesays.com\/es\/wp-content\/uploads\/2025\/11\/770x_54_skoda_elroq_73f4f604.jpg\" loading=\"lazy\"\/><\/p>\n<p>El SUV el\u00e9ctrico compacto de Skoda ha logrado posicionarse entre los favoritos, algo normal viniendo del<b> segmento con m\u00e1s reclamo del mercado actualmente, as\u00ed como por su motorizaci\u00f3n 100% el\u00e9ctrica<\/b>, a lo que se suma <b>una gran habitabilidad interior, un dise\u00f1o renovado y robusto con est\u00e9tica premium <\/b>basado en el Modern Solid de la marca, as\u00ed como una conducci\u00f3n suave y silenciosa ideal para el d\u00eda a d\u00eda o largos viajes en familia o con amigos gracias tambi\u00e9n a su espacio de maletero.<\/p>\n<p>\u00bfY vosotros? Viendo los siete modelos de entre los que saldr\u00e1 el campe\u00f3n \u00bfech\u00e1is en falta alg\u00fan modelo? \u00bfCre\u00e9is que alguna marca de las presentes deber\u00eda tener otro modelo como el favorito como podr\u00eda ser Kia con su EV3? En nuestro caso <b>echamos en falta modelos <\/b>que hemos probado y que perfectamente podr\u00edan hacerse con el t\u00edtulo <b>como el <\/b><a href=\"https:\/\/www.eleconomista.es\/motor\/noticias\/13410438\/06\/25\/hemos-probado-el-nuevo-audi-a5-ehybrid\u2026-y-ya-tenemos-candidato-a-coche-del-ano.html\" title=\"Hemos probado el nuevo Audi A5 e-hybrid\u2026 y ya tenemos candidato a coche del a\u00f1o\" rel=\"nofollow noopener\" target=\"_blank\">Audi A5 e-hybrid<\/a><b> o el <\/b><a href=\"https:\/\/www.eleconomista.es\/motor\/noticias\/13497334\/08\/25\/probamos-el-cupra-tavascan-un-suv-electrico-muy-familiar.html\" title=\"Probamos el Cupra Tavascan, un SUV el\u00e9ctrico muy familiar\" rel=\"nofollow noopener\" target=\"_blank\">Cupra Tavascan<\/a> entre otros.<\/p>\n<p>WhatsApp<a href=\"https:\/\/api.whatsapp.com\/send?text=https:\/\/www.eleconomista.es\/motor\/noticias\/13621367\/10\/25\/es-oficial-ya-tenemos-los-candidatos-a-coche-del-ano-2026-estos-son-los-7-finalistas.html?utm_source%3Dwhatsapp%26utm_medium%3Dshare_button&amp;id=1648118629957_whatsapp\" target=\"_blank\" data-action=\"share\/whatsapp\/share\" aria-label=\"Compartir en Whatsapp\" rel=\"nofollow noopener\"><\/a>Facebook<a id=\"fb-share\" href=\"#\" target=\"_blank\" rel=\"noopener noreferrer\" aria-label=\"Compartir en Facebook\"><\/a>Twitter<a href=\"https:\/\/twitter.com\/share?text=Es+oficial%2C+ya+tenemos+los+candidatos+a+coche+del+a%C3%B1o+2026%3A+estos+son+los+7+finalistas&amp;url=https:\/\/www.eleconomista.es\/motor\/noticias\/13621367\/10\/25\/es-oficial-ya-tenemos-los-candidatos-a-coche-del-ano-2026-estos-son-los-7-finalistas.html&amp;via=elEconomistaes&amp;id=1648118839245_twitter\" target=\"_blank\" aria-label=\"Compartir en Twitter\" rel=\"nofollow noopener\"><\/a>Linkedin<a href=\"https:\/\/linkedin.com\/share?text=https:\/\/www.eleconomista.es\/motor\/noticias\/13621367\/10\/25\/es-oficial-ya-tenemos-los-candidatos-a-coche-del-ano-2026-estos-son-los-7-finalistas.html&amp;via=elEconomistaes\" target=\"_blank\" aria-label=\"Compartir en linkedin\" rel=\"nofollow noopener\"><\/a>Beloud<a href=\"https:\/\/beloud.com\/share?text=Es+oficial%2C+ya+tenemos+los+candidatos+a+coche+del+a%C3%B1o+2026%3A+estos+son+los+7+finalistas&amp;url=https:\/\/www.eleconomista.es\/motor\/noticias\/13621367\/10\/25\/es-oficial-ya-tenemos-los-candidatos-a-coche-del-ano-2026-estos-son-los-7-finalistas.html&amp;via=elEconomistaes&amp;id=1648118839245_beloud\" target=\"_blank\" aria-label=\"Compartir en beloud\" rel=\"nofollow noopener\"><\/a>Bluesky<a href=\"https:\/\/bsky.app\/intent\/compose?text=https:\/\/bsky.app\/intent\/compose?text=https:\/\/www.eleconomista.es\/motor\/noticias\/13621367\/10\/25\/es-oficial-ya-tenemos-los-candidatos-a-coche-del-ano-2026-estos-son-los-7-finalistas.html&amp;url=https:\/\/www.eleconomista.es\/motor\/noticias\/13621367\/10\/25\/es-oficial-ya-tenemos-los-candidatos-a-coche-del-ano-2026-estos-son-los-7-finalistas.html&amp;via=elEconomistaes&amp;id=1648118839245_bluesky\" target=\"_blank\" aria-label=\"Compartir en bluesky\" rel=\"nofollow noopener\"><\/a><\/p>\n<p><script async src=\"https:\/\/platform.twitter.com\/widgets.js\" charset=\"utf-8\"><\/script><\/p>\n","protected":false},"excerpt":{"rendered":"Ha llegado el momento clave para las marcas, ya tenemos a los siete finalistas de los 35 seleccionados&hellip;\n","protected":false},"author":2,"featured_media":211913,"comment_status":"","ping_status":"","sticky":false,"template":"","format":"standard","meta":{"footnotes":""},"categories":[80],"tags":[82,95,94,25,24,2362,23],"class_list":{"0":"post-211912","1":"post","2":"type-post","3":"status-publish","4":"format-standard","5":"has-post-thumbnail","7":"category-economia","8":"tag-business","9":"tag-economia","10":"tag-economy","11":"tag-es","12":"tag-espana","13":"tag-motor","14":"tag-spain"},"share_on_mastodon":{"url":"https:\/\/pubeurope.com\/@es\/115472251816584164","error":""},"_links":{"self":[{"href":"https:\/\/www.europesays.com\/es\/wp-json\/wp\/v2\/posts\/211912","targetHints":{"allow":["GET"]}}],"collection":[{"href":"https:\/\/www.europesays.com\/es\/wp-json\/wp\/v2\/posts"}],"about":[{"href":"https:\/\/www.europesays.com\/es\/wp-json\/wp\/v2\/types\/post"}],"author":[{"embeddable":true,"href":"https:\/\/www.europesays.com\/es\/wp-json\/wp\/v2\/users\/2"}],"replies":[{"embeddable":true,"href":"https:\/\/www.europesays.com\/es\/wp-json\/wp\/v2\/comments?post=211912"}],"version-history":[{"count":0,"href":"https:\/\/www.europesays.com\/es\/wp-json\/wp\/v2\/posts\/211912\/revisions"}],"wp:featuredmedia":[{"embeddable":true,"href":"https:\/\/www.europesays.com\/es\/wp-json\/wp\/v2\/media\/211913"}],"wp:attachment":[{"href":"https:\/\/www.europesays.com\/es\/wp-json\/wp\/v2\/media?parent=211912"}],"wp:term":[{"taxonomy":"category","embeddable":true,"href":"https:\/\/www.europesays.com\/es\/wp-json\/wp\/v2\/categories?post=211912"},{"taxonomy":"post_tag","embeddable":true,"href":"https:\/\/www.europesays.com\/es\/wp-json\/wp\/v2\/tags?post=211912"}],"curies":[{"name":"wp","href":"https:\/\/api.w.org\/{rel}","templated":true}]}}