{"id":211914,"date":"2025-11-01T03:11:08","date_gmt":"2025-11-01T03:11:08","guid":{"rendered":"https:\/\/www.europesays.com\/es\/211914\/"},"modified":"2025-11-01T03:11:08","modified_gmt":"2025-11-01T03:11:08","slug":"la-remodelacion-de-la-casa-blanca-de-trump-continua-con-el-bano-lincoln","status":"publish","type":"post","link":"https:\/\/www.europesays.com\/es\/211914\/","title":{"rendered":"La remodelaci\u00f3n de la Casa Blanca de Trump contin\u00faa con el Ba\u00f1o Lincoln"},"content":{"rendered":"<p>    <img src=\"https:\/\/www.europesays.com\/es\/wp-content\/uploads\/2025\/11\/2025-11-01T023A063A21Z-90261694.jpg\" width=\"1024\" height=\"683\" alt=\"\" loading=\"eager\" decoding=\"sync\" fetchpriority=\"high\"\/><\/p>\n<p>            afp_tickers        <\/p>\n<p>        Este contenido fue publicado en    <\/p>\n<p>        01 noviembre 2025 &#8211; 03:06\n<\/p>\n<p>Demoler el Ala Este de la Casa Blanca parece que no fue suficiente para Donald Trump: el presidente estadounidense present\u00f3 el viernes el Ba\u00f1o Lincoln renovado con m\u00e1rmol y oro, otro cambio en la hist\u00f3rica residencia.<\/p>\n<p>La versi\u00f3n anterior, de unos 80 a\u00f1os de antig\u00fcedad, ten\u00eda azulejos verde p\u00e1lido y luces fluorescentes, seg\u00fan una fotograf\u00eda publicada por Trump en su red social Truth Social.\u00a0<\/p>\n<p>Pero ahora cuenta con grifer\u00eda y espejos dorados, adem\u00e1s de lujosas paredes de m\u00e1rmol blanco y gris, como revel\u00f3 Trump en m\u00e1s de una veintena de fotos publicadas.<\/p>\n<p>\u00abRenov\u00e9 el Ba\u00f1o Lincoln de la Casa Blanca. Fue remodelado en la d\u00e9cada de 1940 con azulejos verdes de estilo art d\u00e9co, lo cual era totalmente inapropiado para la \u00e9poca de Lincoln\u00bb, escribi\u00f3 Trump en Truth Social.\u00a0<\/p>\n<p>\u00abLo hice con m\u00e1rmol estatuario pulido en blanco y negro. Esto era muy apropiado para la \u00e9poca de Abraham Lincoln y, de hecho, podr\u00eda ser el m\u00e1rmol original\u00bb, agreg\u00f3.<\/p>\n<p>Esto ocurre pocos d\u00edas despu\u00e9s de que Trump generara controversia al demoler toda el Ala Este de la Casa Blanca en octubre para construir un nuevo y gigantesco sal\u00f3n de baile de 300 millones de d\u00f3lares. La renovaci\u00f3n del ba\u00f1o, sin embargo, es la primera gran obra realizada en la residencia presidencial.\u00a0<\/p>\n<p>El Ba\u00f1o Lincoln se encuentra cerca del Dormitorio Lincoln, una habitaci\u00f3n ornamentada en el segundo piso de la mansi\u00f3n donde reside el presidente de Estados Unidos.\u00a0<\/p>\n<p>El Dormitorio Lincoln sol\u00eda ser la oficina y sala de gabinete del difunto presidente, y fue rebautizado en 1945 cuando el presidente Harry Truman orden\u00f3 que se colocaran all\u00ed muebles de la \u00e9poca de Lincoln, seg\u00fan la Asociaci\u00f3n Hist\u00f3rica de la Casa Blanca.\u00a0<\/p>\n<p>El magnate de Tesla y SpaceX, Elon Musk, afirm\u00f3 haber dormido en el Dormitorio Lincoln en varias ocasiones por invitaci\u00f3n de Trump cuando dirig\u00eda el Departamento de Eficiencia Gubernamental, encargado de reducir costos.\u00a0<\/p>\n<p>Trump, un multimillonario promotor inmobiliario de 79 a\u00f1os, se ha embarcado con entusiasmo en una serie de proyectos de renovaci\u00f3n y construcci\u00f3n desde su regreso al poder, que muchos cr\u00edticos han tachado de mal gusto.\u00a0<\/p>\n<p>El mandatario llen\u00f3 el Despacho Oval de decoraci\u00f3n dorada, cambi\u00f3 el c\u00e9sped del Jard\u00edn de las Rosas por un patio pavimentado y coloc\u00f3 dos enormes m\u00e1stiles en los jardines norte y sur de la Casa Blanca.<\/p>\n<p>dk\/sst\/ad\/cr<\/p>\n","protected":false},"excerpt":{"rendered":"afp_tickers Este contenido fue publicado en 01 noviembre 2025 &#8211; 03:06 Demoler el Ala Este de la Casa&hellip;\n","protected":false},"author":2,"featured_media":211915,"comment_status":"","ping_status":"","sticky":false,"template":"","format":"standard","meta":{"footnotes":""},"categories":[42],"tags":[57234,17,18,5797,13,14,11,24455,53916,61,62,63,64,19,20,9,10,15,16,88,20122,53917,90,12,21,22,65,66,67],"class_list":{"0":"post-211914","1":"post","2":"type-post","3":"status-publish","4":"format-standard","5":"has-post-thumbnail","7":"category-internacional","8":"tag-archaeology","9":"tag-breaking-news","10":"tag-breakingnews","11":"tag-culture","12":"tag-featured-news","13":"tag-featurednews","14":"tag-headlines","15":"tag-history","16":"tag-human-science","17":"tag-internacional","18":"tag-international","19":"tag-international-news","20":"tag-internationalnews","21":"tag-latest-news","22":"tag-latestnews","23":"tag-news","24":"tag-noticias","25":"tag-noticias-destacadas","26":"tag-noticiasdestacadas","27":"tag-politics","28":"tag-sci-tech","29":"tag-social-sciences","30":"tag-ticker","31":"tag-titulares","32":"tag-ultimas-noticias","33":"tag-ultimasnoticias","34":"tag-world","35":"tag-world-news","36":"tag-worldnews"},"share_on_mastodon":{"url":"https:\/\/pubeurope.com\/@es\/115472255140734335","error":""},"_links":{"self":[{"href":"https:\/\/www.europesays.com\/es\/wp-json\/wp\/v2\/posts\/211914","targetHints":{"allow":["GET"]}}],"collection":[{"href":"https:\/\/www.europesays.com\/es\/wp-json\/wp\/v2\/posts"}],"about":[{"href":"https:\/\/www.europesays.com\/es\/wp-json\/wp\/v2\/types\/post"}],"author":[{"embeddable":true,"href":"https:\/\/www.europesays.com\/es\/wp-json\/wp\/v2\/users\/2"}],"replies":[{"embeddable":true,"href":"https:\/\/www.europesays.com\/es\/wp-json\/wp\/v2\/comments?post=211914"}],"version-history":[{"count":0,"href":"https:\/\/www.europesays.com\/es\/wp-json\/wp\/v2\/posts\/211914\/revisions"}],"wp:featuredmedia":[{"embeddable":true,"href":"https:\/\/www.europesays.com\/es\/wp-json\/wp\/v2\/media\/211915"}],"wp:attachment":[{"href":"https:\/\/www.europesays.com\/es\/wp-json\/wp\/v2\/media?parent=211914"}],"wp:term":[{"taxonomy":"category","embeddable":true,"href":"https:\/\/www.europesays.com\/es\/wp-json\/wp\/v2\/categories?post=211914"},{"taxonomy":"post_tag","embeddable":true,"href":"https:\/\/www.europesays.com\/es\/wp-json\/wp\/v2\/tags?post=211914"}],"curies":[{"name":"wp","href":"https:\/\/api.w.org\/{rel}","templated":true}]}}