{"id":211918,"date":"2025-11-01T03:13:23","date_gmt":"2025-11-01T03:13:23","guid":{"rendered":"https:\/\/www.europesays.com\/es\/211918\/"},"modified":"2025-11-01T03:13:23","modified_gmt":"2025-11-01T03:13:23","slug":"el-ballet-flamenco-de-andalucia-realiza-una-gira-por-marruecos-con-motivo-del-xv-aniversario-del-flamenco-como-patrimonio-inmaterial-noticias","status":"publish","type":"post","link":"https:\/\/www.europesays.com\/es\/211918\/","title":{"rendered":"El Ballet Flamenco de Andaluc\u00eda realiza una gira por Marruecos con motivo del XV aniversario del Flamenco como Patrimonio Inmaterial &#8211; Noticias"},"content":{"rendered":"<p class=\"western\"><img decoding=\"async\" alt=\"BFA\" data-entity-type=\"file\" data-entity-uuid=\"2457051c-90ed-48e0-8146-593304ea641c\" src=\"https:\/\/www.europesays.com\/es\/wp-content\/uploads\/2025\/11\/BFA.jpg\"\/><\/p>\n<p class=\"western\">El Ballet Flamenco de Andaluc\u00eda, perteneciente a la Consejer\u00eda de Cultura y Deporte y gestionado a trav\u00e9s de la Agencia Andaluza de Instituciones Culturales, contin\u00faa con su gira de promoci\u00f3n internacional, que recala estos d\u00edas en Marruecos para conmemorar el XV aniversario de la declaraci\u00f3n del Flamenco como Patrimonio Inmaterial de la Humanidad. En el reino alauita presenta en dos fechas \u2018Tierra Bendita\u2019, una suite flamenca creada por su directora, Patricia Guerrero.<\/p>\n<p class=\"western\">Este \u201crecorrido por los cantes y bailes m\u00e1s representativos del flamenco viene a compartir con el p\u00fablico marroqu\u00ed bellas estampas del arte m\u00e1s representativo de Andaluc\u00eda\u201d, ha se\u00f1alado la consejera de Cultura y Deporte, Patricia del Pozo. La obra, que se estrenaba el pasado mes de enero en Chile, llega avalada por un \u00e9xito rotundo tanto de p\u00fablico como de cr\u00edtica y suma m\u00e1s de 13.000 espectadores en las 15 funciones celebradas hasta la fecha en escenarios de Espa\u00f1a, Francia, Estados Unidos y otros pa\u00edses latinoamericanos. <\/p>\n<p class=\"western\">La primera parada de la compa\u00f1\u00eda en Marruecos tuvo lugar el 30 de octubre durante la clausura del Congreso Mundial del Flamenco 2025, que se celebr\u00f3 en Casablanca y a la que asisti\u00f3 la viceconsejera de Cultura y Deporte, Macarena O\u2019Neill. Este c\u00f3nclave es una actividad organizada por la Embajada de Espa\u00f1a en Marruecos y el Instituto Cervantes, que present\u00f3 un total de catorce espect\u00e1culos en ocho ciudades marroqu\u00edes, incluida la mencionada Casablanca, como son Rabat, Fez, T\u00e1nger, Marrakech, Tetu\u00e1n, Agadir y Larache. <\/p>\n<p class=\"western\">Pero la gran cita de la gira por el Reino Alauita del Ballet Flamenco de Andaluc\u00eda tendr\u00e1 lugar el 1 de noviembre, durante la XX edici\u00f3n del Festival de las Andaluc\u00edas Atl\u00e1nticas de Essaouira, en el que colabora la Fundaci\u00f3n Tres Culturas del Mediterr\u00e1neo. Este certamen se centra en el di\u00e1logo intercultural, celebrando el valor de la diversidad, situ\u00e1ndose como una propuesta \u00fanica en este tipo de festivales, ya que junto a los espect\u00e1culos que integran el programa, se organizan debates que ponen de relieve el valor de la tolerancia, el respeto mutuo y la coexistencia pac\u00edfica entre pueblos.<\/p>\n<p class=\"western\">En ambas citas con la compa\u00f1\u00eda andaluza, el p\u00fablico pudo disfrutar de \u2018Tierra Bendita\u2019, una propuesta que condensa la esencia del flamenco, entre la tradici\u00f3n y la modernidad, lo antiguo y lo nuevo. Se trata de la segunda producci\u00f3n original de Patricia Guerrero para el Ballet Flamenco de Andaluc\u00eda y con la que pretende \u201crealzar y poner en escena ciertos cantes y bailes arraigados en distintas localidades andaluzas, que han servido de inspiraci\u00f3n para este complejo montaje, en el que han participado m\u00fasicos y bailaores de la compa\u00f1\u00eda.\u201d <\/p>\n<p class=\"western\">\u2018Tierra Bendita\u2019 ha contado adem\u00e1s con la colaboraci\u00f3n del guitarrista Dani de Mor\u00f3n, concretamente en el tema que da t\u00edtulo al espect\u00e1culo, y con el bailaor, Eduardo Leal como maestro repetidor. El cuerpo de baile que lo lleva a escena en Marruecos lo forman Adriana G\u00f3mez, \u00c1lvaro Aguilera, \u00c1ngel Fari\u00f1a, Araceli Mu\u00f1oz, Arturo Fajardo, Blanca Lorente, Claudia \u2018La Debla\u2019, David Vargas, Hugo Aguilar, Jasiel Nahin, Luc\u00eda \u2018La Bronce\u2019, Mar\u00eda Carrasco y Sof\u00eda Su\u00e1rez. Estar\u00e1n acompa\u00f1ados del cante de Amparo Lagares y Manuel de Gines; las guitarras de Jes\u00fas Rodr\u00edguez y Jos\u00e9 Luis Medina y la percusi\u00f3n de David Chupete.<\/p>\n<p class=\"western\"><strong>Patricia Guerrero y Ballet Flamenco de Andaluc\u00eda<\/strong><\/p>\n<p class=\"western\">Patricia Guerrero (Granada, 1990), Premio Nacional de Danza en 2021, ejerce la coordinaci\u00f3n de todos los aspectos relativos a la representaci\u00f3n esc\u00e9nica y ejecuci\u00f3n de las coreograf\u00edas que componen el repertorio de la compa\u00f1\u00eda, incluyendo la recuperaci\u00f3n y mantenimiento de aquellas coreograf\u00edas realizadas a lo largo de la trayectoria del Ballet.<\/p>\n<p class=\"western\">El Ballet Flamenco de Andaluc\u00eda es el m\u00e1ximo representante institucional del arte jondo, ejerciendo de embajador del flamenco desde su creaci\u00f3n en 1994, hace ahora treinta y dos a\u00f1os. En este tiempo, se ha convertido en el mejor medio para abrir nuevos mercados para el Flamenco, ha actuado en escenarios de todo el mundo formando parte de las agendas culturales de pa\u00edses como Estados Unidos, Argentina, Cuba, Francia, Italia, Hungr\u00eda, Suiza o M\u00e9xico, y estando presente en citas internacionales como las Exposiciones de Lisboa (Portugal), Hannover (Alemania), Aichi (Jap\u00f3n) y Dubai (EAU) o en grandes festivales como los de Nueva York o Londres. <\/p>\n<p class=\"western\">Solo en 2025, ha realizado 36 funciones en 25 ciudades de seis pa\u00edses distintos y suma cerca de 40.000 espectadores. La gira de este a\u00f1o ha estado protagonizada por los espect\u00e1culos \u2018Pineda. Romance popular en tres estampas\u2019, \u2018Tierra Bendita\u2019 y \u2018Origen. La semilla de los tiempos\u2019, repertorio creado bajo la direcci\u00f3n de Patricia Guerrero, as\u00ed como la Gala por el XV Aniversario de la Declaraci\u00f3n del Flamenco Patrimonio de la Humanidad. <\/p>\n","protected":false},"excerpt":{"rendered":"El Ballet Flamenco de Andaluc\u00eda, perteneciente a la Consejer\u00eda de Cultura y Deporte y gestionado a trav\u00e9s de&hellip;\n","protected":false},"author":2,"featured_media":211919,"comment_status":"","ping_status":"","sticky":false,"template":"","format":"standard","meta":{"footnotes":""},"categories":[5],"tags":[17,18,25,24,13,14,11925,11,19,20,9,10,15,16,23,12,21,22],"class_list":{"0":"post-211918","1":"post","2":"type-post","3":"status-publish","4":"format-standard","5":"has-post-thumbnail","7":"category-titulares","8":"tag-breaking-news","9":"tag-breakingnews","10":"tag-es","11":"tag-espana","12":"tag-featured-news","13":"tag-featurednews","14":"tag-flamenco","15":"tag-headlines","16":"tag-latest-news","17":"tag-latestnews","18":"tag-news","19":"tag-noticias","20":"tag-noticias-destacadas","21":"tag-noticiasdestacadas","22":"tag-spain","23":"tag-titulares","24":"tag-ultimas-noticias","25":"tag-ultimasnoticias"},"share_on_mastodon":{"url":"https:\/\/pubeurope.com\/@es\/115472263227155590","error":""},"_links":{"self":[{"href":"https:\/\/www.europesays.com\/es\/wp-json\/wp\/v2\/posts\/211918","targetHints":{"allow":["GET"]}}],"collection":[{"href":"https:\/\/www.europesays.com\/es\/wp-json\/wp\/v2\/posts"}],"about":[{"href":"https:\/\/www.europesays.com\/es\/wp-json\/wp\/v2\/types\/post"}],"author":[{"embeddable":true,"href":"https:\/\/www.europesays.com\/es\/wp-json\/wp\/v2\/users\/2"}],"replies":[{"embeddable":true,"href":"https:\/\/www.europesays.com\/es\/wp-json\/wp\/v2\/comments?post=211918"}],"version-history":[{"count":0,"href":"https:\/\/www.europesays.com\/es\/wp-json\/wp\/v2\/posts\/211918\/revisions"}],"wp:featuredmedia":[{"embeddable":true,"href":"https:\/\/www.europesays.com\/es\/wp-json\/wp\/v2\/media\/211919"}],"wp:attachment":[{"href":"https:\/\/www.europesays.com\/es\/wp-json\/wp\/v2\/media?parent=211918"}],"wp:term":[{"taxonomy":"category","embeddable":true,"href":"https:\/\/www.europesays.com\/es\/wp-json\/wp\/v2\/categories?post=211918"},{"taxonomy":"post_tag","embeddable":true,"href":"https:\/\/www.europesays.com\/es\/wp-json\/wp\/v2\/tags?post=211918"}],"curies":[{"name":"wp","href":"https:\/\/api.w.org\/{rel}","templated":true}]}}