{"id":211928,"date":"2025-11-01T03:24:13","date_gmt":"2025-11-01T03:24:13","guid":{"rendered":"https:\/\/www.europesays.com\/es\/211928\/"},"modified":"2025-11-01T03:24:13","modified_gmt":"2025-11-01T03:24:13","slug":"no-digo-que-me-den-nada-pero-al-menos-un-abrazo-del-rey-para-que-reconozcan-que-somos-gente-de-bien","status":"publish","type":"post","link":"https:\/\/www.europesays.com\/es\/211928\/","title":{"rendered":"No digo que me den nada, pero al menos un abrazo del Rey para que reconozcan que somos gente de bien"},"content":{"rendered":"<p data-gtm-element-container=\"modulo-texto-link\" class=\"paragraph\">El pasado 6 de octubre de 2025, el <strong>Centro Cultural Caja Granada<\/strong> descubri\u00f3 que faltaba <strong>una obra del Pablo Picasso titulada &#8216;Naturaleza muerta con guitarra&#8217;<\/strong>, lo que nadie imaginaba es que el cuadro permaneciera oculto en una porter\u00eda, confundido con un paquete de Amazon.\u00a0<\/p>\n<p data-gtm-element-container=\"modulo-texto-link\" class=\"paragraph\">Dolores,<strong>\u00a0de 69 a\u00f1os y portera en un edificio del distrito madrile\u00f1o de Chamart\u00edn <\/strong>junto a su marido Armando,\u00a0sin saberlo, hab\u00eda conservado en el portal de su edificio<strong> la obra de Pablo Picasso, valorada en 600.000 euros.\u00a0<\/strong><\/p>\n<p>                <img loading=\"lazy\" decoding=\"async\" data-full-src=\"https:\/\/www.mundodeportivo.com\/uploads\/2025\/10\/31\/69048827a5237.jpeg\" alt=\"Imagen de paquetes en la puerta de un domicilio\" width=\"449\" height=\"253\" src=\"https:\/\/www.europesays.com\/es\/wp-content\/uploads\/2025\/11\/69048827a5237.jpeg\" class=\"lazy\"\/><\/p>\n<p class=\"caption-title \">Imagen de paquetes en la puerta de un domicilio<\/p>\n<p>                    Pexels<\/p>\n<p data-gtm-element-container=\"modulo-texto-link\" class=\"paragraph\">El 6 de octubre, el cuadro apareci\u00f3 envuelto como un paquete y sin destinatario y la mujer lo guard\u00f3. Durante los d\u00edas siguientes, la polic\u00eda rastreaba lo que parec\u00eda un robo internacional de arte, y el 22 de octubre tres polic\u00edas se presentaron en su casa: \u00ab<strong>Durante tres horas me preguntaron c\u00f3mo hab\u00eda llegado el cuadro a mi casa, c\u00f3mo lo encontr\u00e9 y que hice con \u00e9l.<\/strong> Y yo les repet\u00eda una y otra vez lo mismo\u00bb, cuenta en<strong> <a href=\"https:\/\/elpais.com\/espana\/madrid\/2025-10-31\/dolores-la-portera-que-guardo-un-picasso-pensando-que-era-un-espejo-ya-no-recojo-ni-un-paquete-de-nadie-asi-vaya-a-explotar.html\" rel=\"nofollow noreferrer noopener\" target=\"_blank\">un reportaje para &#8216;El Pa\u00eds&#8217;.\u00a0<\/a><\/strong><\/p>\n<p data-gtm-element-container=\"modulo-texto-link\" class=\"paragraph\">Dolores ha dado declaraciones sobre lo sucedido: <strong>\u00abEncontr\u00e9 el paquete apoyado en la puerta. Pens\u00e9 que era de Amazon o algo as\u00ed, lo traje a la porter\u00eda y lo puse aqu\u00ed<\/strong>\u00ab, relata a los periodistas del medio anteriormente citado.\u00a0<\/p>\n<p>                <img loading=\"lazy\" decoding=\"async\" data-full-src=\"https:\/\/www.mundodeportivo.com\/uploads\/2025\/10\/31\/6904864a81f32.jpeg\" alt=\"El cuadro extraviado de Picasso, 'Naturaleza muerta con guitarra'\" width=\"449\" height=\"599\" src=\"https:\/\/www.europesays.com\/es\/wp-content\/uploads\/2025\/11\/6904864a81f32.jpeg\" class=\"lazy\"\/><\/p>\n<p class=\"caption-title \">El cuadro extraviado de Picasso, &#8216;Naturaleza muerta con guitarra&#8217;<\/p>\n<p>                    Imagen de Polic\u00eda Nacional<\/p>\n<p data-gtm-element-container=\"modulo-texto-link\" class=\"paragraph\">Justo esos d\u00edas, la polic\u00eda internacional andaba buscando a los autores del surrealista robo en el museo del Louvre, producido el 19 de octubre, y <strong>llegaron a pensar que Dolores y Armando pertenec\u00edan a una banda internacional.\u00a0<\/strong><\/p>\n<p>    Lee tambi\u00e9n<\/p>\n<p data-gtm-element-container=\"modulo-texto-link\" class=\"paragraph\">La pareja regenta adem\u00e1s un peque\u00f1o quiosco de prensa, donde le\u00edan cada d\u00eda los titulares del culebr\u00f3n del que eran protagonistas, sin siquiera saberlo, <strong>y un d\u00eda la prensa se refiri\u00f3 a ella como \u00abLa vecina que rob\u00f3 un &#8216;picasso&#8217; sin querer\u00bb.<\/strong><\/p>\n<p data-gtm-element-container=\"modulo-texto-link\" class=\"paragraph\">Avergonzada por la confusi\u00f3n, Dolores, habla entre l\u00e1grimas con los periodistas de &#8216;El Pa\u00eds&#8217;, agobiada por el qu\u00e9 dir\u00e1n y la imagen que quedar\u00e1 de ellos en Per\u00fa, su pa\u00eds de origen: \u00abNosotros somos gente honrada que no hemos hecho otra cosa que trabajar. <strong>No digo que me den nada, pero al menos un abrazo del Rey para que reconozcan que somos gente de bien <\/strong>ser\u00eda suficiente\u00bb.<\/p>\n","protected":false},"excerpt":{"rendered":"El pasado 6 de octubre de 2025, el Centro Cultural Caja Granada descubri\u00f3 que faltaba una obra del&hellip;\n","protected":false},"author":2,"featured_media":211929,"comment_status":"","ping_status":"","sticky":false,"template":"","format":"standard","meta":{"footnotes":""},"categories":[173],"tags":[229,233,231,230,232,234,146,147,25,24,23],"class_list":{"0":"post-211928","1":"post","2":"type-post","3":"status-publish","4":"format-standard","5":"has-post-thumbnail","7":"category-arte-y-diseno","8":"tag-arte","9":"tag-arte-y-diseno","10":"tag-arts","11":"tag-arts-and-design","12":"tag-design","13":"tag-diseno","14":"tag-entertainment","15":"tag-entretenimiento","16":"tag-es","17":"tag-espana","18":"tag-spain"},"share_on_mastodon":{"url":"https:\/\/pubeurope.com\/@es\/115472306518221707","error":""},"_links":{"self":[{"href":"https:\/\/www.europesays.com\/es\/wp-json\/wp\/v2\/posts\/211928","targetHints":{"allow":["GET"]}}],"collection":[{"href":"https:\/\/www.europesays.com\/es\/wp-json\/wp\/v2\/posts"}],"about":[{"href":"https:\/\/www.europesays.com\/es\/wp-json\/wp\/v2\/types\/post"}],"author":[{"embeddable":true,"href":"https:\/\/www.europesays.com\/es\/wp-json\/wp\/v2\/users\/2"}],"replies":[{"embeddable":true,"href":"https:\/\/www.europesays.com\/es\/wp-json\/wp\/v2\/comments?post=211928"}],"version-history":[{"count":0,"href":"https:\/\/www.europesays.com\/es\/wp-json\/wp\/v2\/posts\/211928\/revisions"}],"wp:featuredmedia":[{"embeddable":true,"href":"https:\/\/www.europesays.com\/es\/wp-json\/wp\/v2\/media\/211929"}],"wp:attachment":[{"href":"https:\/\/www.europesays.com\/es\/wp-json\/wp\/v2\/media?parent=211928"}],"wp:term":[{"taxonomy":"category","embeddable":true,"href":"https:\/\/www.europesays.com\/es\/wp-json\/wp\/v2\/categories?post=211928"},{"taxonomy":"post_tag","embeddable":true,"href":"https:\/\/www.europesays.com\/es\/wp-json\/wp\/v2\/tags?post=211928"}],"curies":[{"name":"wp","href":"https:\/\/api.w.org\/{rel}","templated":true}]}}