{"id":211942,"date":"2025-11-01T03:34:07","date_gmt":"2025-11-01T03:34:07","guid":{"rendered":"https:\/\/www.europesays.com\/es\/211942\/"},"modified":"2025-11-01T03:34:07","modified_gmt":"2025-11-01T03:34:07","slug":"el-consejo-de-seguridad-de-la-onu-apoya-que-el-sahara-occidental-sea-parte-integral-de-marruecos-el-mundo","status":"publish","type":"post","link":"https:\/\/www.europesays.com\/es\/211942\/","title":{"rendered":"El Consejo de Seguridad de la ONU apoya que el S\u00e1hara Occidental sea parte integral de Marruecos &#8211; El Mundo"},"content":{"rendered":"<ol>\n<li><a href=\"https:\/\/news.google.com\/rss\/articles\/CBMigwFBVV95cUxPZzA3cDJTdm5ldjJLVDVKOWV0cDlCeVpCS3M1S3FJdmVQNFh1SkxDXy1MVVZNN0g5QlJRLWlEU0pkMVJxWTdXTVRMWk4tVmlzdWdrYlZnOEhxNzZUQzdSY3RRelFSZnJhYkFEOFhFLVpVNE1qZ2MtdjBEa2FsTU52XzQ3TdIBgwFBVV95cUxOYjBzZzREazd5OFdKUkEwbzFKbEd2aU9yR3l4WHRIb0w3Rk1WLWkxdGFlRUFpOVhYc05wSFJMelQ0TGFxR1VlUlJLSHNQbV95QkpRUGRuWW9FT3JYWmV4SGpPbHc5TXQyZUZZWjJFRzdUUlVUR25oUW4xaXdNNlNuend4OA?oc=5\" target=\"_blank\" rel=\"nofollow noopener\">El Consejo de Seguridad de la ONU apoya que el S\u00e1hara Occidental sea parte integral de Marruecos<\/a>&nbsp;&nbsp;El Mundo<\/li>\n<li><a href=\"https:\/\/news.google.com\/rss\/articles\/CBMijAJBVV95cUxQakFqZVNsZy03M0RBd3pxckVlajQxaV9Lc0N1RENrMlEyQVRqLU1xd1Q4ZWgwYWU4UklrLXN3M1EzSFIzdElBVlpqVU1RSG9FcXktZGtSLUgyTkh1NVVfNkhYeUFRaHlEQ1FURFZjak0wNHdzaFN0ZUdWNTZaX0tVODJnNzlCX09xdWxxV241d1V1bGZ0SE94QV9iUk4tMHh6R1hVZWFIVGlLV3RBdGhQbjRKcGszeWtJSWU1bmdnNzNJM3dac3VVdDZycGxKcHFNS3RVdS1HY0dFZ1k4Y1libTFVNGV2VjlLdHhDV3gwMDFNZjRLRHhIYXVVX3d0a21VMEpMNWxDTXRYTTJr?oc=5\" target=\"_blank\" rel=\"nofollow noopener\">La ONU avala el plan de autonom\u00eda de Marruecos como base para una soluci\u00f3n para el S\u00e1hara y margina la v\u00eda de la autodeterminaci\u00f3n<\/a>&nbsp;&nbsp;EL PA\u00cdS<\/li>\n<li><a href=\"https:\/\/news.google.com\/rss\/articles\/CBMipAFBVV95cUxQbzNvZnh2ckhuZE4wb1kzT1M1b1A0SmM0cm16bnRFNVUwZzVRd0ZhUmpNcHR0SkhNenVEcWVkU1NkWGc5Z2FSOU9oQkZfLUMwQ2tpcG8tN1BoWWJFWV94VG5xNjJkbDF1ekJ2Y3FkSzJycGxkenpZY3pHVlBfdXBWR3hQRXlKR1pEZ09ZX0lUV3p2emtNdEhIQ3NqRHBqNzBTSkJoQw?oc=5\" target=\"_blank\" rel=\"nofollow noopener\">La ONU vota a favor de la soberan\u00eda marroqu\u00ed sobre el Sahara Occidental<\/a>&nbsp;&nbsp;ABC<\/li>\n<li><a href=\"https:\/\/news.google.com\/rss\/articles\/CBMi4gFBVV95cUxPakYtaHoxMkpWbXNmSzNhWWxwSUY1Und6N0l3Tm9uYTJ0Y2pHemQ0MWRTNGRnMkcyaEFMRWpxU0czVWZPMVR6RW1td29nTFd1NkY3eU9uT3R4U3A0dnR6UmhuR3ZRMmtXVjVyLVFDX25DWU9QSDY0NUhScHhBZjAtQkMwc01GTnpIVmdrYk5vaUFXZk15bm9FMTEzWnpQS0Rmc0ctRC1YZ2tiTzJGQkZXNUpXWUJFeEVFM25Obms5WEkwNFdmWDRPbWdSUkplRkwxUGZWSlNwQnJPdTRieDg2cHp3?oc=5\" target=\"_blank\" rel=\"nofollow noopener\">Tinduf mira al vac\u00edo tras 50 a\u00f1os de lucha<\/a>&nbsp;&nbsp;La Voz de Galicia<\/li>\n<li><a href=\"https:\/\/news.google.com\/rss\/articles\/CBMixgFBVV95cUxPSUNwV2tVZGhjSlBTcFRaTHF3bXpXeWhZVFc4WXRCNjB3dld5SGlaRXJKbDJ3dTdNZWUzOFhtWVAzanVjajJnR2ZWQjk3bjNsbjg0dWVOTXJIejhBOGFibUJtVGczcklBRjlQdHRDeHh0VFZ1X0RoLWJlbWdndXdkaHk1eWlSOExEcTJjSFEzaTFuWmttRG8tUDd5a1JfQmpocXAxSnl6MU5NS2hjWUV3dzVpZmRDbGtiZ1hWbEtHU1NFTDJid0E?oc=5\" target=\"_blank\" rel=\"nofollow noopener\">Cinco continentes: El futuro del S\u00e1hara, en manos del Consejo de Seguridad de la ONU | RNE Audio<\/a>&nbsp;&nbsp;RTVE.es<\/li>\n<\/ol>\n","protected":false},"excerpt":{"rendered":"El Consejo de Seguridad de la ONU apoya que el S\u00e1hara Occidental sea parte integral de Marruecos&nbsp;&nbsp;El Mundo&hellip;\n","protected":false},"author":2,"featured_media":211943,"comment_status":"","ping_status":"","sticky":false,"template":"","format":"standard","meta":{"footnotes":""},"categories":[42],"tags":[17,18,13,14,11,61,62,63,64,19,20,4485,9,10,15,16,10257,12,21,22,65,66,67],"class_list":{"0":"post-211942","1":"post","2":"type-post","3":"status-publish","4":"format-standard","5":"has-post-thumbnail","7":"category-internacional","8":"tag-breaking-news","9":"tag-breakingnews","10":"tag-featured-news","11":"tag-featurednews","12":"tag-headlines","13":"tag-internacional","14":"tag-international","15":"tag-international-news","16":"tag-internationalnews","17":"tag-latest-news","18":"tag-latestnews","19":"tag-marruecos","20":"tag-news","21":"tag-noticias","22":"tag-noticias-destacadas","23":"tag-noticiasdestacadas","24":"tag-sahara-occidental","25":"tag-titulares","26":"tag-ultimas-noticias","27":"tag-ultimasnoticias","28":"tag-world","29":"tag-world-news","30":"tag-worldnews"},"share_on_mastodon":{"url":"https:\/\/pubeurope.com\/@es\/115472345628249094","error":""},"_links":{"self":[{"href":"https:\/\/www.europesays.com\/es\/wp-json\/wp\/v2\/posts\/211942","targetHints":{"allow":["GET"]}}],"collection":[{"href":"https:\/\/www.europesays.com\/es\/wp-json\/wp\/v2\/posts"}],"about":[{"href":"https:\/\/www.europesays.com\/es\/wp-json\/wp\/v2\/types\/post"}],"author":[{"embeddable":true,"href":"https:\/\/www.europesays.com\/es\/wp-json\/wp\/v2\/users\/2"}],"replies":[{"embeddable":true,"href":"https:\/\/www.europesays.com\/es\/wp-json\/wp\/v2\/comments?post=211942"}],"version-history":[{"count":0,"href":"https:\/\/www.europesays.com\/es\/wp-json\/wp\/v2\/posts\/211942\/revisions"}],"wp:featuredmedia":[{"embeddable":true,"href":"https:\/\/www.europesays.com\/es\/wp-json\/wp\/v2\/media\/211943"}],"wp:attachment":[{"href":"https:\/\/www.europesays.com\/es\/wp-json\/wp\/v2\/media?parent=211942"}],"wp:term":[{"taxonomy":"category","embeddable":true,"href":"https:\/\/www.europesays.com\/es\/wp-json\/wp\/v2\/categories?post=211942"},{"taxonomy":"post_tag","embeddable":true,"href":"https:\/\/www.europesays.com\/es\/wp-json\/wp\/v2\/tags?post=211942"}],"curies":[{"name":"wp","href":"https:\/\/api.w.org\/{rel}","templated":true}]}}