{"id":211944,"date":"2025-11-01T03:35:12","date_gmt":"2025-11-01T03:35:12","guid":{"rendered":"https:\/\/www.europesays.com\/es\/211944\/"},"modified":"2025-11-01T03:35:12","modified_gmt":"2025-11-01T03:35:12","slug":"la-esperanza-remata-la-mision-con-una-procesion-de-gloria-de-la-catedral-a-triana","status":"publish","type":"post","link":"https:\/\/www.europesays.com\/es\/211944\/","title":{"rendered":"La Esperanza remata la misi\u00f3n con una procesi\u00f3n de gloria de la Catedral a Triana"},"content":{"rendered":"<p style=\"\">La Esperanza de Triana remata la misi\u00f3n al Pol\u00edgono Sur este s\u00e1bado primero de noviembre con una procesi\u00f3n de gloria desde la Catedral a su capilla de Marineros. La dolorosa culminar\u00e1 todos los cultos extraordinarios recorriendo gran parte del Centro de Sevilla sobre el paso  &#8230; cedido por la hermandad de la Pur\u00edsima de La Algaba y con un recorrido en el que visitar\u00e1 el Ayuntamiento, el convento del Santo \u00c1ngel, la parroquia de la Magdalena o la capilla de la Estrella. <\/p>\n<p class=\"voc-p\" style=\"\">Ser\u00e1 el final a casi un mes de traslados y celebraciones por los 75 a\u00f1os de la proclamaci\u00f3n del Dogma de la Asunci\u00f3n y donde la Virgen de la Esperanza ha estado en las parroquias de San P\u00edo X de Las Letan\u00edas y Jes\u00fas Obrero de las 3.000 Viviendas. Adem\u00e1s, tambi\u00e9n volvi\u00f3 la imagen a recibir culto en San Jacinto despu\u00e9s de 63 a\u00f1os y con una estampas para la historia de la corporaci\u00f3n como es la imagen delante del Altar Mayor de la Catedral de Sevilla.<\/p>\n<p class=\"voc-p\" style=\"\">El cortejo se pondr\u00e1 en marcha a las 16:00 horas y se prev\u00e9 que la Virgen entre en su sede can\u00f3nica a la 1:00 horas de la madrugada de este domingo. M\u00e1s de medio centenar de hermanos participar\u00e1n con sus cirios en la procesi\u00f3n, la cual saldr\u00e1 por la Puerta de San Miguel y continuar\u00e1 por la avenida de la Constituci\u00f3n, <strong>el and\u00e9n del Ayuntamiento (all\u00ed le recibir\u00e1 la Corporaci\u00f3n Municipal)<\/strong>, Tetu\u00e1n, Vel\u00e1zquez, Rioja, convento del Santo \u00c1ngel, plaza de la Magdalena, San Pablo, <strong>visita al templo de la Magdalena<\/strong>, San Pablo, Reyes Cat\u00f3licos, Puente de Triana, plaza del Altozano, San Jorge, Antillano Campos, Pag\u00e9s del Corro, San Jacinto, visita a la capilla de la Estrella, Rodrigo de Triana, Fabi\u00e9 y Pureza. <\/p>\n<p class=\"voc-p\" style=\"\">Habr\u00e1 m\u00faltiples estampas a lo largo del itinerario y la primera de ellas ser\u00e1 volver a ver de nuevo a la Virgen de la Esperanza en un paso de gloria ya que de esta forma sali\u00f3 en 1950 despu\u00e9s de que proclamara el Dogma de la Asunci\u00f3n sobre las andas cedidas en aquel momento por la Pastora de Triana y medio siglo m\u00e1s tarde, fue en su propio paso pero sin el palio. Tambi\u00e9n, existen fotograf\u00edas antiguas de las primeras d\u00e9cadas del siglo XX de la dolorosa saliendo de esta forma en la Vel\u00e1 de Triana. <\/p>\n<p>\nLuz para la Virgen\n<\/p>\n<p class=\"voc-p\" style=\"\">La priost\u00eda se ha afanado durante varios d\u00edas para buscar que numerosos puntos de luz alumbren a la Virgen durante todo el recorrido y se han reforzado los candelabros que hay en las esquinas del paso de la Pur\u00edsima de La Algaba con otros elementos, as\u00ed como codales m\u00e1s largos en los guardabrisas. <\/p>\n<p class=\"voc-p\" style=\"\">En el itinerario, se suceder\u00e1n las ofrendas para la imagen y los vecinos de <strong>Antillano Campos<\/strong> volver\u00e1n a ver a la Esperanza de Triana por su calle. Algunos a\u00fan recuerdan c\u00f3mo le amaneci\u00f3 a la Virgen en la procesi\u00f3n extraordinaria de vuelta de la Catedral aquel junio de 2009 cuando se conmemoraban los 25 a\u00f1os de la coronaci\u00f3n can\u00f3nica. Las flores de las esquinas del palio &#8216;besaron&#8217; las fachadas de las casas y los bloques de este rinc\u00f3n de Triana donde se pueden ver los azulejos de la dolorosa en los balcones y alg\u00fan que otro patio que aguanta el envite de los nuevos tiempos. <\/p>\n<p><img decoding=\"async\" id=\"g-traslado-esperanza-siete-desktop-img\" class=\"g-aiImg g-aiAbs\" alt=\"\" src=\"https:\/\/www.europesays.com\/es\/wp-content\/uploads\/2025\/10\/traslado-esperanza-siete-desktop.png\"\/><\/p>\n<p class=\"g-pstyle1\">PROCESI\u00d3N <\/p>\n<p class=\"g-pstyle2\">EXTRAORDINARIA<\/p>\n<p class=\"g-pstyle5\">Avda. de la<\/p>\n<p class=\"g-pstyle5\">Constituci\u00f3n<\/p>\n<p class=\"g-pstyle7\">La Virgen<\/p>\n<p class=\"g-pstyle7\">ser\u00e1 recibida por<\/p>\n<p class=\"g-pstyle7\">la corporaci\u00f3n municipal en el <\/p>\n<p class=\"g-pstyle7\">and\u00e9n del Ayuntamiento<\/p>\n<p><img decoding=\"async\" id=\"g-traslado-esperanza-siete-movil-img\" class=\"g-aiImg g-aiAbs\" alt=\"\" src=\"https:\/\/www.europesays.com\/es\/wp-content\/uploads\/2025\/10\/traslado-esperanza-siete-movil.png\"\/><\/p>\n<p class=\"g-pstyle1\">PROCESI\u00d3N<\/p>\n<p class=\"g-pstyle2\">EXTRAORDINARIA<\/p>\n<p class=\"g-pstyle3\">La Virgen<\/p>\n<p class=\"g-pstyle3\">ser\u00e1 recibida por<\/p>\n<p class=\"g-pstyle3\">la corporaci\u00f3n municipal en el <\/p>\n<p class=\"g-pstyle3\">and\u00e9n del Ayuntamiento<\/p>\n<p class=\"g-pstyle5\">Avda. de la<\/p>\n<p class=\"g-pstyle5\">Constituci\u00f3n<\/p>\n<p class=\"voc-p\" style=\"\">Tambi\u00e9n, la Esperanza atravesar\u00e1 un tramo de Pag\u00e9s del Corro que no suele hacerlo habitualmente como es el que existe entre la mencionada Antillano Campos y San Jacinto, volver\u00e1 a visitar a la Estrella y se adentrar\u00e1 en Rodrigo de Triana, una v\u00eda que ya la recorri\u00f3 el pasado mes de diciembre de 2024 cuando volv\u00eda de la procesi\u00f3n magna por el II Congreso Internacional de Hermandades y Piedad Popular. <\/p>\n<p class=\"voc-p\" style=\"\">Sin duda, una de las partes m\u00e1s emocionantes del itinerario ser\u00e1 el paso por la calle Fabi\u00e9 y sobre todo, cuando se estreche y los vecinos est\u00e9n a muy pocos metros de la imagen. Asimismo, ser\u00e1 de las m\u00e1s complejas para el cortejo ya que hay poco espacio entre las paredes y la calzada. <\/p>\n<p>\nGrandes espacios para ver a la Esperanza\n<\/p>\n<p class=\"voc-p\" style=\"\">La hermandad ha preparado un recorrido amplio y ancho para que miles de personas puedan contemplar a la imagen con <strong>lugares como la Puerta de Triana o el cruce del Paseo Col\u00f3n con Reyes Cat\u00f3licos de cara a la gran cantidad de p\u00fablico que se espera en la tarde noche del primero de noviembre<\/strong>. Por otro lado y mirando a los cielos, aunque comenz\u00f3 la semana compleja en cuanto a lo meteorol\u00f3gico, no se vislumbran problemas para la salida de la Esperanza de Triana en la jornada de este s\u00e1bado y la madrugada del domingo. <\/p>\n<p class=\"voc-p\" style=\"\">La predicci\u00f3n de la Agencia Estatal de Meteorolog\u00eda y las actualizaciones apuntan a que los cielos estar\u00e1n nublados pero s\u00f3lo habr\u00e1 un 10 por ciento de probabilidad de precipitaciones hasta la medianoche. A partir de las 2 de la madrugada, s\u00ed puede haber m\u00e1s posibilidades de que llueva porque la probabilidad aumenta hasta el 75 por ciento pero en ese momento, se espera que la imagen haya entrado ya o est\u00e9 en la calle Pureza si ha habido retrasos. <\/p>\n<p class=\"voc-p\" style=\"\"><strong>La banda de m\u00fasica de las Cigarreras ser\u00e1 la que acompa\u00f1e a la Virgen<\/strong> despu\u00e9s de que haya estado con la hermandad en todos los traslados que se han sucedido en estas semanas desde que el pasado 4 de octubre, la dolorosa saliera de la parroquia de Santa Ana hasta Las Letan\u00edas. Como curiosidad, la formaci\u00f3n vivir\u00e1 una jornada maratoniana porque en la ma\u00f1ana del 1 de noviembre, estar\u00e1 junto a la Asunci\u00f3n de Cantillana por una procesi\u00f3n conmemorativa de la proclamaci\u00f3n del Dogma de la Asunci\u00f3n y por la tarde, interpretar\u00e1 marchas tras la dolorosa de la antigua calle Larga de Triana. <\/p>\n<p class=\"voc-p\" style=\"\">De esta forma, terminar\u00e1 una misi\u00f3n para el recuerdo de la hermandad de la Esperanza de Triana y para las cofrad\u00edas de Sevilla en la que la Virgen ha dado m\u00e1s visibilidad al Pol\u00edgono Sur y a la realidad que viven all\u00ed sus vecinos, siendo muchos de ellos antiguos trianeros que dejaron el arrabal hace m\u00e1s de medio siglo y que han tenido a pocos metros de sus pisos y sus casas a la dolorosa a la que rezaban de peque\u00f1os junto a sus padres y abuelos. <\/p>\n","protected":false},"excerpt":{"rendered":"La Esperanza de Triana remata la misi\u00f3n al Pol\u00edgono Sur este s\u00e1bado primero de noviembre con una procesi\u00f3n&hellip;\n","protected":false},"author":2,"featured_media":211945,"comment_status":"","ping_status":"","sticky":false,"template":"","format":"standard","meta":{"footnotes":""},"categories":[8],"tags":[17,18,21863,25,24,9572,13,14,3086,11,19,20,10008,9,10,15,16,36351,57238,23,12,5117,21,22],"class_list":{"0":"post-211944","1":"post","2":"type-post","3":"status-publish","4":"format-standard","5":"has-post-thumbnail","7":"category-espana","8":"tag-breaking-news","9":"tag-breakingnews","10":"tag-catedral","11":"tag-es","12":"tag-espana","13":"tag-esperanza","14":"tag-featured-news","15":"tag-featurednews","16":"tag-gloria","17":"tag-headlines","18":"tag-latest-news","19":"tag-latestnews","20":"tag-mision","21":"tag-news","22":"tag-noticias","23":"tag-noticias-destacadas","24":"tag-noticiasdestacadas","25":"tag-procesion","26":"tag-remata","27":"tag-spain","28":"tag-titulares","29":"tag-triana","30":"tag-ultimas-noticias","31":"tag-ultimasnoticias"},"share_on_mastodon":{"url":"https:\/\/pubeurope.com\/@es\/115472350342402228","error":""},"_links":{"self":[{"href":"https:\/\/www.europesays.com\/es\/wp-json\/wp\/v2\/posts\/211944","targetHints":{"allow":["GET"]}}],"collection":[{"href":"https:\/\/www.europesays.com\/es\/wp-json\/wp\/v2\/posts"}],"about":[{"href":"https:\/\/www.europesays.com\/es\/wp-json\/wp\/v2\/types\/post"}],"author":[{"embeddable":true,"href":"https:\/\/www.europesays.com\/es\/wp-json\/wp\/v2\/users\/2"}],"replies":[{"embeddable":true,"href":"https:\/\/www.europesays.com\/es\/wp-json\/wp\/v2\/comments?post=211944"}],"version-history":[{"count":0,"href":"https:\/\/www.europesays.com\/es\/wp-json\/wp\/v2\/posts\/211944\/revisions"}],"wp:featuredmedia":[{"embeddable":true,"href":"https:\/\/www.europesays.com\/es\/wp-json\/wp\/v2\/media\/211945"}],"wp:attachment":[{"href":"https:\/\/www.europesays.com\/es\/wp-json\/wp\/v2\/media?parent=211944"}],"wp:term":[{"taxonomy":"category","embeddable":true,"href":"https:\/\/www.europesays.com\/es\/wp-json\/wp\/v2\/categories?post=211944"},{"taxonomy":"post_tag","embeddable":true,"href":"https:\/\/www.europesays.com\/es\/wp-json\/wp\/v2\/tags?post=211944"}],"curies":[{"name":"wp","href":"https:\/\/api.w.org\/{rel}","templated":true}]}}