{"id":211946,"date":"2025-11-01T03:36:41","date_gmt":"2025-11-01T03:36:41","guid":{"rendered":"https:\/\/www.europesays.com\/es\/211946\/"},"modified":"2025-11-01T03:36:41","modified_gmt":"2025-11-01T03:36:41","slug":"la-jueza-de-la-dana-pide-a-la-periodista-que-comio-con-mazon-el-tique-del-aparcamiento","status":"publish","type":"post","link":"https:\/\/www.europesays.com\/es\/211946\/","title":{"rendered":"La jueza de la dana pide a la periodista que comi\u00f3 con Maz\u00f3n el tique del aparcamiento"},"content":{"rendered":"<p class=\"ft-text ft-helper-closenews\">La <a class=\"ft-link ft-link--decoration\" href=\"https:\/\/www.levante-emv.com\/tags\/jueza-dana\/\" target=\"_blank\" rel=\"nofollow noopener\">jueza de la dana<\/a>, Nuria Ruiz Tobarra, a instancias del abogado que logr\u00f3 su declaraci\u00f3n, el letrado de Algemes\u00ed Ximo Esteve que ejerce la acusaci\u00f3n particular, requiere a la periodista que comi\u00f3 con el presidente de la Generalitat el 29 de octubre de 2024 para que aporte, en su declaraci\u00f3n testifical prevista para el pr\u00f3ximo lunes, <a class=\"ft-link ft-link--decoration\" href=\"https:\/\/www.levante-emv.com\/comunitat-valenciana\/2025\/10\/26\/horas-criticas-29-0-presidente-123026307.html\" target=\"_blank\" rel=\"nofollow noopener\">el tique del aparcamiento donde ella ten\u00eda el coche ese d\u00eda (detalle desvelado por Levante-EMV<\/a>). Tambi\u00e9n reclama en el mismo auto notificado esta ma\u00f1ana a las partes y facilitado por el <a class=\"ft-link ft-link--decoration\" href=\"https:\/\/www.levante-emv.com\/tags\/tribunal-superior-de-justicia-de-la-comunidad-valenciana\/\" target=\"_blank\" rel=\"nofollow noopener\">Tribunal Superior de Justicia de la Comunitat Valenciana<\/a> (<a class=\"ft-link ft-link--decoration\" href=\"https:\/\/www.levante-emv.com\/tags\/tsjcv\/\" target=\"_blank\" rel=\"nofollow noopener\">TSJCV<\/a>), as\u00ed como cualquier otro elemento documental que acredite el periodo en el que la testigo permaneci\u00f3 con el jefe del Consell, ese d\u00eda. En esta resoluci\u00f3n la juez deniega en cambio volver a citar a declarar a la exconsellera investigada, <a class=\"ft-link ft-link--decoration\" href=\"https:\/\/www.levante-emv.com\/tags\/salome-pradas\/\" target=\"_blank\" rel=\"nofollow noopener\">Salom\u00e9 Pradas<\/a>, tal como solicitaba el abogado que logr\u00f3 la citaci\u00f3n de <a class=\"ft-link ft-link--decoration\" href=\"https:\/\/www.levante-emv.com\/tags\/maribel-vilaplana\/\" target=\"_blank\" rel=\"nofollow noopener\">Maribel Vilaplana<\/a>.<\/p>\n<p class=\"ft-text\">La magistrada se\u00f1ala en su auto que \u00aben el an\u00e1lisis del proceso de toma de decisiones en el Cecopi del d\u00eda 29 de octubre de 2024, y en el espec\u00edfico an\u00e1lisis del env\u00edo de la alerta a la poblaci\u00f3n, resulta pertinente el estudio de las llamadas que pudieron cruzarse la investigada Salom\u00e9 Pradas, a la saz\u00f3n consellera de Emergencias, y el president de la Generalitat Valenciana, Carlos Maz\u00f3n, y si de dichas conversaciones pudo tener conocimiento la testigo, tal como resolvi\u00f3 la Audiencia Provincial de Valencia en auto de 16 de octubre de 2025\u00bb.<\/p>\n<p class=\"ft-text\">La magistrada razona en su auto que \u00abhasta qu\u00e9 momento la testigo se\u00f1ora. Vilaplana acompa\u00f1\u00f3 al president, y en consecuencia, hasta que momento pudo estar presente durante las llamadas que se sostuvieron entre el President y la investigada Salom\u00e9 Pradas, convierte en \u00fatil la prueba solicitada, la obtenci\u00f3n del tique de entrada y salida del aparcamiento\u00bb.<\/p>\n<p class=\"ft-text\">Y a\u00f1ade que \u00absi bien ha de extenderse igualmente a cualquier otra prueba, justificantes de pago del aparcamiento entre otras, que pudieran documentar el momento inicial y especialmente el final en el que ambos, la testigo y el president, permanecieron juntos durante la tarde del 29 de octubre de 2024&#8243;. Respecto a la petici\u00f3n del letrado de Algemes\u00ed, Ximo Esteve, de que se requiriera a la empresa que gestiona el aparcamiento el tique la magistrada acuerda que se proveer\u00e1 una vez se reciba declaraci\u00f3n a la testigo\u00bb, que est\u00e1 citada el pr\u00f3ximo lunes en el Tribunal de Instancia 3 de Catarroja.<\/p>\n<p class=\"ft-text\">En otro auto la magistrada, a instancias de la acusaci\u00f3n popular y particular que ejerce ACPV (Acci\u00f3 Cultural del Pa\u00eds Valenci\u00e0), acuerda unir al procedimiento el v\u00eddeo emitido por RTVE el pasado 27 de octubre pero rechaza la petici\u00f3n de volver a citar a declarar como testigo al presidente de la Diputaci\u00f3n de Valencia por sus declaraciones p\u00fablicas en esa pieza informativa, en las que achacaba a Salom\u00e9 Pradas la direcci\u00f3n de la reuni\u00f3n del <a class=\"ft-link ft-link--decoration\" href=\"https:\/\/www.levante-emv.com\/tags\/cecopi\/\" target=\"_blank\" rel=\"nofollow noopener\">Cecopi<\/a>.<\/p>\n<p class=\"ft-text\">En otra providencia la magistrada del Tribunal 3 de Catarroja acuerda practicar las testificales de la jefa de la Unidad de Protecci\u00f3n Civil de la Delegaci\u00f3n de Gobierno de la Comunidad Valenciana (a solicitud de la acusaci\u00f3n popular de CGT) que fue la que alert\u00f3 a la jefa de servicio de Emergencias, Inmaculada Piles, de la necesidad de enviar el Es Alert a las 18.35 horas, y de un trabajador de Emergencias, tras la declaraci\u00f3n prestada recientemente por la jefa de servicio Emergencias.\u00a0<\/p>\n<p class=\"ft-text\">Por \u00faltimo, la magistrada tambi\u00e9n acuerda recibir declaraci\u00f3n como perito al catedr\u00e1tico em\u00e9rito de Geograf\u00eda de la Universitat de Val\u00e8ncia, Eugenio Burriel, a propuesta de ACPV. Asimismo, entre otras disposiciones, esta providencia ordena al Instituto de Medicina Legal que emita un informe sobre la relaci\u00f3n de causalidad entra la muerte de un hombre y la dana, despu\u00e9s de que su hijo haya solicitado que sea considerada como v\u00edctima en el procedimiento. Con esta persona, ya son 5 las muertes que est\u00e1n en estudio para determinar si se suman a las 229 v\u00edctimas mortales de la cat\u00e1strofe.<\/p>\n<p data-close=\"closedContent\" class=\"subscribeHideForDisplay\">Suscr\u00edbete para seguir leyendo<\/p>\n","protected":false},"excerpt":{"rendered":"La jueza de la dana, Nuria Ruiz Tobarra, a instancias del abogado que logr\u00f3 su declaraci\u00f3n, el letrado&hellip;\n","protected":false},"author":2,"featured_media":211947,"comment_status":"","ping_status":"","sticky":false,"template":"","format":"standard","meta":{"footnotes":""},"categories":[5],"tags":[11489,17,18,34619,12189,7163,1681,25,24,13,14,11,9864,19,20,707,1439,9,10,15,16,5398,34,23,12,21,22],"class_list":{"0":"post-211946","1":"post","2":"type-post","3":"status-publish","4":"format-standard","5":"has-post-thumbnail","7":"category-titulares","8":"tag-aparcamiento","9":"tag-breaking-news","10":"tag-breakingnews","11":"tag-comio","12":"tag-comunitat-valenciana","13":"tag-consell","14":"tag-dana","15":"tag-es","16":"tag-espana","17":"tag-featured-news","18":"tag-featurednews","19":"tag-headlines","20":"tag-jueza","21":"tag-latest-news","22":"tag-latestnews","23":"tag-levante-emv","24":"tag-mazon","25":"tag-news","26":"tag-noticias","27":"tag-noticias-destacadas","28":"tag-noticiasdestacadas","29":"tag-periodista","30":"tag-pide","31":"tag-spain","32":"tag-titulares","33":"tag-ultimas-noticias","34":"tag-ultimasnoticias"},"share_on_mastodon":{"url":"https:\/\/pubeurope.com\/@es\/115472353385074496","error":""},"_links":{"self":[{"href":"https:\/\/www.europesays.com\/es\/wp-json\/wp\/v2\/posts\/211946","targetHints":{"allow":["GET"]}}],"collection":[{"href":"https:\/\/www.europesays.com\/es\/wp-json\/wp\/v2\/posts"}],"about":[{"href":"https:\/\/www.europesays.com\/es\/wp-json\/wp\/v2\/types\/post"}],"author":[{"embeddable":true,"href":"https:\/\/www.europesays.com\/es\/wp-json\/wp\/v2\/users\/2"}],"replies":[{"embeddable":true,"href":"https:\/\/www.europesays.com\/es\/wp-json\/wp\/v2\/comments?post=211946"}],"version-history":[{"count":0,"href":"https:\/\/www.europesays.com\/es\/wp-json\/wp\/v2\/posts\/211946\/revisions"}],"wp:featuredmedia":[{"embeddable":true,"href":"https:\/\/www.europesays.com\/es\/wp-json\/wp\/v2\/media\/211947"}],"wp:attachment":[{"href":"https:\/\/www.europesays.com\/es\/wp-json\/wp\/v2\/media?parent=211946"}],"wp:term":[{"taxonomy":"category","embeddable":true,"href":"https:\/\/www.europesays.com\/es\/wp-json\/wp\/v2\/categories?post=211946"},{"taxonomy":"post_tag","embeddable":true,"href":"https:\/\/www.europesays.com\/es\/wp-json\/wp\/v2\/tags?post=211946"}],"curies":[{"name":"wp","href":"https:\/\/api.w.org\/{rel}","templated":true}]}}