{"id":211954,"date":"2025-11-01T03:46:20","date_gmt":"2025-11-01T03:46:20","guid":{"rendered":"https:\/\/www.europesays.com\/es\/211954\/"},"modified":"2025-11-01T03:46:20","modified_gmt":"2025-11-01T03:46:20","slug":"asi-es-en-la-actualidad-nani-gaitan-49-anos-modelo-y-habitual-de-programas-de-tv","status":"publish","type":"post","link":"https:\/\/www.europesays.com\/es\/211954\/","title":{"rendered":"As\u00ed es en la actualidad Nani Gait\u00e1n (49 a\u00f1os), modelo y habitual de programas de TV"},"content":{"rendered":"<p>                    <img loading=\"lazy\" decoding=\"async\" src=\"https:\/\/www.mundodeportivo.com\/files\/image_449_465\/files\/fp\/uploads\/2025\/10\/31\/6904dc404e726.r_d.906-421.jpeg\" data-full-src=\"https:\/\/www.europesays.com\/es\/wp-content\/uploads\/2025\/11\/6904dc404e726.jpeg\" class=\"nolazy\" width=\"449\" height=\"465\"\/><\/p>\n<p>Particip\u00f3 en programas como &#8216;\u00a1Mira qui\u00e9n baila!&#8217; o &#8216;La isla de los famosos&#8217;\n<\/p>\n<p>                        <img loading=\"lazy\" decoding=\"async\" class=\"swiper-lazy\" alt=\"Nani Gait\u00e1n, en 2006\" data-full-src=\"https:\/\/www.mundodeportivo.com\/uploads\/2025\/10\/31\/6904ddc54b4ef.jpeg\" src=\"https:\/\/www.europesays.com\/es\/wp-content\/uploads\/2025\/11\/6904ddc54b4ef.jpeg\" width=\"753\" height=\"558\"\/><\/p>\n<p>                        Nani Gait\u00e1n, en 2006Antena 3\n<\/p>\n<p>                        <img loading=\"lazy\" decoding=\"async\" class=\"swiper-lazy\" alt=\"Nani Gait\u00e1n, en 'Pasapalabra' en 2010\" data-full-src=\"https:\/\/www.mundodeportivo.com\/uploads\/2025\/10\/31\/6904dbbf2f47d.jpeg\" src=\"https:\/\/www.europesays.com\/es\/wp-content\/uploads\/2025\/11\/6904dbbf2f47d.jpeg\" width=\"372\" height=\"558\"\/><\/p>\n<p>                        Nani Gait\u00e1n, en &#8216;Pasapalabra&#8217; en 2010Telecinco\n<\/p>\n<p>                        <img loading=\"lazy\" decoding=\"async\" class=\"swiper-lazy\" alt=\"Nani Gait\u00e1n, en 2014\" data-full-src=\"https:\/\/www.mundodeportivo.com\/uploads\/2025\/10\/31\/6904dd0028684.jpeg\" src=\"https:\/\/www.europesays.com\/es\/wp-content\/uploads\/2025\/11\/6904dd0028684.jpeg\" width=\"989\" height=\"548\"\/><\/p>\n<p>                        Nani Gait\u00e1n, en 2014Canal Sur\n<\/p>\n<p>                        <img loading=\"lazy\" decoding=\"async\" class=\"swiper-lazy\" alt=\"Nani Gait\u00e1n, en 2020\" data-full-src=\"https:\/\/www.mundodeportivo.com\/uploads\/2025\/10\/31\/6904dc3fa8384.jpeg\" src=\"https:\/\/www.europesays.com\/es\/wp-content\/uploads\/2025\/11\/6904dc3fa8384.r_d.669-333.jpeg\" width=\"989\" height=\"556\"\/><\/p>\n<p>                        Nani Gait\u00e1n, en 2020Canal Sur\n<\/p>\n<p>                        <img loading=\"lazy\" decoding=\"async\" class=\"swiper-lazy\" alt=\"Nani Gait\u00e1n, en 2020\" data-full-src=\"https:\/\/www.europesays.com\/es\/wp-content\/uploads\/2025\/11\/6904dc404e726.jpeg\" src=\"https:\/\/www.europesays.com\/es\/wp-content\/uploads\/2025\/11\/6904dc404e726.r_d.906-421.jpeg\" width=\"752\" height=\"558\"\/><\/p>\n<p>                        Nani Gait\u00e1n, en 2020Canal Sur\n<\/p>\n<p>                        <img loading=\"lazy\" decoding=\"async\" class=\"swiper-lazy\" alt=\"Nani Gait\u00e1n, en 2020\" data-full-src=\"https:\/\/www.mundodeportivo.com\/uploads\/2025\/10\/31\/6904dc40e62a7.jpeg\" src=\"https:\/\/www.europesays.com\/es\/wp-content\/uploads\/2025\/11\/6904dc40e62a7.jpeg\" width=\"659\" height=\"558\"\/><\/p>\n<p>                        Nani Gait\u00e1n, en 2020Canal Sur\n<\/p>\n<p>                        <img loading=\"lazy\" decoding=\"async\" class=\"swiper-lazy\" alt=\"Nani Gait\u00e1n, en 2020\" data-full-src=\"https:\/\/www.mundodeportivo.com\/uploads\/2025\/10\/31\/6904dc41a6e1e.jpeg\" src=\"https:\/\/www.europesays.com\/es\/wp-content\/uploads\/2025\/11\/6904dc41a6e1e.jpeg\" width=\"989\" height=\"556\"\/><\/p>\n<p>                        Nani Gait\u00e1n, en 2020Canal Sur\n<\/p>\n<p>                        <img loading=\"lazy\" decoding=\"async\" class=\"swiper-lazy\" alt=\"Nani Gait\u00e1n, en 2015\" data-full-src=\"https:\/\/www.mundodeportivo.com\/uploads\/2025\/10\/31\/6904dd6299a27.png\" src=\"https:\/\/www.europesays.com\/es\/wp-content\/uploads\/2025\/11\/6904dd6299a27.png\" width=\"989\" height=\"556\"\/><\/p>\n<p>                        Nani Gait\u00e1n, en 2015Historias de Luz\n<\/p>\n<p>                        <img loading=\"lazy\" decoding=\"async\" class=\"swiper-lazy\" alt=\"Nani Gait\u00e1n, en 2021\" data-full-src=\"https:\/\/www.mundodeportivo.com\/uploads\/2025\/10\/31\/6904de472af63.jpeg\" src=\"https:\/\/www.europesays.com\/es\/wp-content\/uploads\/2025\/11\/6904de472af63.jpeg\" width=\"558\" height=\"558\"\/><\/p>\n<p>                        Nani Gait\u00e1n, en 2021Instagram\n<\/p>\n<p>                        <img loading=\"lazy\" decoding=\"async\" class=\"swiper-lazy\" alt=\"Nani Gait\u00e1n, en 2021\" data-full-src=\"https:\/\/www.mundodeportivo.com\/uploads\/2025\/10\/31\/6904de47c7b7d.jpeg\" src=\"https:\/\/www.europesays.com\/es\/wp-content\/uploads\/2025\/11\/6904de47c7b7d.jpeg\" width=\"558\" height=\"558\"\/><\/p>\n<p>                        Nani Gait\u00e1n, en 2021Instagram\n<\/p>\n<p>                        <img loading=\"lazy\" decoding=\"async\" class=\"swiper-lazy\" alt=\"Nani Gait\u00e1n, en 2022\" data-full-src=\"https:\/\/www.mundodeportivo.com\/uploads\/2025\/10\/31\/6904dea3ebb3d.jpeg\" src=\"https:\/\/www.europesays.com\/es\/wp-content\/uploads\/2025\/11\/6904dea3ebb3d.jpeg\" width=\"467\" height=\"558\"\/><\/p>\n<p>                        Nani Gait\u00e1n, en 2022Instagram\n<\/p>\n<p>                        <img loading=\"lazy\" decoding=\"async\" class=\"swiper-lazy\" alt=\"Nani Gait\u00e1n, en 2022\" data-full-src=\"https:\/\/www.mundodeportivo.com\/uploads\/2025\/10\/31\/6904dea491050.jpeg\" src=\"https:\/\/www.europesays.com\/es\/wp-content\/uploads\/2025\/11\/6904dea491050.jpeg\" width=\"491\" height=\"558\"\/><\/p>\n<p>                        Nani Gait\u00e1n, en 2022Instagram\n<\/p>\n<p>                        <img loading=\"lazy\" decoding=\"async\" class=\"swiper-lazy\" alt=\"Nani Gait\u00e1n, en 2023\" data-full-src=\"https:\/\/www.mundodeportivo.com\/uploads\/2025\/10\/31\/6904df0897d6b.jpeg\" src=\"https:\/\/www.europesays.com\/es\/wp-content\/uploads\/2025\/11\/6904df0897d6b.jpeg\" width=\"558\" height=\"558\"\/><\/p>\n<p>                        Nani Gait\u00e1n, en 2023Instagram\n<\/p>\n<p>                        <img loading=\"lazy\" decoding=\"async\" class=\"swiper-lazy\" alt=\"Nani Gait\u00e1n, en 2023\" data-full-src=\"https:\/\/www.mundodeportivo.com\/uploads\/2025\/10\/31\/6904df093352f.jpeg\" src=\"https:\/\/www.europesays.com\/es\/wp-content\/uploads\/2025\/11\/6904df093352f.jpeg\" width=\"501\" height=\"558\"\/><\/p>\n<p>                        Nani Gait\u00e1n, en 2023Instagram\n<\/p>\n<p>                        <img loading=\"lazy\" decoding=\"async\" class=\"swiper-lazy\" alt=\"Nani Gait\u00e1n, en 2024\" data-full-src=\"https:\/\/www.mundodeportivo.com\/uploads\/2025\/10\/31\/6904df5fafc39.jpeg\" src=\"https:\/\/www.europesays.com\/es\/wp-content\/uploads\/2025\/11\/6904df5fafc39.jpeg\" width=\"446\" height=\"558\"\/><\/p>\n<p>                        Nani Gait\u00e1n, en 2024Instagram\n<\/p>\n<p>                        <img loading=\"lazy\" decoding=\"async\" class=\"swiper-lazy\" alt=\"Nani Gait\u00e1n, en 2024\" data-full-src=\"https:\/\/www.mundodeportivo.com\/uploads\/2025\/10\/31\/6904df6051832.jpeg\" src=\"https:\/\/www.europesays.com\/es\/wp-content\/uploads\/2025\/11\/6904df6051832.jpeg\" width=\"446\" height=\"558\"\/><\/p>\n<p>                        Nani Gait\u00e1n, en 2024Instagram\n<\/p>\n<p>                        <img loading=\"lazy\" decoding=\"async\" class=\"swiper-lazy\" alt=\"Nani Gait\u00e1n, en 2025\" data-full-src=\"https:\/\/www.mundodeportivo.com\/uploads\/2025\/10\/31\/6904dfce38d6b.jpeg\" src=\"https:\/\/www.europesays.com\/es\/wp-content\/uploads\/2025\/11\/6904dfce38d6b.jpeg\" width=\"509\" height=\"558\"\/><\/p>\n<p>                        Nani Gait\u00e1n, en 2025Instagram\n<\/p>\n<p>                        <img loading=\"lazy\" decoding=\"async\" class=\"swiper-lazy\" alt=\"Nani Gait\u00e1n, en 2025\" data-full-src=\"https:\/\/www.mundodeportivo.com\/uploads\/2025\/10\/31\/6904dfcee22bd.jpeg\" src=\"https:\/\/www.europesays.com\/es\/wp-content\/uploads\/2025\/11\/6904dfcee22bd.jpeg\" width=\"436\" height=\"558\"\/><\/p>\n<p>                        Nani Gait\u00e1n, en 2025Instagram\n<\/p>\n<p>\n                31\/10\/2025 17:32 CET<br \/>\n                Actualizado a  31\/10\/2025 20:52 CET\n            <\/p>\n<p data-gtm-element-container=\"modulo-texto-link\" class=\"paragraph\"><strong>Nani Gait\u00e1n<\/strong> fue durante a\u00f1os uno de los rostros m\u00e1s reconocibles tanto de las pasarelas como de la televisi\u00f3n espa\u00f1ola. La cordobesa particip\u00f3 en numerosos programas de entretenimiento como &#8216;La isla de los famosos&#8217;, &#8216;<strong>\u00a1Qu\u00e9 tiempo tan feliz!&#8217;<\/strong>, &#8216;S\u00e1bado noche&#8217; o &#8216;\u00a1Mira qui\u00e9n baila!&#8217;, donde demostr\u00f3 su carisma y popularidad ante el gran p\u00fablico.<\/p>\n<p>    Lee tambi\u00e9n<\/p>\n<p data-gtm-element-container=\"modulo-texto-link\" class=\"paragraph\">Tras varios a\u00f1os trabajando en Canal Sur, especialmente en el programa &#8216;La tarde, aqu\u00ed y ahora&#8217; junto a Juan y Medio, Nani Gait\u00e1n ha dado un giro a su carrera. En la actualidad, ejerce como reportera para la televisi\u00f3n local de su ciudad natal, <strong>PTV C\u00f3rdoba,<\/strong> donde se la puede ver recorriendo las calles y cubriendo todo tipo de reportajes locales.<\/p>\n<p>\n        Mostrar comentarios\n    <\/p>\n<p>{\u00aballowComment\u00bb:\u00bballowed\u00bb,\u00bbarticleId\u00bb:\u00bbarticle-1002561077&#8243;,\u00bburl\u00bb:\u00bbhttps:\\\/\\\/www.mundodeportivo.com\\\/vaya-mundo\\\/20251031\\\/1002561077\\\/asi-actualidad-nani-gaitan-49-anos-modelo-habitual-programas-tv-galeria-dct.html\u00bb,\u00bblivefyre-url\u00bb:\u00bbarticle-1002561077&#8243;}<\/p>\n<p>Cargando siguiente contenido&#8230;\n                <\/p>\n","protected":false},"excerpt":{"rendered":"Particip\u00f3 en programas como &#8216;\u00a1Mira qui\u00e9n baila!&#8217; o &#8216;La isla de los famosos&#8217; Nani Gait\u00e1n, en 2006Antena 3&hellip;\n","protected":false},"author":2,"featured_media":211955,"comment_status":"","ping_status":"","sticky":false,"template":"","format":"standard","meta":{"footnotes":""},"categories":[174],"tags":[255,146,147,25,24,256,23],"class_list":{"0":"post-211954","1":"post","2":"type-post","3":"status-publish","4":"format-standard","5":"has-post-thumbnail","7":"category-famosos","8":"tag-celebrities","9":"tag-entertainment","10":"tag-entretenimiento","11":"tag-es","12":"tag-espana","13":"tag-famosos","14":"tag-spain"},"share_on_mastodon":{"url":"https:\/\/pubeurope.com\/@es\/115472393727735461","error":""},"_links":{"self":[{"href":"https:\/\/www.europesays.com\/es\/wp-json\/wp\/v2\/posts\/211954","targetHints":{"allow":["GET"]}}],"collection":[{"href":"https:\/\/www.europesays.com\/es\/wp-json\/wp\/v2\/posts"}],"about":[{"href":"https:\/\/www.europesays.com\/es\/wp-json\/wp\/v2\/types\/post"}],"author":[{"embeddable":true,"href":"https:\/\/www.europesays.com\/es\/wp-json\/wp\/v2\/users\/2"}],"replies":[{"embeddable":true,"href":"https:\/\/www.europesays.com\/es\/wp-json\/wp\/v2\/comments?post=211954"}],"version-history":[{"count":0,"href":"https:\/\/www.europesays.com\/es\/wp-json\/wp\/v2\/posts\/211954\/revisions"}],"wp:featuredmedia":[{"embeddable":true,"href":"https:\/\/www.europesays.com\/es\/wp-json\/wp\/v2\/media\/211955"}],"wp:attachment":[{"href":"https:\/\/www.europesays.com\/es\/wp-json\/wp\/v2\/media?parent=211954"}],"wp:term":[{"taxonomy":"category","embeddable":true,"href":"https:\/\/www.europesays.com\/es\/wp-json\/wp\/v2\/categories?post=211954"},{"taxonomy":"post_tag","embeddable":true,"href":"https:\/\/www.europesays.com\/es\/wp-json\/wp\/v2\/tags?post=211954"}],"curies":[{"name":"wp","href":"https:\/\/api.w.org\/{rel}","templated":true}]}}