{"id":211956,"date":"2025-11-01T03:47:12","date_gmt":"2025-11-01T03:47:12","guid":{"rendered":"https:\/\/www.europesays.com\/es\/211956\/"},"modified":"2025-11-01T03:47:12","modified_gmt":"2025-11-01T03:47:12","slug":"el-concello-de-vigo-adquiere-por-120-000-euros-un-cuadro-de-laxeiro-pintado-en-buenos-aires","status":"publish","type":"post","link":"https:\/\/www.europesays.com\/es\/211956\/","title":{"rendered":"El Concello de Vigo adquiere por 120.000 euros un cuadro de Laxeiro pintado en Buenos Aires"},"content":{"rendered":"<p>\t\t\t \t\t \t\t\t\t\t\t\tImagen del cuadro adquirido por el Concello de Vigo <strong class=\"pd-l\"\/><\/p>\n<p>\t\t\t\t\t\tLa obra\u00a0lleva el t\u00edtulo Barca espacial y es un \u00f3leo de grandes dimensiones<br \/>\n\t\t\t\t\t\t\t\t\t\t\t\t<strong>01 nov 2025<\/strong> . Actualizado a las 01:24 h.\t\t\t\t\t\t<\/p>\n<p class=\"first-paragraph txt\"><strong>Barca Espacial, un \u00f3leo sobre lienzo de grandes dimensiones que firma Laxeiro<\/strong>. Esta es la \u00faltima adquisici\u00f3n que ha hecho el Concello de Vigo, seg\u00fan ha anunciado hoy <strong>el alcalde, Abel Caballero<\/strong>. El cuadro se le ha comprado a la familia por 120.000 euros, el precio en el que lo han tasado los expertos y el objetivo es incorporarlo a la exposici\u00f3n permanente del autor.\u00a0<\/p>\n<p class=\"txt\">El lienzo fue pintado en Buenos Aires en 1961 y tiene unas dimensiones de 1.39x 2.05. Seg\u00fan ha explicado el regidor, el director art\u00edstico de la<strong> Fundaci\u00f3n Laxeiro<\/strong> considera que esta obra es una de las piezas cumbres del autor, realizada en plena etapa de madurez y se trata de una de sus 26 trabajos m\u00e1s importantes. \u00abHay catalogadas 3.581 obras de Laxeiro\u00bb, ha explicado el regidor, \u00abqueremos que forme parte del patrimonio art\u00edstico de la ciudad de Vigo\u00bb.\u00a0<\/p>\n<p class=\"txt\">Caballero ha presumido de la colecci\u00f3n de arte gallego municipal, asegurando que es la m\u00e1s importante de Galicia y en especial de la figura de Laxeiro, de quien hay obras en Castrelos, la pinacoteca y la Fundaci\u00f3n Laxeiro.\u00a0<\/p>\n<p>&#13;<br \/>\n\tArchivado en:&#13;<br \/>\n\t\t\t\t\t<a href=\"https:\/\/www.lavozdegalicia.es\/temas\/vigo-ciudad\/\" target=\"_blank\" class=\"mg-l\" rel=\"nofollow noopener\">Vigo ciudad<\/a>&#13;<br \/>\n\t&#13;<\/p>\n","protected":false},"excerpt":{"rendered":"Imagen del cuadro adquirido por el Concello de Vigo La obra\u00a0lleva el t\u00edtulo Barca espacial y es un&hellip;\n","protected":false},"author":2,"featured_media":211957,"comment_status":"","ping_status":"","sticky":false,"template":"","format":"standard","meta":{"footnotes":""},"categories":[173],"tags":[229,233,231,230,232,234,146,147,25,24,23,3518],"class_list":{"0":"post-211956","1":"post","2":"type-post","3":"status-publish","4":"format-standard","5":"has-post-thumbnail","7":"category-arte-y-diseno","8":"tag-arte","9":"tag-arte-y-diseno","10":"tag-arts","11":"tag-arts-and-design","12":"tag-design","13":"tag-diseno","14":"tag-entertainment","15":"tag-entretenimiento","16":"tag-es","17":"tag-espana","18":"tag-spain","19":"tag-vigo-ciudad"},"share_on_mastodon":{"url":"https:\/\/pubeurope.com\/@es\/115472396640735503","error":""},"_links":{"self":[{"href":"https:\/\/www.europesays.com\/es\/wp-json\/wp\/v2\/posts\/211956","targetHints":{"allow":["GET"]}}],"collection":[{"href":"https:\/\/www.europesays.com\/es\/wp-json\/wp\/v2\/posts"}],"about":[{"href":"https:\/\/www.europesays.com\/es\/wp-json\/wp\/v2\/types\/post"}],"author":[{"embeddable":true,"href":"https:\/\/www.europesays.com\/es\/wp-json\/wp\/v2\/users\/2"}],"replies":[{"embeddable":true,"href":"https:\/\/www.europesays.com\/es\/wp-json\/wp\/v2\/comments?post=211956"}],"version-history":[{"count":0,"href":"https:\/\/www.europesays.com\/es\/wp-json\/wp\/v2\/posts\/211956\/revisions"}],"wp:featuredmedia":[{"embeddable":true,"href":"https:\/\/www.europesays.com\/es\/wp-json\/wp\/v2\/media\/211957"}],"wp:attachment":[{"href":"https:\/\/www.europesays.com\/es\/wp-json\/wp\/v2\/media?parent=211956"}],"wp:term":[{"taxonomy":"category","embeddable":true,"href":"https:\/\/www.europesays.com\/es\/wp-json\/wp\/v2\/categories?post=211956"},{"taxonomy":"post_tag","embeddable":true,"href":"https:\/\/www.europesays.com\/es\/wp-json\/wp\/v2\/tags?post=211956"}],"curies":[{"name":"wp","href":"https:\/\/api.w.org\/{rel}","templated":true}]}}