{"id":211965,"date":"2025-11-01T03:54:08","date_gmt":"2025-11-01T03:54:08","guid":{"rendered":"https:\/\/www.europesays.com\/es\/211965\/"},"modified":"2025-11-01T03:54:08","modified_gmt":"2025-11-01T03:54:08","slug":"oscar-puente-tras-ver-el-show-de-naranjo-critica-a-pp-y-vox-por-atacar-a-rtve-mientras-degradan-las-autonomicas","status":"publish","type":"post","link":"https:\/\/www.europesays.com\/es\/211965\/","title":{"rendered":"\u00d3scar Puente, tras ver el show de Naranjo, critica a PP y Vox por atacar a RTVE mientras \u00abdegradan\u00bb las auton\u00f3micas"},"content":{"rendered":"<p class=\"article-text\">\n        La aparici\u00f3n de <strong>Antonio Naranjo<\/strong> con una <a href=\"https:\/\/www.eldiario.es\/vertele\/noticias\/antonio-naranjo-sorprendio-careta-payaso-telemadrid-cuestionar-sanchez-gracia_1_12730939.html\" target=\"_blank\" data-mrf-recirculation=\"links-noticia\" class=\"link\" rel=\"nofollow noopener\"><strong>careta de Payaso en Telemadrid<\/strong><\/a> ha generado un sinf\u00edn reacciones, entre ellas la de <strong>\u00d3scar Puente<\/strong>. El ministro de Transportes y Movilidad Sostenible se ha pronunciado este viernes, 31 de octubre, a trav\u00e9s de sus redes sociales para criticar abiertamente tanto a su mon\u00f3logo como a <strong>PP <\/strong>y <strong>Vox<\/strong>. Adem\u00e1s, ha aprovechado para poner a una oposici\u00f3n \u201cque se rasga las vestiduras\u201d frente al espejo por sus constantes ataques a <strong>RTVE<\/strong>.\n    <\/p>\n<p>    <a href=\"https:\/\/www.eldiario.es\/vertele\/noticias\/antonio-naranjo-sorprendio-careta-payaso-telemadrid-cuestionar-sanchez-gracia_1_12730939.html\" data-mrf-recirculation=\"saber-mas\" data-dl-event=\"saber-mas\" rel=\"nofollow noopener\" target=\"_blank\"><\/p>\n<p class=\"know-more__title\">Antonio Naranjo sorprendi\u00f3 con una careta de payaso en Telemadrid para cuestionar a S\u00e1nchez: \u00abNinguna gracia\u00bb<\/p>\n<p>            <img decoding=\"async\" class=\"lazy\" loading=\"lazy\" data-src=\"https:\/\/static.eldiario.es\/clip\/7cafa62a-18d9-41ba-ad55-62825f6a9877_16-9-aspect-ratio_default_0.jpg\" src=\"data:image\/svg+xml,%3Csvg xmlns=\" http:=\"\" viewbox=\"0 0 880 495\" alt=\"Antonio Naranjo sorprendi\u00f3 con una careta de payaso en Telemadrid para cuestionar a S\u00e1nchez: &quot;Ninguna gracia&quot;\"\/><\/p>\n<p>                        <\/a><\/p>\n<p class=\"article-text\">\n        Horas despu\u00e9s de que Pedro S\u00e1nchez <a href=\"https:\/\/www.eldiario.es\/politica\/sanchez-sale-ileso-senado-pone-pp-frente-espejo-caja-b-bochornoso-papel-discipulo-ayuso_129_12729457.html\" target=\"_blank\" data-mrf-recirculation=\"links-noticia\" class=\"link\" rel=\"nofollow noopener\">compareciese en el Senado<\/a> y calificase el interrogatorio de sus detractores como \u201cun circo\u201d, el programa <strong>El an\u00e1lisis: Diario de la Noche<\/strong> arranc\u00f3 sus emisiones con su presentador habitual oculto tras una m\u00e1scara un tanto siniestra. El mon\u00f3logo arranc\u00f3 con <strong>cr\u00edticas <\/strong>al presidente del Gobierno: \u201cPara quien no todo lo que no le aplaude, sonr\u00ede o defiende\u2026 pues ya saben, es un payaso\u201d. Asimismo, calific\u00f3 la comparecencia como \u201cel mayor espect\u00e1culo del mundo\u201d.\n    <\/p>\n<p class=\"article-text\">\n        En el access prime time de Telemadrid, Naranjo aprovech\u00f3 para se\u00f1alar directamente al l\u00edder del PSOE por haber cuestionado la imparcialidad de Telemadrid: \u201c<strong>No nos insulte, no nos se\u00f1ale, no nos llame &#8216;fango&#8217;<\/strong>\u201d. Una respuesta que vino minutos despu\u00e9s de retirarse la careta en cuesti\u00f3n porque, a su juicio, el asunto a tratar no ten\u00eda \u201cninguna gracia\u201d. \u201cYa est\u00e1 bien de payasadas, que esto es muy serio\u201d, lleg\u00f3 a pronunciar.\n    <\/p>\n<p class=\"article-text\">\n        Recogiendo el v\u00eddeo en cuesti\u00f3n, <strong>\u00d3scar Puente <\/strong>se ha pronunciado p\u00fablicamente y con rotundidad. \u201cNunca olvidemos que<strong> los que han llevado a las televisiones p\u00fablicas auton\u00f3micas a este nivel de degradaci\u00f3n<\/strong> son los que <strong>se rasgan las vestiduras con RTVE<\/strong>\u201d, ha escrito en la red social X, dejando clara su postura. Con este mensaje, el ministro ha denunciado el deterioro progresivo de ciertos medios gestionados por Gobiernos regionales tanto por el PP como por Vox, a los que acusa de amplificar discursos partidistas.\n    <\/p>\n<blockquote class=\"twitter-tweet\" data-lang=\"es\"><p><a href=\"https:\/\/twitter.com\/X\/status\/1984222169526898704?ref_src=twsrc%5Etfw\" rel=\"nofollow noopener\" target=\"_blank\"><\/p><\/blockquote>\n<p>    Puente alude a las cr\u00edticas de la oposici\u00f3n contra RTVE<\/p>\n<p class=\"article-text\">\n        En este sentido, Puente ha hecho alusi\u00f3n tambi\u00e9n a los ataques constantes que la oposici\u00f3n lanza contra RTVE. De hecho, las comisiones de control parlamentario se convierten en una constante de cuestionamientos sobre la supuesta parcialidad de la corporaci\u00f3n a favor del Gobierno. Entre los ejemplos m\u00e1s recientes destacan las declaraciones de <strong>Alberto N\u00faez Feij\u00f3o<\/strong>, quien, durante el mes de septiembre, asegur\u00f3 que Pedro S\u00e1nchez hab\u00eda hecho \u201c<strong>lawfare en la televisi\u00f3n p\u00fablica<\/strong>\u201d durante la entrevista que <strong>Pepa Bueno<\/strong> le realiz\u00f3.\n    <\/p>\n<p>    <a href=\"https:\/\/www.eldiario.es\/vertele\/audiencias-tv\/hormiguero-15-4-cierra-semana-distancia-revuelta-buen-tandem-buenafuente-12-4_1_12730412.html\" data-mrf-recirculation=\"saber-mas-abajo\" data-dl-event=\"saber-mas-abajo\" rel=\"nofollow noopener\" target=\"_blank\"><\/p>\n<p class=\"know-more__title\">&#8216;El Hormiguero&#8217; (15.4%) cierra su semana con m\u00e1s distancia sobre &#8216;La Revuelta&#8217;, que hace buen t\u00e1ndem con Buenafuente (12.4%)<\/p>\n<p>            <img decoding=\"async\" class=\"lazy\" loading=\"lazy\" data-src=\"https:\/\/static.eldiario.es\/clip\/38c13d1a-8a62-459a-946d-203784eeb45d_16-9-aspect-ratio_default_0.jpg\" src=\"data:image\/svg+xml,%3Csvg xmlns=\" http:=\"\" viewbox=\"0 0 880 495\" alt=\"'El Hormiguero' (15.4%) cierra su semana con m\u00e1s distancia sobre 'La Revuelta', que hace buen t\u00e1ndem con Buenafuente (12.4%)\"\/><\/p>\n<p>                        <\/a><\/p>\n<p class=\"article-text\">\n        Por su parte, Vox ha mantenido un tono todav\u00eda m\u00e1s duro, llegando a calificar a RTVE como \u201c<strong>TelePedro<\/strong>\u201d en sesiones parlamentarias celebradas en octubre. El diputado <strong>Manuel Mariscal<\/strong> no se qued\u00f3 atr\u00e1s en una <a href=\"https:\/\/www.eldiario.es\/vertele\/noticias\/video-presidente-rtve-pregunta-vox-siente-aludido-silvia-intxaurrondo-habla-ultras-xenofobos-machistas_1_12082311.html\" target=\"_blank\" data-mrf-recirculation=\"links-noticia\" class=\"link\" rel=\"nofollow noopener\">Comisi\u00f3n Mixta muy pol\u00e9mica<\/a>, donde se atrevi\u00f3 a decir que su llegada al Gobierno iba a \u201cponer fin al mercado persa\u201d de la corporaci\u00f3n, llegando a plantear c\u00f3mo llevar\u00edan a cabo su desembarco en la p\u00fablica: \u201cTenemos una duda, si entrar <strong>con motosierra o con lanzallamas<\/strong>\u201d.\n    <\/p>\n<p>                                    <script async src=\"https:\/\/platform.twitter.com\/widgets.js\" charset=\"utf-8\"><\/script><\/p>\n","protected":false},"excerpt":{"rendered":"La aparici\u00f3n de Antonio Naranjo con una careta de Payaso en Telemadrid ha generado un sinf\u00edn reacciones, entre&hellip;\n","protected":false},"author":2,"featured_media":211966,"comment_status":"","ping_status":"","sticky":false,"template":"","format":"standard","meta":{"footnotes":""},"categories":[91],"tags":[20481,39700,1497,57239,146,147,25,24,45228,2789,956,2497,518,526,23,809,624],"class_list":{"0":"post-211965","1":"post","2":"type-post","3":"status-publish","4":"format-standard","5":"has-post-thumbnail","7":"category-entretenimiento","8":"tag-atacar","9":"tag-autonomicas","10":"tag-critica","11":"tag-degradan","12":"tag-entertainment","13":"tag-entretenimiento","14":"tag-es","15":"tag-espana","16":"tag-naranjo","17":"tag-oscar","18":"tag-pp","19":"tag-puente","20":"tag-rtve","21":"tag-show","22":"tag-spain","23":"tag-ver","24":"tag-vox"},"share_on_mastodon":{"url":"https:\/\/pubeurope.com\/@es\/115472424242062151","error":""},"_links":{"self":[{"href":"https:\/\/www.europesays.com\/es\/wp-json\/wp\/v2\/posts\/211965","targetHints":{"allow":["GET"]}}],"collection":[{"href":"https:\/\/www.europesays.com\/es\/wp-json\/wp\/v2\/posts"}],"about":[{"href":"https:\/\/www.europesays.com\/es\/wp-json\/wp\/v2\/types\/post"}],"author":[{"embeddable":true,"href":"https:\/\/www.europesays.com\/es\/wp-json\/wp\/v2\/users\/2"}],"replies":[{"embeddable":true,"href":"https:\/\/www.europesays.com\/es\/wp-json\/wp\/v2\/comments?post=211965"}],"version-history":[{"count":0,"href":"https:\/\/www.europesays.com\/es\/wp-json\/wp\/v2\/posts\/211965\/revisions"}],"wp:featuredmedia":[{"embeddable":true,"href":"https:\/\/www.europesays.com\/es\/wp-json\/wp\/v2\/media\/211966"}],"wp:attachment":[{"href":"https:\/\/www.europesays.com\/es\/wp-json\/wp\/v2\/media?parent=211965"}],"wp:term":[{"taxonomy":"category","embeddable":true,"href":"https:\/\/www.europesays.com\/es\/wp-json\/wp\/v2\/categories?post=211965"},{"taxonomy":"post_tag","embeddable":true,"href":"https:\/\/www.europesays.com\/es\/wp-json\/wp\/v2\/tags?post=211965"}],"curies":[{"name":"wp","href":"https:\/\/api.w.org\/{rel}","templated":true}]}}