{"id":211974,"date":"2025-11-01T03:59:09","date_gmt":"2025-11-01T03:59:09","guid":{"rendered":"https:\/\/www.europesays.com\/es\/211974\/"},"modified":"2025-11-01T03:59:09","modified_gmt":"2025-11-01T03:59:09","slug":"pradas-no-sabia-donde-estaba-mazon-la-tarde-del-29-o","status":"publish","type":"post","link":"https:\/\/www.europesays.com\/es\/211974\/","title":{"rendered":"Pradas \u201cno sab\u00eda d\u00f3nde estaba Maz\u00f3n\u201d la tarde del 29-O"},"content":{"rendered":"<p class=\"ft-text ft-helper-closenews\">La<strong> exconsellera de Emergencias, Salom\u00e9 Pradas<\/strong>, \u00abno sab\u00eda <strong>d\u00f3nde estaba\u00bb Carlos Maz\u00f3n<\/strong> <a class=\"ft-link ft-link--decoration\" href=\"https:\/\/www.levante-emv.com\/comunitat-valenciana\/2025\/10\/27\/mazon-acompano-vilaplana-parking-desconexion-29-o-123050681.html\" target=\"_blank\" rel=\"nofollow noopener\">en la tarde la dana, cuando pas\u00f3 varias horas en el restaurante El Ventorro <\/a>mientras el Cecopi se encontraba reunido abordando la crisis. Es una de las<strong> novedades dentro del goteo de detalles<\/strong> que, un a\u00f1o y tres d\u00edas despu\u00e9s, sigue dejando aquella tr\u00e1gica jornada, en la que el president lleg\u00f3 al Palau alrededor de las 20 horas.<\/p>\n<p class=\"ft-text\">Con toda la presi\u00f3n pol\u00edtica sobre el jefe del Consell y el partido abierto en canal ante <strong>una posible dimisi\u00f3n en los pr\u00f3ximos d\u00edas<\/strong>, la exconsellera Salom\u00e9 Pradas ha recuperado<strong> presencia p\u00fablica en las \u00faltimas horas.<\/strong> La \u00fanica investigada en la causa de la dana -junto a su exn\u00famero dos Emilio Arg\u00fceso-, pide que se sepa \u00abtoda la verdad\u00bb, y reivindica que su actuaci\u00f3n toda la jornada de la dana fue coherente. <strong>Estuvo al pie del ca\u00f1\u00f3n y tom\u00f3 la iniciativa<\/strong>, defiende.<\/p>\n<p class=\"ft-text\">Pradas, que niega un cambio de estrategia o de versi\u00f3n, gana foco p\u00fablico <strong>en v\u00edsperas de la declaraci\u00f3n de Maribel Vilaplana como testigo<\/strong>. Y despu\u00e9s de un funeral de Estado que ha evidenciado <a class=\"ft-link ft-link--decoration\" href=\"https:\/\/www.levante-emv.com\/espana\/2025\/10\/31\/pp-deja-mazon-decision-dimitir-123233771.html\" target=\"_blank\" rel=\"nofollow noopener\">una situaci\u00f3n pol\u00edtica insostenible<\/a>, seg\u00fan coinciden fuentes del PP. Este movimiento a\u00f1ade m\u00e1s presi\u00f3n al jefe del Consell.<\/p>\n<p class=\"ft-text\">La exconsellera reivindica que durante la jornada, y especialmente durante el Cecopi, fue trasladando al president Carlos Maz\u00f3n (y cuando no lo localizaba, a su equipo de Presidencia) toda la informaci\u00f3n de lo que iba ocurriendo. <strong>\u00abEra lo oportuno, lo l\u00f3gico y lo correcto. No iba a quedarme con una informaci\u00f3n que pod\u00eda derivar en algo muy grave\u00bb<\/strong>, explica sobre la situaci\u00f3n del embalse de Forata, que fue creciendo en gravedad durante la tarde, hasta el punto de temerse un riesgo de desbordamiento. Eso s\u00ed, aclara que <strong>\u00abno llamaba para que el president entrara a un debate o pedir autorizaci\u00f3n,<\/strong> sino que se hab\u00eda acordado en el Cecopi enviar una alerta\u00bb, apunta.<\/p>\n<p>Informaci\u00f3n a las 19.43 horas<\/p>\n<p class=\"ft-text\">A partir de las siete de la tarde, cuando el Cecopi ya ha decidido enviar una alerta masiva e incluso el funcionario Jorge Su\u00e1rez ha le\u00eddo un primer borrador, Pradas trata de comunic\u00e1rselo a Maz\u00f3n. <strong>No podr\u00e1 hacerlo hasta m\u00e1s tarde, las 19.43 horas<\/strong>, porque en dos intentos previos, a las 19.10 horas y a las 19.36 horas, el president no responde. Son los <strong>37 minutos en los que el president no tiene ninguna actividad telef\u00f3nica<\/strong>, seg\u00fan el listado de llamadas hecho p\u00fablico por Presidencia.<\/p>\n<p class=\"ft-text\">En todos esos minutos, adem\u00e1s, <strong>se prolong\u00f3 el env\u00edo del Es Alert, en medio de un debate<\/strong> corroborado por todos los presentes en el Cecopi, y en el que especialmente el inspector jefe de Bomberos, Jos\u00e9 Miguel Basset, no ve\u00eda claro el uso de esta herramienta, por los posibles efectos contraproducentes que pudiera tener.<\/p>\n<p class=\"ft-text\">Respecto al lugar donde se encontraba el president, Pradas se\u00f1ala que fueron momentos muy intensos, y que no pensaba en d\u00f3nde estaban \u00e9l o su equipo de colaboradores, con los que estuvo en contacto toda la jornada.<\/p>\n<p class=\"ft-text\">Las aclaraciones de la tambi\u00e9n <strong>exsenadora van en la l\u00ednea de lo que ya declar\u00f3 ante la jueza en abril<\/strong>, informando de todo de lo que iba sucediendo, pero no hab\u00eda entrado en tantos detalles, como el del Es Alert. <a class=\"ft-link ft-link--decoration\" href=\"https:\/\/www.levante-emv.com\/comunitat-valenciana\/2025\/10\/29\/pradas-reclama-sepa-29-octubre-incluido-donde-estaba-mazon-123151476.html\" target=\"_blank\" rel=\"nofollow noopener\">\u00abSiempre ha contado\u00a0la\u00a0verdad\u00bb, han expresado fuentes pr\u00f3ximas a la exconsellera<\/a>.<\/p>\n<p class=\"ft-text\">Sin embargo, <a class=\"ft-link ft-link--decoration\" href=\"https:\/\/www.levante-emv.com\/comunitat-valenciana\/2025\/10\/29\/abogado-logro-declaracion-maribel-vilaplana-pide-a-la-jueza-que-reclame-el-tique-a-la-empresa-del-aparcamiento-123136423.html\" target=\"_blank\" rel=\"nofollow noopener\">la informaci\u00f3n de Pradas<\/a> ha entrado en conflicto con las palabras de Carlos Maz\u00f3n en una reciente entrevista en el diario El Espa\u00f1ol. En ella, asegura que no se le informa del env\u00edo del Es Alert: <strong>\u201c\u00bfPor qu\u00e9 se me iba a consultar si no viene ni en el protocolo, ni estoy en el plan de inundaciones?<\/strong> Es absurdo. La jerarqu\u00eda, desde luego, est\u00e1 clara. Yo no formo parte del Cecopi\u00bb, se\u00f1al\u00f3. Y a\u00f1ade: \u201cNo se me informa ni soy un tr\u00e1mite a pasar, parecer\u00eda una obstrucci\u00f3n\u00a0t\u00e9cnica\u201d. <strong>Pradas ha confirmado que s\u00ed le inform\u00f3<\/strong>.<\/p>\n<p>Llamadas con Presidencia<\/p>\n<p class=\"ft-text\">Como viene publicando <strong>Levante-EMV<\/strong>, <a class=\"ft-link ft-link--decoration\" href=\"https:\/\/www.levante-emv.com\/comunitat-valenciana\/2025\/04\/16\/documento-listado-completo-llamadas-salome-pradas-mazon-116442165.html\" target=\"_blank\" rel=\"nofollow noopener\">Pradas mantuvo una intensa comunicaci\u00f3n toda la jornada tanto con Maz\u00f3n como con su equipo de estrechos colaboradores.<\/a> Fueron m\u00e1s de una decena de llamadas, muchas de ellas en momentos importantes de la jornada. <a class=\"ft-link ft-link--decoration\" href=\"https:\/\/www.levante-emv.com\/comunitat-valenciana\/2025\/09\/08\/mazon-atendio-ventorro-cuatro-siete-121320526.html\" target=\"_blank\" rel=\"nofollow noopener\">En total, Pradas y Maz\u00f3n cruzan doce intentos de llamadas, aunque s\u00f3lo hablan en siete ocasiones algo m\u00e1s de trece minutos en total.<\/a> De las cinco fallidas, cuatro son porque el president no responde. Adem\u00e1s de con Maz\u00f3n, Pradas estuvo en conversaci\u00f3n telef\u00f3nica con su jefe de gabinete, <strong>Jos\u00e9 Manuel Cuenca<\/strong>, el director de Comunicaci\u00f3n, <strong>Francisco Gonz\u00e1lez<\/strong> y el secretario auton\u00f3mico <strong>Cayetano\u00a0Garc\u00eda, <\/strong>tres cargos relevantes dentro del n\u00facleo duro del dirigente &#8216;popular&#8217;.<\/p>\n<p class=\"ft-text\">En concreto, Pradas y Maz\u00f3n<strong> hablaron dos minutos a las 17:37 horas, ya con el Cecopi en marcha<\/strong>, y cuando Utiel se encontraba en una grav\u00edsima situaci\u00f3n. La conversaci\u00f3n m\u00e1s larga entre ambos se produce <strong>a las 18:16 horas, de siete minutos<\/strong>. Ah\u00ed ya exist\u00eda<strong> una gran preocupaci\u00f3n por el embalse de Forata<\/strong>, donde se hab\u00eda elevado el nivel de emergencia. Hasta las seis y media hablar\u00e1n en dos ocasiones m\u00e1s, de apenas medio minuto en cada caso.<\/p>\n<p class=\"ft-text\">Con todo, hubo dos llamadas, a <strong>las 19.10 y a las 19.36, no respondidas por el president. Fueron los momentos de desconexi\u00f3n de Maz\u00f3n<\/strong>, donde no registra ninguna actividad telef\u00f3nica ni est\u00e1 claro donde se encuentra, atendiendo a su llegada al Palau cerca de las 20 horas. S\u00ed volvieron a comunicar unos segundos de nuevo hacia las 19.43 horas. Es ah\u00ed donde se le informa del Es Alert. Hab\u00eda pasado casi una hora y media desde su \u00faltima comunicaci\u00f3n.<\/p>\n<p data-close=\"closedContent\" class=\"subscribeHideForDisplay\">Suscr\u00edbete para seguir leyendo<\/p>\n","protected":false},"excerpt":{"rendered":"La exconsellera de Emergencias, Salom\u00e9 Pradas, \u00abno sab\u00eda d\u00f3nde estaba\u00bb Carlos Maz\u00f3n en la tarde la dana, cuando&hellip;\n","protected":false},"author":2,"featured_media":211975,"comment_status":"","ping_status":"","sticky":false,"template":"","format":"standard","meta":{"footnotes":""},"categories":[5],"tags":[20378,17,18,12189,25,24,13,14,11,2158,19,20,1439,9,10,15,16,57167,15913,44543,980,23,11054,12,21,22],"class_list":{"0":"post-211974","1":"post","2":"type-post","3":"status-publish","4":"format-standard","5":"has-post-thumbnail","7":"category-titulares","8":"tag-20378","9":"tag-breaking-news","10":"tag-breakingnews","11":"tag-comunitat-valenciana","12":"tag-es","13":"tag-espana","14":"tag-featured-news","15":"tag-featurednews","16":"tag-headlines","17":"tag-justicia","18":"tag-latest-news","19":"tag-latestnews","20":"tag-mazon","21":"tag-news","22":"tag-noticias","23":"tag-noticias-destacadas","24":"tag-noticiasdestacadas","25":"tag-pradas","26":"tag-presidencia","27":"tag-provincia-de-valencia","28":"tag-sabia","29":"tag-spain","30":"tag-tarde","31":"tag-titulares","32":"tag-ultimas-noticias","33":"tag-ultimasnoticias"},"share_on_mastodon":{"url":"https:\/\/pubeurope.com\/@es\/115472443823550972","error":""},"_links":{"self":[{"href":"https:\/\/www.europesays.com\/es\/wp-json\/wp\/v2\/posts\/211974","targetHints":{"allow":["GET"]}}],"collection":[{"href":"https:\/\/www.europesays.com\/es\/wp-json\/wp\/v2\/posts"}],"about":[{"href":"https:\/\/www.europesays.com\/es\/wp-json\/wp\/v2\/types\/post"}],"author":[{"embeddable":true,"href":"https:\/\/www.europesays.com\/es\/wp-json\/wp\/v2\/users\/2"}],"replies":[{"embeddable":true,"href":"https:\/\/www.europesays.com\/es\/wp-json\/wp\/v2\/comments?post=211974"}],"version-history":[{"count":0,"href":"https:\/\/www.europesays.com\/es\/wp-json\/wp\/v2\/posts\/211974\/revisions"}],"wp:featuredmedia":[{"embeddable":true,"href":"https:\/\/www.europesays.com\/es\/wp-json\/wp\/v2\/media\/211975"}],"wp:attachment":[{"href":"https:\/\/www.europesays.com\/es\/wp-json\/wp\/v2\/media?parent=211974"}],"wp:term":[{"taxonomy":"category","embeddable":true,"href":"https:\/\/www.europesays.com\/es\/wp-json\/wp\/v2\/categories?post=211974"},{"taxonomy":"post_tag","embeddable":true,"href":"https:\/\/www.europesays.com\/es\/wp-json\/wp\/v2\/tags?post=211974"}],"curies":[{"name":"wp","href":"https:\/\/api.w.org\/{rel}","templated":true}]}}