{"id":211976,"date":"2025-11-01T04:07:10","date_gmt":"2025-11-01T04:07:10","guid":{"rendered":"https:\/\/www.europesays.com\/es\/211976\/"},"modified":"2025-11-01T04:07:10","modified_gmt":"2025-11-01T04:07:10","slug":"pedro-martinez-analiza-el-proximo-valencia-basket","status":"publish","type":"post","link":"https:\/\/www.europesays.com\/es\/211976\/","title":{"rendered":"Pedro Mart\u00ednez analiza el pr\u00f3ximo Valencia Basket"},"content":{"rendered":"<p class=\"ft-text\"><strong>El Valencia BC intentar\u00e1 cerrar el domingo una semana perfecta con una nueva victoria en la la Liga Endesa<\/strong> despu\u00e9s de las <a class=\"ft-link ft-link--decoration\" href=\"https:\/\/www.superdeporte.es\/valencia-basket\/2025\/10\/30\/taylor-moore-lideran-sufrida-victoria-123204555.html\" rel=\"nofollow noopener\" target=\"_blank\">dos en la Euroliga ante le Fenerbah\u00e7e y el Dubai Basketball<\/a>, pero para ello deber\u00e1 superar a un Recoletas Salud San Pablo Burgos del que no se f\u00eda Pedro Mart\u00ednez. Y es el t\u00e9cnico destaca y estilo e identidad de juego adem\u00e1s del hecho de no haber tenido partidos entre semana, ante un Valencia BC que viene de mucho desgaste f\u00edsico y mental<\/p>\n<p class=\"ft-text\">\u00abLa acb es una liga muy fuerte, ya hemos visto que hace poco para ganar al Lleida hubo much\u00edsimos minutos, sobre todo en la primera parte, que fuimos por detr\u00e1s. <a class=\"ft-link ft-link--decoration\" href=\"https:\/\/www.superdeporte.es\/valencia-basket\/2025\/10\/26\/valencia-basket-joventut-badalona-liga-endesa-directo-123034269.html\" rel=\"nofollow noopener\" target=\"_blank\">Luego contra el Joventut el domingo pasado<\/a>. Nosotros estamos jugando dos competiciones que son muy exigentes f\u00edsicamente y eso hace que cuando jugamos contra equipos como Burgos, que es un muy buen equipo, que est\u00e1n muy bien entrenados, que han estado toda la semana preparando nuestro partido, pues ah\u00ed<strong> son partidos de riesgo<\/strong>. Hace dos semanas en el campo del Real Madrid hicieron un partido excelente, estuvieron compitiendo durante todo el partido, muchos minutos ganando y yo creo que <strong>nos tenemos que preparar para un partido que seguro que va a ser dif\u00edcil<\/strong>. Por todas las connotaciones, no solamente las buenas del rival, sino tambi\u00e9n un poco por todo lo que nosotros llevamos arrastrando\u201d.<\/p>\n<p><img decoding=\"async\" src=\"https:\/\/www.europesays.com\/es\/wp-content\/uploads\/2025\/11\/8e3b7948-a9c4-47a0-8289-da9931387685_alta-libre-aspect-ratio_default_0.jpg\" width=\"1200\" height=\"800\" alt=\"Tensi\u00f3n en una acci\u00f3n defensiva en el \u00faltimo duelo ante el Dubai en el Roig Arena.\" class=\"ft-helper-img-rd\" loading=\"lazy\" hasdataaida=\"true\"\/><\/p>\n<p class=\"ft-helper-fontColor-quaternary ft-helper-fontSize-body-S ft-helper-spacer-t-xxs\">Tensi\u00f3n en una acci\u00f3n defensiva en el \u00faltimo duelo ante el Dubai en el Roig Arena.  \/ Germ\u00e1n Caballero<\/p>\n<p>Elogios al estilo de juego del rival<\/p>\n<p class=\"ft-text\">Sobre su oponente del domingo, el <a class=\"ft-link ft-link--decoration\" href=\"https:\/\/www.acb.com\/club\/plantilla\/id\/549\" rel=\"nofollow noopener\" target=\"_blank\">San Pablo Burgos<\/a>, el t\u00e9cnico taronja no dud\u00f3 en reconocer que \u201c<strong>a m\u00ed me gusta mucho c\u00f3mo juegan, el estilo que tienen, la identidad que tienen<\/strong>. Ya el a\u00f1o pasado en Primera Feb fueron un equipo sensacional y ahora en acb yo creo que tambi\u00e9n est\u00e1n consiguiendo, con los jugadores que han fichado, que tienen bastante calidad, est\u00e1n consiguiendo mantener esa identidad que a m\u00ed personalmente me gusta. Y que hace que todav\u00eda sean un equipo m\u00e1s para respetar al tener tan clara su identidad y la manera en la que quieren jugar\u201d.<\/p>\n<p>Humildad por bandera<\/p>\n<p class=\"ft-text\">En una recta en la que ha conseguido mantener su din\u00e1mica positiva afrontando tipos muy diferentes de partido, el entrenador taronja recuerda que \u201ccada partido es diferente, incluso dir\u00eda que cada competici\u00f3n es diferente. Entonces la adaptaci\u00f3n es clave, pero l<strong>o m\u00e1s importante de todo es tener buena mentalidad, respetar much\u00edsimo a los rivales, saber sufrir durante el partido<\/strong>. Porque es muy f\u00e1cil prepararte para que el partido te venga de cara y ganar de 10 puntos en la media parte y luego ganar de 14. Pero lo bueno es dar una buena respuesta cuando las cosas no te vienen bien y eso es lo que marca al final la diferencia en los equipos y en los clubes, cuando son capaces de superar las adversidades que los partidos y que los rivales nos van a ir creando\u201d.<\/p>\n","protected":false},"excerpt":{"rendered":"El Valencia BC intentar\u00e1 cerrar el domingo una semana perfecta con una nueva victoria en la la Liga&hellip;\n","protected":false},"author":2,"featured_media":211977,"comment_status":"","ping_status":"","sticky":false,"template":"","format":"standard","meta":{"footnotes":""},"categories":[269],"tags":[299,1918,298,623,28490,168,25,24,665,825,1822,12326,57240,1669,57241,3919,23,167,235,2916],"class_list":{"0":"post-211976","1":"post","2":"type-post","3":"status-publish","4":"format-standard","5":"has-post-thumbnail","7":"category-baloncesto","8":"tag-baloncesto","9":"tag-basket","10":"tag-basketball","11":"tag-burgos","12":"tag-debemos","13":"tag-deportes","14":"tag-es","15":"tag-espana","16":"tag-liga-endesa","17":"tag-martinez","18":"tag-pedro","19":"tag-pedro-martinez","20":"tag-respetar","21":"tag-rivales","22":"tag-san-pablo","23":"tag-san-pablo-burgos","24":"tag-spain","25":"tag-sports","26":"tag-valencia","27":"tag-valencia-basket"},"share_on_mastodon":{"url":"https:\/\/pubeurope.com\/@es\/115472475558186876","error":""},"_links":{"self":[{"href":"https:\/\/www.europesays.com\/es\/wp-json\/wp\/v2\/posts\/211976","targetHints":{"allow":["GET"]}}],"collection":[{"href":"https:\/\/www.europesays.com\/es\/wp-json\/wp\/v2\/posts"}],"about":[{"href":"https:\/\/www.europesays.com\/es\/wp-json\/wp\/v2\/types\/post"}],"author":[{"embeddable":true,"href":"https:\/\/www.europesays.com\/es\/wp-json\/wp\/v2\/users\/2"}],"replies":[{"embeddable":true,"href":"https:\/\/www.europesays.com\/es\/wp-json\/wp\/v2\/comments?post=211976"}],"version-history":[{"count":0,"href":"https:\/\/www.europesays.com\/es\/wp-json\/wp\/v2\/posts\/211976\/revisions"}],"wp:featuredmedia":[{"embeddable":true,"href":"https:\/\/www.europesays.com\/es\/wp-json\/wp\/v2\/media\/211977"}],"wp:attachment":[{"href":"https:\/\/www.europesays.com\/es\/wp-json\/wp\/v2\/media?parent=211976"}],"wp:term":[{"taxonomy":"category","embeddable":true,"href":"https:\/\/www.europesays.com\/es\/wp-json\/wp\/v2\/categories?post=211976"},{"taxonomy":"post_tag","embeddable":true,"href":"https:\/\/www.europesays.com\/es\/wp-json\/wp\/v2\/tags?post=211976"}],"curies":[{"name":"wp","href":"https:\/\/api.w.org\/{rel}","templated":true}]}}