{"id":211991,"date":"2025-11-01T04:17:21","date_gmt":"2025-11-01T04:17:21","guid":{"rendered":"https:\/\/www.europesays.com\/es\/211991\/"},"modified":"2025-11-01T04:17:21","modified_gmt":"2025-11-01T04:17:21","slug":"amaia-planta-cara-a-rosalia-con-un-doble-triunfo-de-la-mano-del-folclore-vasco-y-de-rocio-jurado","status":"publish","type":"post","link":"https:\/\/www.europesays.com\/es\/211991\/","title":{"rendered":"Amaia planta cara a Rosal\u00eda con un doble triunfo de la mano del folclore vasco y de Roc\u00edo Jurado"},"content":{"rendered":"<p>En una semana donde <a href=\"https:\/\/www.huffingtonpost.es\/life\/cultura\/rosalia-lanza-opera-saca-lado-mas-barroco-berghain.html\" rel=\"nofollow noopener\" target=\"_blank\">Berghain <\/a>de Rosal\u00eda y los <a href=\"https:\/\/www.huffingtonpost.es\/life\/cultura\/rumba-balada-opera-latin-rosalia-adelanta-fragmentos-canciones-lux.html?outputType=amp\" rel=\"nofollow noopener\" target=\"_blank\">adelantos de Lux <\/a>han copado pr\u00e1cticamente las novedades musicales, Amaia ha dado un golpe de efecto con un lanzamiento que ha recibido aplausos por su videoclip y su sonido, y con una versi\u00f3n de un cl\u00e1sico de Roc\u00edo Jurado ante nada menos que Manuel Alejandro.<\/p>\n<p>La navarra particip\u00f3 en los Premios Aupa! interpretando Como yo te amo, de Roc\u00edo Jurado y que tambi\u00e9n han cantado otros artistas como Raphael. La interpretaci\u00f3n al piano emocion\u00f3 a todos los asistentes al evento, parte del BIME, el festival y punto de encuentro de la industria musical que ha tenido lugar esta semana en Bilbao.<\/p>\n<p>La actuaci\u00f3n fue tan emotiva que logr\u00f3 conmover hasta a su autor, Manuel Alejandro, que se encontraba junto a ella durante la actuaci\u00f3n. El compositor recibi\u00f3 el premio a su trayectoria y la pamplonica el de mejor artista.<\/p>\n<p>Pero este no ha sido el \u00fanico golpe de efecto de Romero esta semana. Este viernes ha publicado Aralar, un homenaje a la sierra del mismo nombre ubicada entre Navarra y Guip\u00fazkoa, con la que revive los mitos folcl\u00f3ricos de Euskadi mezclando la m\u00fasica tradicional vasca y navarra.<\/p>\n<p>Su videoclip, en el que Amaia aparece multiplicada siguiendo un aura de videojuego que ya evocaba en <a href=\"https:\/\/www.huffingtonpost.es\/life\/cultura\/amaia-judeline-desatan-locura-colaboracion-guino-shakira.html\" rel=\"nofollow noopener\" target=\"_blank\">su canci\u00f3n con Judeline<\/a>, ha recibido multitud de halagos. En las im\u00e1genes, podemos ver a Amaia ubicada supuestamente en la Sierra de Aralar, tocando el txistu [flauta de tres agujeros propia del folclore de Euskadi], el tambor o bailando danzas tradicionales con los trajes regionales.<\/p>\n<p>En su letra, Romero mezcla el misticismo y las leyendas locales como el Basajaun, una figura de la mitolog\u00eda vasca que es una especie de \u00abse\u00f1or del bosque\u00bb, elementos del folclore navarro, pero tambi\u00e9n aborda una conexi\u00f3n emocional con la tierra. Todo, hablando de un embrujo y un amarre de amor propio de Halloween.<\/p>\n<p>Tal y como cont\u00f3 en una entrevista con <a href=\"https:\/\/www.elcorreo.com\/culturas\/musica\/amaia-romero-cantante-gusta-jugar-sorpresa-preocupa-entiendan-cambios-20251029073001-nt.html\" target=\"_blank\" rel=\"nofollow noopener\">El Correo<\/a>, ese v\u00ednculo con Aralar le viene por su familia. \u00abMi madre nos hablaba mucho de esa sierra, nos contaba historias de cuando iba de peque\u00f1a. Es un sitio que siempre he tenido muy presente\u00bb, explic\u00f3. Adem\u00e1s, record\u00f3 que\u00a0la \u00abmitolog\u00eda vasca, de la m\u00fasica folcl\u00f3rica del norte\u00bb ha sido algo que ha sentido \u00abmuy familiar\u00bb en su vida.\u00a0<\/p>\n","protected":false},"excerpt":{"rendered":"En una semana donde Berghain de Rosal\u00eda y los adelantos de Lux han copado pr\u00e1cticamente las novedades musicales,&hellip;\n","protected":false},"author":2,"featured_media":211992,"comment_status":"","ping_status":"","sticky":false,"template":"","format":"standard","meta":{"footnotes":""},"categories":[91],"tags":[48295,146,147,25,24,185,23],"class_list":{"0":"post-211991","1":"post","2":"type-post","3":"status-publish","4":"format-standard","5":"has-post-thumbnail","7":"category-entretenimiento","8":"tag-amaia-romero","9":"tag-entertainment","10":"tag-entretenimiento","11":"tag-es","12":"tag-espana","13":"tag-musica","14":"tag-spain"},"share_on_mastodon":{"url":"https:\/\/pubeurope.com\/@es\/115472514680506494","error":""},"_links":{"self":[{"href":"https:\/\/www.europesays.com\/es\/wp-json\/wp\/v2\/posts\/211991","targetHints":{"allow":["GET"]}}],"collection":[{"href":"https:\/\/www.europesays.com\/es\/wp-json\/wp\/v2\/posts"}],"about":[{"href":"https:\/\/www.europesays.com\/es\/wp-json\/wp\/v2\/types\/post"}],"author":[{"embeddable":true,"href":"https:\/\/www.europesays.com\/es\/wp-json\/wp\/v2\/users\/2"}],"replies":[{"embeddable":true,"href":"https:\/\/www.europesays.com\/es\/wp-json\/wp\/v2\/comments?post=211991"}],"version-history":[{"count":0,"href":"https:\/\/www.europesays.com\/es\/wp-json\/wp\/v2\/posts\/211991\/revisions"}],"wp:featuredmedia":[{"embeddable":true,"href":"https:\/\/www.europesays.com\/es\/wp-json\/wp\/v2\/media\/211992"}],"wp:attachment":[{"href":"https:\/\/www.europesays.com\/es\/wp-json\/wp\/v2\/media?parent=211991"}],"wp:term":[{"taxonomy":"category","embeddable":true,"href":"https:\/\/www.europesays.com\/es\/wp-json\/wp\/v2\/categories?post=211991"},{"taxonomy":"post_tag","embeddable":true,"href":"https:\/\/www.europesays.com\/es\/wp-json\/wp\/v2\/tags?post=211991"}],"curies":[{"name":"wp","href":"https:\/\/api.w.org\/{rel}","templated":true}]}}