{"id":212001,"date":"2025-11-01T04:22:34","date_gmt":"2025-11-01T04:22:34","guid":{"rendered":"https:\/\/www.europesays.com\/es\/212001\/"},"modified":"2025-11-01T04:22:34","modified_gmt":"2025-11-01T04:22:34","slug":"defensa-investiga-la-explosion-en-viator-que-deja-un-soldado-fallecido-y-otro-herido","status":"publish","type":"post","link":"https:\/\/www.europesays.com\/es\/212001\/","title":{"rendered":"Defensa investiga la explosi\u00f3n en Viator que deja un soldado fallecido y otro herido"},"content":{"rendered":"<p class=\"article-text\">\n        El Ministerio de Defensa ha trasladado sus condolencias por la muerte del caballero legionario Daniel Ruiz Mateo en una explosi\u00f3n, cuyas causas a\u00fan no se han esclarecido, que ha tenido lugar en las instalaciones de la Comandancia del Campo de Maniobras y Tiro &#8216;\u00c1lvarez de Sotomayor&#8217;, en la que el soldado de la misma unidad Alejandro Carvajal Povedano ha resultado herido.\n    <\/p>\n<p class=\"article-text\">\n        Seg\u00fan la traslado el Ej\u00e9rcito de Tierra en una nota, el soldado herido, que ha sido evacuado por v\u00eda a\u00e9rea de la base, \u201ccontin\u00faa hospitalizado recibiendo atenci\u00f3n m\u00e9dica\u201d.\n    <\/p>\n<p class=\"article-text\">\n        El Ej\u00e9rcito de Tierra ha querido as\u00ed unirse \u201cal dolor de sus familiares y compa\u00f1eros de unidad en estos momentos\u201d al tiempo que ha deseado \u201cuna pronta recuperaci\u00f3n al compa\u00f1ero herido\u201d.\n    <\/p>\n<p class=\"article-text\">\n        Desde el Ministerio de Defensa tambi\u00e9n han hecho constar su \u201cm\u00e1s sentido p\u00e9same a la familia y allegados\u201d del soldado fallecido a trav\u00e9s de un apunte en su cuenta de &#8216;X&#8217; y sus deseos de \u201cpronta recuperaci\u00f3n\u201d al compa\u00f1ero herido.\n    <\/p>\n<p class=\"article-text\">\n        A tenor de este suceso, el alcalde de V\u00edcar (Almer\u00eda), Antonio Bonilla, ha anunciado que el Ayuntamiento va a declarar dos d\u00edas de luto oficial por la muerte del joven legionario, que era natural de la localidad situada en el Poniente almeriense.\n    <\/p>\n<p class=\"article-text\">\n        \u201cEn nombre de todo el pueblo de V\u00edcar, quiero expresar mis m\u00e1s sinceras condolencias a su familia, amigos y compa\u00f1eros de La Legi\u00f3n\u201d, ha trasladado el alcalde en sus redes sociales, en las que ha lamentado el \u201ctr\u00e1gico accidente\u201d.\n    <\/p>\n<p class=\"article-text\">\n        Bonilla ha mandado un mensaje de \u201cafecto y apoyo\u201d en \u201cestos momentos tan duros\u201d a la familia del finado, vecinos de la localidad almeriense. \u201cLa p\u00e9rdida de Daniel nos conmueve profundamente, un joven vicario que serv\u00eda con orgullo y compromiso a su pa\u00eds. Su ejemplo de entrega que permanecer\u00e1 siempre en nuestra memoria\u201d, ha dicho.\n    <\/p>\n<p class=\"article-text\">\n        Por su parte, la Asociaci\u00f3n Nacional Veteranos de la Banda de Guerra tambi\u00e9n ha manifestado su \u201cprofundo dolor\u201d ante la muerte del caballero legionario que \u201chonr\u00f3 nuestra Banda de Guerra con su corneta, elevando el esp\u00edritu legionario en cada toque y desfile\u201d.\n    <\/p>\n<p class=\"article-text\">\n        \u201cSu bravura y dedicaci\u00f3n forjaron un legado eterno, como el eco del &#8216;Novio de la muerte&#8217; en nuestros corazones\u201d, han se\u00f1alado en un comunicado difundido en sus redes en el que aseguran que esta muerte le \u201chiere\u201d pero que \u201csu fuego vive en la Legi\u00f3n\u201d. \u201cNuestro m\u00e1s sentido p\u00e9same a su familia, y toda la gran familia legionaria. Que Dios acoja a este h\u00e9roe\u201d, han a\u00f1adido.\n    <\/p>\n<p class=\"article-text\">\n        De otro lado, el presidente de la Diputaci\u00f3n Provincial de Almer\u00eda, Javier Aureliano Garc\u00eda, ha mandado a la Brigada de la Legi\u00f3n &#8216;Alfonso XIII&#8217; II el p\u00e9same de la instituci\u00f3n provincial la muerte derivada de la deflagraci\u00f3n en la base de Viator. \u201cLa provincia desea una pronta recuperaci\u00f3n al herido grave y todo nuestro apoyo a sus familias y compa\u00f1eros\u201d, ha manifestado.\n    <\/p>\n<p class=\"article-text\">\n        Mientras, el Ej\u00e9rcito de Tierra ha abierto una investigaci\u00f3n para determinar las causas de la detonaci\u00f3n que ha tenido lugar sobre las 11,00 horas en las instalaciones de la Comandancia, seg\u00fan ha confirmado Defensa en un comunicado, en el que apunta que el militar herido fue trasladado a un centro hospitalario para su atenci\u00f3n m\u00e9dica.\n    <\/p>\n<p class=\"article-text\">\n        \u201cEl Ej\u00e9rcito de Tierra se une al dolor de sus familiares y compa\u00f1eros de unidad en estos momentos\u201d, han trasladado a la espera de aclarar las circunstancias del accidente en la instalaciones donde tiene su cuartel la Brigada &#8216;Rey Alfonso XIII&#8217; II de la Legi\u00f3n.\n    <\/p>\n<p class=\"article-text\">\n        Fuentes del servicio unificado de emergencias 112 Andaluc\u00eda y otras cercanas a la investigaci\u00f3n se\u00f1alaron el aviso recibido desde el campamento militar instantes despu\u00e9s de producirse el incidente.\n    <\/p>\n<p class=\"article-text\">\n        Desde el centro coordinador se dio aviso a Bomberos de Almer\u00eda, Polic\u00eda Local de Viator, Guardia Civil y miembros del 061, que desplaz\u00f3 un helic\u00f3ptero hasta la zona para evacuar al herido ante las graves heridas que presentaba. La Guardia Civil tambi\u00e9n ha acudido al lugar de los hechos.\n    <\/p>\n<p class=\"article-text\">\n        Las primeras hip\u00f3tesis apuntan a la detonaci\u00f3n de un artefacto explosivo, aunque otras fuentes se\u00f1alan la posibilidad de que la deflagraci\u00f3n derivara de las propias instalaciones. Desde la Brigada de la Legi\u00f3n aguardan a\u00fan para aclarar este extremo.\n    <\/p>\n<p class=\"article-text\">\n        <a href=\"https:\/\/usuarios.eldiario.es\/hazte_socio\/?utm_source=andalucia&amp;utm_campaign=eell&amp;utm_medium=all&amp;_gl=1*1686cvs*_gcl_au*MTYxMDA0MjMxOS4xNzUzODU2NTg0*_ga*MzI3MDQxMTk0LjE2Njc4MTY1MDY.*_ga_4RZPWREGF3*czE3NTk4MzU1ODckbzcwJGcxJHQxNzU5ODM2MDg2JGo2MCRsMCRoMA..\" target=\"_blank\" data-mrf-recirculation=\"links-noticia\" class=\"link\" rel=\"nofollow noopener\">Desde este enlace<\/a>\u00a0puedes convertirte en nuevo socio\/a de<a href=\"https:\/\/www.eldiario.es\/andalucia\/\" target=\"_blank\" data-mrf-recirculation=\"links-noticia\" class=\"link\" rel=\"nofollow noopener\">\u00a0elDiario.es Andaluc\u00eda<\/a>\u00a0y apoyar\u00e1s econ\u00f3micamente un periodismo independiente y riguroso hecho desde nuestra tierra.\n    <\/p>\n<p class=\"article-text\">\n        Si ya eres socio\/a, puedes hacer una aportaci\u00f3n extra destinada \u00edntegramente a la redacci\u00f3n de Andaluc\u00eda desde el apartado &#8216;Tu cuota&#8217;. Es importante para que podamos seguir contando noticias de Andaluc\u00eda desde Andaluc\u00eda. \u00a1Gracias por tu apoyo!\n    <\/p>\n","protected":false},"excerpt":{"rendered":"El Ministerio de Defensa ha trasladado sus condolencias por la muerte del caballero legionario Daniel Ruiz Mateo en&hellip;\n","protected":false},"author":2,"featured_media":212002,"comment_status":"","ping_status":"","sticky":false,"template":"","format":"standard","meta":{"footnotes":""},"categories":[5],"tags":[1705,259,17,18,2760,3854,25,24,13,14,494,11,1667,19,20,3855,9,10,15,16,1925,1171,23,12,21,22],"class_list":{"0":"post-212001","1":"post","2":"type-post","3":"status-publish","4":"format-standard","5":"has-post-thumbnail","7":"category-titulares","8":"tag-analisis","9":"tag-andalucia","10":"tag-breaking-news","11":"tag-breakingnews","12":"tag-cordoba","13":"tag-eldiario-es","14":"tag-es","15":"tag-espana","16":"tag-featured-news","17":"tag-featurednews","18":"tag-granada","19":"tag-headlines","20":"tag-informacion","21":"tag-latest-news","22":"tag-latestnews","23":"tag-malaga","24":"tag-news","25":"tag-noticias","26":"tag-noticias-destacadas","27":"tag-noticiasdestacadas","28":"tag-opinion","29":"tag-sevilla","30":"tag-spain","31":"tag-titulares","32":"tag-ultimas-noticias","33":"tag-ultimasnoticias"},"share_on_mastodon":{"url":"https:\/\/pubeurope.com\/@es\/115472534272326411","error":""},"_links":{"self":[{"href":"https:\/\/www.europesays.com\/es\/wp-json\/wp\/v2\/posts\/212001","targetHints":{"allow":["GET"]}}],"collection":[{"href":"https:\/\/www.europesays.com\/es\/wp-json\/wp\/v2\/posts"}],"about":[{"href":"https:\/\/www.europesays.com\/es\/wp-json\/wp\/v2\/types\/post"}],"author":[{"embeddable":true,"href":"https:\/\/www.europesays.com\/es\/wp-json\/wp\/v2\/users\/2"}],"replies":[{"embeddable":true,"href":"https:\/\/www.europesays.com\/es\/wp-json\/wp\/v2\/comments?post=212001"}],"version-history":[{"count":0,"href":"https:\/\/www.europesays.com\/es\/wp-json\/wp\/v2\/posts\/212001\/revisions"}],"wp:featuredmedia":[{"embeddable":true,"href":"https:\/\/www.europesays.com\/es\/wp-json\/wp\/v2\/media\/212002"}],"wp:attachment":[{"href":"https:\/\/www.europesays.com\/es\/wp-json\/wp\/v2\/media?parent=212001"}],"wp:term":[{"taxonomy":"category","embeddable":true,"href":"https:\/\/www.europesays.com\/es\/wp-json\/wp\/v2\/categories?post=212001"},{"taxonomy":"post_tag","embeddable":true,"href":"https:\/\/www.europesays.com\/es\/wp-json\/wp\/v2\/tags?post=212001"}],"curies":[{"name":"wp","href":"https:\/\/api.w.org\/{rel}","templated":true}]}}