{"id":212003,"date":"2025-11-01T04:30:12","date_gmt":"2025-11-01T04:30:12","guid":{"rendered":"https:\/\/www.europesays.com\/es\/212003\/"},"modified":"2025-11-01T04:30:12","modified_gmt":"2025-11-01T04:30:12","slug":"el-super-agropal-palencia-se-deshace-ante-el-alicante","status":"publish","type":"post","link":"https:\/\/www.europesays.com\/es\/212003\/","title":{"rendered":"El S\u00faper Agropal Palencia se deshace ante el Alicante"},"content":{"rendered":"<p>El S\u00faper Agropal Palencia sum\u00f3 su segunda derrota consecutiva ante el HLA Alicante en una aut\u00e9ntica debacle del conjunto morado. Los de Natxo Lezkano dejaron  &#8230; escapar una ventaja de catorce puntos para terminar cayendo estrepitosamente por veinte puntos de diferencia. El desacierto total de los palentinos en la segunda mitad les pas\u00f3 factura, con los fantasmas del encuentro en Melilla reapareciendo. Resultado, doce puntos en el tercer cuarto y seis en el cuarto, en una p\u00e9sima puesta en escena de un equipo sin ideas por momentos. El S\u00faper Agropal necesita reaccionar y recuperar las buenas sensaciones de manera urgente. Pr\u00f3ximo rival, el CB Zamora a domicilio.<\/p>\n<p class=\"v-p\">La previa del encuentro cont\u00f3 con Luis Guil \u2013ext\u00e9cnico morado- como principal atractivo. El actual t\u00e9cnico asistente del Real Madrid estuvo presente en el Pabell\u00f3n, aclamado y muy bien recibido por los aficionados palentinos. El S\u00faper Agropal Palencia arranc\u00f3 enchufado el encuentro, con Ugochukwu monopolizando la anotaci\u00f3n en los primeros compases para decantar el primer parcial del lado palentino (6-3). Vrankic y Tobias Borg ampliaron la renta morada, sumado a una intensa defensa que provoc\u00f3 varias p\u00e9rdidas en el HLA Alicante. Un triple frontal de Kamba, nada m\u00e1s colocar un tap\u00f3n en el otro lado de la pista, situaba nueve arriba a los de Lezkano (14-5). Reaccion\u00f3 parcialmente el conjunto alicantino, aunque la acometida inmediata del S\u00faper Agropal logr\u00f3 instaurar diez puntos de margen despu\u00e9s de un sensacional dos m\u00e1s uno de Wintering, tras un robo de Adam Kunkel (19-9). Aris y Jord\u00e1 estrecharon la diferencia en el \u00faltimo minuto de cuarto, para concluir con 21-14.<\/p>\n<p><a class=\"v-a-link\" href=\"https:\/\/www.elnortedecastilla.es\/palencia\/buscate-gradas-super-agropal-palenciaalicante-20251101001807-ga.html\" data-voc-vtm-id=\"in-text-traffic\" title=\"\" aria-label=\"Imagen\" rel=\"nofollow noopener\" target=\"_blank\"><br \/>\n<img decoding=\"async\" loading=\"lazy\" src=\"https:\/\/www.europesays.com\/es\/wp-content\/uploads\/2025\/11\/PUBLICO (24)-U2201823305273qBE-U240802100499dC-650x455@El Norte.jpg\" class=\"v-a-img\" width=\"650\" height=\"455\" alt=\"\" data-voc-vtm-id=\"in-text-traffic\"\/><\/p>\n<p><\/a><\/p>\n<p class=\"v-p\">El paso por vestuarios le vali\u00f3 al cuadro morado para recargar pilas. Tras encajar la primera canasta en manos de Jord\u00e1, lleg\u00f3 un triple de Jakovics y un mate de Ugochukwu para forzar el primer tiempo muerto de Rub\u00e9n Perell\u00f3 (26-16). Pero los visitantes regresaban m\u00e1s entonados tras el paso por banquillos, con Tamba anotando bajo canasta y con otro triple de Jord\u00e1. Vrankic respondi\u00f3 de inmediato con otro triple y Armus reinstauraba la ventaja palentina. Cuatro puntos consecutivos de Wintering, m\u00e1s un mate de Kamba, obligaban nuevamente a Perell\u00f3 a detener el crono ante la avalancha morada (39-25). Un dos m\u00e1s uno de Geu y otro triple de \u00c1lex Jord\u00e1 recortaba nuevamente la diferencia a diez puntos. Natxo Lezkano pidi\u00f3 tiempo muerto a falta de 9,4 segundos para preparar el \u00faltimo ataque de la primera mitad. Lanz\u00f3 finalmente Xabi Oroz desde la esquina, aunque no acert\u00f3.<\/p>\n<p><a href=\"http:\/\/www.elnortedecastilla.es\/palencia\/primera-prueba-exigente-super-agropal-palencia-ante-20251031174538-nt.html#vtm_modulosEngag=mod-rel:palencia:noticia:1:cmp:1-not\" class=\"v-a-link\" aria-label=\"Imagen\" rel=\"nofollow noopener\" target=\"_blank\"><\/p>\n<p><img decoding=\"async\" loading=\"lazy\" src=\"https:\/\/www.europesays.com\/es\/wp-content\/uploads\/2025\/11\/FACTORIA9-kn3H--366x256@El Norte.jpg\" class=\"v-a-img\" width=\"258\" height=\"180\" alt=\"\" data-voc-vtm-id=\"in-text-traffic\"\/><\/p>\n<p><\/a><\/p>\n<p class=\"v-p\">El nuevo paso por vestuarios le sent\u00f3 mejor al HLA Alicante. Un dos m\u00e1s uno de Larsen y un triple de Mike Torres recortaban diferencias para los visitantes. Jakovics respondi\u00f3 nuevamente desde el triple, aunque Jordan Walker desde la personal, m\u00e1s otro triple de Mike Torres, situaban a los alicantinos a tan solo cuatro puntos (50-46). Natxo Lezkano par\u00f3 el partido en busca de soluciones de cara a los \u00faltimos tres minutos del cuarto. El S\u00faper Agropal Palencia estaba atascado en ataque y no encontraba soluciones para anotar, con la posibilidad de que reapareciesen los fantasmas del partido en Melilla. Richardson anot\u00f3 cuatro puntos consecutivos para empatar el encuentro y Wintering por fin rompi\u00f3 la sequ\u00eda local, desde la personal. Los palentinos continuaron sin encontrar acierto en ataque, lo que aprovech\u00f3 el HLA Alicante para situarse por delante por primera vez en todo el choque. El cuarto para los visitantes lo redonde\u00f3 Larsen con la \u00faltima canasta, echando el cierre con m\u00e1s cinco para los de Perell\u00f3 (53-58).<\/p>\n<p class=\"v-p\">El \u00faltimo cuarto arrancaba con t\u00e9cnica a Geu por no dejar sacar y con Tobias Borg fallando el lanzamiento libre. Ugochukwu s\u00ed acertaba a recortar desde la personal, pero el ataque del HLA Alicante continuaba encontrando los espacios en la defensa morada. Coulibaly con un mate y Aris y Richardson con sendas bandejas marcaban la m\u00e1xima hasta el momento para los alicantinos (55-64). Lezkano par\u00f3 otra vez el partido y tras el tiempo muerto Vrankic acertaba bajo canasta. Un triple de Jordan Walker y otro de Mendikote desde la esquina sentenciaban pr\u00e1cticamente el partido ante el desacierto constante del S\u00faper Agropal. El propio Walker asestaba un nuevo golpe a los palentinos, que estaban con trece de desventaja a falta de 2:38. La debacle fue todav\u00eda mayor en los \u00faltimos compases de juego. Jordan Walker domin\u00f3 a su antojo dichos minutos, donde los de Natxo Lezkano no fueron capaces de anotar una sola canasta. Derrota merecida y abultada finalmente, por 59-79, entre los silbidos de un Pabell\u00f3n Municipal, muy enfadado con los suyos.<\/p>\n","protected":false},"excerpt":{"rendered":"El S\u00faper Agropal Palencia sum\u00f3 su segunda derrota consecutiva ante el HLA Alicante en una aut\u00e9ntica debacle del&hellip;\n","protected":false},"author":2,"featured_media":212004,"comment_status":"","ping_status":"","sticky":false,"template":"","format":"standard","meta":{"footnotes":""},"categories":[269],"tags":[20536,2206,1575,299,298,168,14604,25,24,6442,23,167,3400],"class_list":{"0":"post-212003","1":"post","2":"type-post","3":"status-publish","4":"format-standard","5":"has-post-thumbnail","7":"category-baloncesto","8":"tag-agropal","9":"tag-alicante","10":"tag-ante","11":"tag-baloncesto","12":"tag-basketball","13":"tag-deportes","14":"tag-deshace","15":"tag-es","16":"tag-espana","17":"tag-palencia","18":"tag-spain","19":"tag-sports","20":"tag-super"},"share_on_mastodon":{"url":"https:\/\/pubeurope.com\/@es\/115472566020194417","error":""},"_links":{"self":[{"href":"https:\/\/www.europesays.com\/es\/wp-json\/wp\/v2\/posts\/212003","targetHints":{"allow":["GET"]}}],"collection":[{"href":"https:\/\/www.europesays.com\/es\/wp-json\/wp\/v2\/posts"}],"about":[{"href":"https:\/\/www.europesays.com\/es\/wp-json\/wp\/v2\/types\/post"}],"author":[{"embeddable":true,"href":"https:\/\/www.europesays.com\/es\/wp-json\/wp\/v2\/users\/2"}],"replies":[{"embeddable":true,"href":"https:\/\/www.europesays.com\/es\/wp-json\/wp\/v2\/comments?post=212003"}],"version-history":[{"count":0,"href":"https:\/\/www.europesays.com\/es\/wp-json\/wp\/v2\/posts\/212003\/revisions"}],"wp:featuredmedia":[{"embeddable":true,"href":"https:\/\/www.europesays.com\/es\/wp-json\/wp\/v2\/media\/212004"}],"wp:attachment":[{"href":"https:\/\/www.europesays.com\/es\/wp-json\/wp\/v2\/media?parent=212003"}],"wp:term":[{"taxonomy":"category","embeddable":true,"href":"https:\/\/www.europesays.com\/es\/wp-json\/wp\/v2\/categories?post=212003"},{"taxonomy":"post_tag","embeddable":true,"href":"https:\/\/www.europesays.com\/es\/wp-json\/wp\/v2\/tags?post=212003"}],"curies":[{"name":"wp","href":"https:\/\/api.w.org\/{rel}","templated":true}]}}