{"id":212034,"date":"2025-11-01T04:55:11","date_gmt":"2025-11-01T04:55:11","guid":{"rendered":"https:\/\/www.europesays.com\/es\/212034\/"},"modified":"2025-11-01T04:55:11","modified_gmt":"2025-11-01T04:55:11","slug":"energia-de-tigre-corazon-de-oro","status":"publish","type":"post","link":"https:\/\/www.europesays.com\/es\/212034\/","title":{"rendered":"Energ\u00eda de tigre, coraz\u00f3n de oro"},"content":{"rendered":"<p id=\"eCRv5hsoCO\" data-wc=\"89\">Hay personas que est\u00e1n destinadas a conocerse, como <strong>Fernando Hierro y Fani Stipkovic.<\/strong> Hace cuatro a\u00f1os sus caminos se cruzaron y la conexi\u00f3n entre ambos fue tan fuerte que decidieron apostarlo todo. No sab\u00edan si era el mejor momento para iniciar una relaci\u00f3n, pero el amor manda. El tiempo les ha demostrado que no pudieron tomar una decisi\u00f3n mejor y la vida les ha dado <a class=\"hm-link ho-link\" href=\"https:\/\/www.hola.com\/actualidad\/20240209355628\/fernando-hierro-fani-stipkovic-presentan-bebe-nicolas-valentin\/\" data-mrf-recirculation=\"article-body-link\" rel=\"nofollow noopener\" target=\"_blank\">el mejor de los regalos: su hijo Nicol\u00e1s Valent\u00edn<\/a>. <strong>El ni\u00f1o acaba de celebrar su segundo cumplea\u00f1os en una divertida fiesta en plena jungla.<\/strong><\/p>\n<p> <img src=\"https:\/\/www.europesays.com\/es\/wp-content\/uploads\/2025\/11\/d1705628b81c-fernando-hierro.jpg\"   width=\"1024\" height=\"1024\" loading=\"lazy\" decoding=\"async\" alt=\"Fernando Hierro y Fani Stipkovic\" fetchpriority=\"auto\" class=\"image ho-image\"\/>\u00a9 @fanistipkovic Fernando Hierro y Fani Stipkovic celebrando el segundo cumplea\u00f1os de su hijo<\/p>\n<p id=\"e03q-JHP6j\" data-wc=\"82\">La casa familiar se ha transformado por unas horas para convertirse en una selva. Seg\u00fan caminaban por el jard\u00edn, los invitados se teletransportaban gracias a la cuidada decoraci\u00f3n, con globos, plantas, fotos y peluches de tigre en tama\u00f1o XL as\u00ed como cupcakes personalizados y una tarta con figuras de animales: desde jirafas a elefantes, pasando por monos, cebras&#8230; <strong>Todos reunidos para ver soplar las velas al protagonista de la jornada, a quienes sus padres definen como\u00a0<\/strong><strong>\u00abnuestro peque\u00f1o rey de la jungla\u00bb.<\/strong><\/p>\n<p> <img src=\"https:\/\/www.europesays.com\/es\/wp-content\/uploads\/2025\/11\/e1e77693ad10-fernando-hierro-1.jpg\"   width=\"1024\" height=\"1024\" loading=\"lazy\" decoding=\"async\" alt=\"Fernando Hierro y Fani Stipkovic\" fetchpriority=\"auto\" class=\"image ho-image\"\/>\u00a9 @fanistipkovicHierro partiendo la tarta del cumplea\u00f1os de su tercer hijo<\/p>\n<p>  <img src=\"https:\/\/www.europesays.com\/es\/wp-content\/uploads\/2025\/11\/2014a5d35423-nuestro-pequeo-rey-de-la-jungla-born-two-be-wild.jpg\"   width=\"1024\" height=\"1024\" loading=\"lazy\" decoding=\"async\" alt=\"Fernando Hierro y Fani Stipkovic\" fetchpriority=\"auto\" class=\"image ho-image\"\/>\u00a9 @fanistipkovicLos animales, protagonistas del cumplea\u00f1os de Nicol\u00e1s<\/p>\n<p>  <img src=\"https:\/\/www.europesays.com\/es\/wp-content\/uploads\/2025\/11\/50aca239675a-nuestro-pequeo-rey-de-la-jungla-born-two-be-wild-3.jpg\"   width=\"1024\" height=\"1024\" loading=\"lazy\" decoding=\"async\" alt=\"Fernando Hierro y Fani Stipkovic\" fetchpriority=\"auto\" class=\"image ho-image\"\/>\u00a9 @fanistipkovicGlobos y peluches convirtieron la casa familiar en una jungla<\/p>\n<p>  <img src=\"https:\/\/www.europesays.com\/es\/wp-content\/uploads\/2025\/11\/15d0e6bd3d50-nuestro-pequeo-rey-de-la-jungla-born-two-be-wild-4.jpg\"   width=\"1024\" height=\"1024\" loading=\"lazy\" decoding=\"async\" alt=\"Fernando Hierro y Fani Stipkovic\" fetchpriority=\"auto\" class=\"image ho-image\"\/>\u00a9 @fanistipkovicUnas originales cupcakes con caras de animales<\/p>\n<p id=\"etkKimtI_i\" data-wc=\"105\">\u00abBorn TWO be wild.<strong>\u00a0Energ\u00eda de tigre, coraz\u00f3n de oro.<\/strong> Feliz cumplea\u00f1os, Nicol\u00e1s. Nuestro mundo, nuestro coraz\u00f3n\u00bb, han dicho Fernando Hierro y Fani Stipkovic. Madre e hijo se disfrazaron para la fiesta, en la que no faltaron regalos como un patinete. El ni\u00f1o, al que le gustan mucho los animales, demostr\u00f3 ser muy curioso, observador, inquieto y travieso. Estaba exultante de tener en su propia casa todos esos animales que ve en los dibujos y en los cuentos<strong>. Las miradas de sus padres hablaban por s\u00ed solas al verle tan feliz y rodeado de personas importantes para la familia que quieren tanto a su hijo.<\/strong><\/p>\n<p> <img src=\"https:\/\/www.europesays.com\/es\/wp-content\/uploads\/2025\/11\/6e7e99391892-nuestro-pequeo-rey-de-la-jungla-born-two-be-wild-6.jpg\"   width=\"1024\" height=\"1024\" loading=\"lazy\" decoding=\"async\" alt=\"Fernando Hierro y Fani Stipkovic\" fetchpriority=\"auto\" class=\"image ho-image\"\/>\u00a9 @fanistipkovicUna simp\u00e1tica imagen del matrimonio en la fiesta de su ni\u00f1o<\/p>\n<p id=\"eaVGqEwFs7\" data-wc=\"110\">Seg\u00fan explicaba la periodista en \u00a1HOLA!, donde nos invitaron a su boda y nos presentaron a su hijo, Nicol\u00e1s es una mezcla de los dos al haber heredado rasgos suyos y tambi\u00e9n de su marido: \u00abCreo que la parte superior, la nariz y los ojos son m\u00edos. Pero la sonrisa&#8230;<strong>\u00a0La sonrisa es de su pap\u00e1. Es de Fernando<\/strong>\u00ab. Desde que el ni\u00f1o lleg\u00f3 al mundo en M\u00e9xico, su felicidad se ha multiplicado y la prioridad de ambos es disfrutar al m\u00e1ximo con el peque\u00f1o. Adem\u00e1s, el exfutbolista es padre de dos hijos mayores de su primer matrimonio y <a class=\"hm-link ho-link\" href=\"https:\/\/www.hola.com\/actualidad\/20240425253026\/hijo-fernando-hierro-ha-sido-padre\/\" data-mrf-recirculation=\"article-body-link\" rel=\"nofollow noopener\" target=\"_blank\">tiene un nieto llamado \u00c1lvaro Jr,<\/a> de un a\u00f1o y medio.<\/p>\n<p> <img src=\"https:\/\/www.europesays.com\/es\/wp-content\/uploads\/2025\/11\/22c0034c79a0-nuestro-pequeo-rey-de-la-jungla-born-two-be-wild-2.jpg\"   width=\"1024\" height=\"1024\" loading=\"lazy\" decoding=\"async\" alt=\"Fernando Hierro y Fani Stipkovic\" fetchpriority=\"auto\" class=\"image ho-image\"\/>\u00a9 @fanistipkovicFani tambi\u00e9n se disfraz\u00f3 para la celebraci\u00f3n<\/p>\n<p id=\"eJf6GvEBV3\" data-wc=\"130\">Aunque todav\u00eda es pronto para ver cu\u00e1les son sus aficiones, no hay duda de que a Nicol\u00e1s le inculcar\u00e1n los valores de la actividad f\u00edsica. No en vano, es hijo de uno de los mejores defensas de la historia del Real Madrid y de una periodista deportiva. Los dos tienen claro que respetar\u00e1n el camino que elija y que hasta entonces se esforzar\u00e1n \u00abpara que pueda desarrollar su imaginaci\u00f3n, para que sea bueno y respetuoso y amable e independiente\u2026\u00bb. <strong>Da igual su profesi\u00f3n, solo quieren que \u00absea trabajador y tenga valores, que no se sienta privilegiado o diferente de nadie, que sea consciente del mundo que le ha tocado vivir y que sienta empat\u00eda\u00bb.\u00a0<\/strong>Y es que ambos le educan para que sea una persona con valores, honesta, con car\u00e1cter.<\/p>\n","protected":false},"excerpt":{"rendered":"Hay personas que est\u00e1n destinadas a conocerse, como Fernando Hierro y Fani Stipkovic. Hace cuatro a\u00f1os sus caminos&hellip;\n","protected":false},"author":2,"featured_media":212035,"comment_status":"","ping_status":"","sticky":false,"template":"","format":"standard","meta":{"footnotes":""},"categories":[174],"tags":[517,255,146,147,25,24,256,57254,23],"class_list":{"0":"post-212034","1":"post","2":"type-post","3":"status-publish","4":"format-standard","5":"has-post-thumbnail","7":"category-famosos","8":"tag-actualidad","9":"tag-celebrities","10":"tag-entertainment","11":"tag-entretenimiento","12":"tag-es","13":"tag-espana","14":"tag-famosos","15":"tag-fernando-hierro","16":"tag-spain"},"share_on_mastodon":{"url":"https:\/\/pubeurope.com\/@es\/115472664462167100","error":""},"_links":{"self":[{"href":"https:\/\/www.europesays.com\/es\/wp-json\/wp\/v2\/posts\/212034","targetHints":{"allow":["GET"]}}],"collection":[{"href":"https:\/\/www.europesays.com\/es\/wp-json\/wp\/v2\/posts"}],"about":[{"href":"https:\/\/www.europesays.com\/es\/wp-json\/wp\/v2\/types\/post"}],"author":[{"embeddable":true,"href":"https:\/\/www.europesays.com\/es\/wp-json\/wp\/v2\/users\/2"}],"replies":[{"embeddable":true,"href":"https:\/\/www.europesays.com\/es\/wp-json\/wp\/v2\/comments?post=212034"}],"version-history":[{"count":0,"href":"https:\/\/www.europesays.com\/es\/wp-json\/wp\/v2\/posts\/212034\/revisions"}],"wp:featuredmedia":[{"embeddable":true,"href":"https:\/\/www.europesays.com\/es\/wp-json\/wp\/v2\/media\/212035"}],"wp:attachment":[{"href":"https:\/\/www.europesays.com\/es\/wp-json\/wp\/v2\/media?parent=212034"}],"wp:term":[{"taxonomy":"category","embeddable":true,"href":"https:\/\/www.europesays.com\/es\/wp-json\/wp\/v2\/categories?post=212034"},{"taxonomy":"post_tag","embeddable":true,"href":"https:\/\/www.europesays.com\/es\/wp-json\/wp\/v2\/tags?post=212034"}],"curies":[{"name":"wp","href":"https:\/\/api.w.org\/{rel}","templated":true}]}}