{"id":212048,"date":"2025-11-01T05:04:07","date_gmt":"2025-11-01T05:04:07","guid":{"rendered":"https:\/\/www.europesays.com\/es\/212048\/"},"modified":"2025-11-01T05:04:07","modified_gmt":"2025-11-01T05:04:07","slug":"el-3i-atlas-ni-nave-espacial-ni-origen-alienigena-si-pudiesemos-encontrar-otras-civilizaciones-no-seria-por-los-cometas-ciencia","status":"publish","type":"post","link":"https:\/\/www.europesays.com\/es\/212048\/","title":{"rendered":"El 3I\/ATLAS, ni nave espacial ni origen alien\u00edgena: \u201cSi pudi\u00e9semos encontrar otras civilizaciones, no ser\u00eda por los cometas\u201d | Ciencia"},"content":{"rendered":"<p class=\"\">Las hip\u00f3tesis espectaculares se difunden m\u00e1s f\u00e1cilmente que los verdaderos hechos cient\u00edficos, sobre todo cuando provienen de una voz con cierto prestigio. Eso ha ocurrido con <a href=\"https:\/\/elpais.com\/ciencia\/2025-10-08\/captado-desde-marte-al-cometa-3iatlas-el-tercer-visitante-de-fuera-del-sistema-solar.html\" target=\"_blank\" rel=\"nofollow noopener\" title=\"https:\/\/elpais.com\/ciencia\/2025-10-08\/captado-desde-marte-al-cometa-3iatlas-el-tercer-visitante-de-fuera-del-sistema-solar.html\">el cometa 3I\/ATLAS<\/a> \u2014detectado el pasado julio desde el observatorio del Sistema de Alerta de Impacto Terrestre de Asteroides (ATLAS) en R\u00edo Hurtado (Chile)\u2014, que ha sido objeto de una oleada de especulaciones en redes sociales desde que Avi Loeb, <a href=\"https:\/\/arxiv.org\/pdf\/2507.12213\" target=\"_blank\" rel=\"nofollow noopener\" title=\"https:\/\/arxiv.org\/pdf\/2507.12213\">un astr\u00f3nomo de Harvard, sugiriera que podr\u00eda tratarse de una nave alien\u00edgena<\/a>. Para los expertos, no son m\u00e1s que ideas carentes de sentido. De acuerdo con Michael Kueppers, astrof\u00edsico de la Agencia Espacial Europea (ESA), en lo que se ha visto no hay nada que apunte a que sea otra cosa que un cuerpo celeste de origen interestelar; con caracter\u00edsticas qu\u00edmicas que son inusuales, s\u00ed, pero explicables.<\/p>\n<p class=\"\">\u201cSi realmente pudi\u00e9semos encontrar otras civilizaciones, los cometas no ser\u00edan la manera de hacerlo\u201d, explica Kueppers, quien recalca que <a href=\"https:\/\/elpais.com\/ciencia\/2025-07-03\/3iatlas-un-cometa-interestelar-que-avanza-a-gran-velocidad-hacia-el-interior-del-sistema-solar.html\" target=\"_self\" rel=\"nofollow noopener\" title=\"https:\/\/elpais.com\/ciencia\/2025-07-03\/3iatlas-un-cometa-interestelar-que-avanza-a-gran-velocidad-hacia-el-interior-del-sistema-solar.html\">la particularidad del 3I\/ATLAS radica en su origen:<\/a> \u201cEs un objeto que no se ha formado en nuestro sistema solar, sino en otro punto de la galaxia\u201d, se\u00f1ala. Aunque se desconoce su lugar exacto de procedencia, los astr\u00f3nomos saben que se trata de un viajero interestelar: un fragmento de otro sistema planetario que, tras miles de millones de a\u00f1os en el espacio, est\u00e1 ahora cruzando el nuestro.<\/p>\n<p>M\u00e1s informaci\u00f3n<\/p>\n<p class=\"\">Pero lo que m\u00e1s ha sorprendido a los expertos ha sido su singular composici\u00f3n. Frente a la mayor\u00eda de los cometas del sistema solar \u2014formados principalmente por agua helada, otros hielos y polvo\u2014, <a href=\"https:\/\/elpais.com\/ciencia\/2025-07-03\/3iatlas-un-cometa-interestelar-que-avanza-a-gran-velocidad-hacia-el-interior-del-sistema-solar.html\" target=\"_blank\" rel=\"nofollow noopener\" title=\"https:\/\/elpais.com\/ciencia\/2025-07-03\/3iatlas-un-cometa-interestelar-que-avanza-a-gran-velocidad-hacia-el-interior-del-sistema-solar.html\">el 3I\/ATLAS<\/a> presenta una proporci\u00f3n inusualmente alta de di\u00f3xido de carbono (CO\u2082) en relaci\u00f3n con el agua. De acuerdo con Kueppers, esa caracter\u00edstica podr\u00eda indicar que se form\u00f3 en un entorno m\u00e1s fr\u00edo que su sistema de origen, y donde podr\u00edan acumularse elementos vol\u00e1tiles a temperaturas m\u00e1s bajas. Aunque tambi\u00e9n puede deberse a un efecto de su recorrido. <\/p>\n<p class=\"\">Otro rasgo distintivo es su abundancia de n\u00edquel met\u00e1lico. Si bien el motivo a\u00fan no se comprende del todo, este cient\u00edfico planetario destaca que este hallazgo podr\u00eda aportar pistas sobre la diversidad de otros sistemas planetarios. \u201cEstos objetos nos permiten conocer de primera mano c\u00f3mo son los sistemas estelares fuera del nuestro\u201d, explica Kueppers. <\/p>\n<p>Una composici\u00f3n poco com\u00fan<\/p>\n<p class=\"\">A diferencia de las im\u00e1genes lejanas y limitadas que son captadas por los telescopios, los objetos interestelares como este traen consigo material f\u00edsico de sus antiqu\u00edsimos mundos (se estima que el 3I\/ATLAS sea probablemente 3.000 millones de a\u00f1os m\u00e1s viejo que el sistema solar). Hasta ahora, apenas se han detectado otros dos visitantes de este tipo: el 1I\/\u2019Oumuamua en 2017 y el 2I\/Borisov en 2019, y cada uno ha ofrecido una pieza m\u00e1s del rompecabezas sobre c\u00f3mo se forman los planetas y cometas alrededor de otras estrellas. <\/p>\n<p class=\"\">En su hip\u00f3tesis m\u00e1s reciente, Avi Loeb \u2014f\u00edsico israel\u00ed-estadounidense de 63 a\u00f1os y profesor en la Universidad Harvard\u2014 plante\u00f3 que la 3I\/Atlas ejecutar\u00eda una maniobra de navegaci\u00f3n cuando alcanzara su punto m\u00e1s cercano al centro de nuestro sistema planetario a finales de octubre (a casi 200 millones de kil\u00f3metros de la Tierra) y, al tratarse de una nave con tripulaci\u00f3n alien\u00edgena, liberar\u00eda sondas hacia los planetas que orbitan el Sol. <\/p>\n<p class=\"\">Elena Manjavacas, astr\u00f3noma del Instituto de Ciencias del Telescopio Espacial (STScI) en Maryland, <a href=\"https:\/\/elpais.com\/ciencia\/vacio-cosmico\/2025-04-18\/no-sabemos-todavia-si-hay-vida-extraterrestre-por-que-estropear-un-buen-titular-con-la-verdad.html\" target=\"_blank\" rel=\"nofollow noopener\" title=\"https:\/\/elpais.com\/ciencia\/vacio-cosmico\/2025-04-18\/no-sabemos-todavia-si-hay-vida-extraterrestre-por-que-estropear-un-buen-titular-con-la-verdad.html\">descarta cualquier especulaci\u00f3n que vincule al cometa 3I\/ATLAS con tecnolog\u00eda alien\u00edgena<\/a>. Para que esas ideas tuvieran el m\u00e1s m\u00ednimo sentido, apunta, tendr\u00edan que cumplirse condiciones previas y extraordinarias. \u201cPrimero, que exista vida en otro lugar del universo; segundo, que sea inteligente; tercero, que haya desarrollado una civilizaci\u00f3n con capacidad tecnol\u00f3gica similar a la de una agencia espacial; y, por \u00faltimo, que conozca la existencia de la Tierra y haya decidido enviar una nave hasta aqu\u00ed\u201d, detalla la cient\u00edfica espa\u00f1ola.<\/p>\n<p class=\"\">Seg\u00fan Manjavacas, la probabilidad de que todo eso ocurra simult\u00e1neamente es pr\u00e1cticamente nula. En cambio, la explicaci\u00f3n cient\u00edfica de que es un cometa interestelar es mucho m\u00e1s sencilla y coincide con las palabras de Kueppers: <a href=\"https:\/\/www.ciencia.gob.es\/Noticias\/2025\/octubre\/cometa-3I-ATLAS-visita-nuestro-sistema-solar.html\" target=\"_blank\" rel=\"nofollow noopener\" title=\"https:\/\/www.ciencia.gob.es\/Noticias\/2025\/octubre\/cometa-3I-ATLAS-visita-nuestro-sistema-solar.html\">el 3I\/ATLAS tiene caracter\u00edsticas poco comunes<\/a>, pero coherentes con lo que se espera de un objeto que viaja desde regiones fr\u00edas y lejanas de la galaxia. \u201cEs much\u00edsimo m\u00e1s probable que estemos viendo un cometa peculiar, no una nave extraterrestre. Esa ser\u00eda, de hecho, la posibilidad m\u00e1s improbable de todas\u201d.<\/p>\n<p class=\"\">Loeb ya argument\u00f3 en el pasado que el Oumuamua, de forma alargada y poco irregular, <a href=\"https:\/\/arxiv.org\/pdf\/1810.11490\" target=\"_blank\" rel=\"nofollow noopener\" title=\"https:\/\/arxiv.org\/pdf\/1810.11490\">pod\u00eda tratarse de una vela solar extraterrestre o los restos de un artefacto creado por una civilizaci\u00f3n alien\u00edgena.<\/a> Bas\u00f3 su particular hip\u00f3tesis en que el Oumuamua, fugaz y el primero de su tipo, no ten\u00eda la cola de un cometa y que los datos suger\u00edan que era inusualmente brillante; esas ideas las desarroll\u00f3 en un libro de divulgaci\u00f3n, que fue traducido a varios idiomas y fue criticado por la comunidad cient\u00edfica. <\/p>\n<p>Ning\u00fan protocolo de defensa activado<\/p>\n<p class=\"\">El anuncio de una campa\u00f1a internacional de observaci\u00f3n del 3I\/ATLAS, <a href=\"https:\/\/iawn.net\/obscamp\/3I_ATLAS\/\" target=\"_blank\" rel=\"nofollow noopener\" title=\"https:\/\/iawn.net\/obscamp\/3I_ATLAS\/\">promovida por la Red Internacional de Alerta de Asteroides (IAWN)<\/a>, coincidi\u00f3 casi en el tiempo con las declaraciones del astr\u00f3nomo Loeb. La superposici\u00f3n de ambas noticias fue suficiente para desatar una ola de teor\u00edas extravagantes en redes sociales. Algunas publicaciones llegaron a afirmar, sin evidencia alguna, que la NASA hab\u00eda activado un supuesto protocolo de defensa planetaria ante la visita del cuerpo interestelar.<\/p>\n<p class=\"\">La campa\u00f1a \u2014prevista entre el 27 de noviembre y el 27 de enero\u2014 es una iniciativa cient\u00edfica rutinaria, dise\u00f1ada para estudiar objetos con trayectorias o composiciones poco comunes. Seg\u00fan la IAWN, una red coordinada por la ONU y formada por agencias espaciales y observatorios de todo el mundo, el objetivo es mejorar la precisi\u00f3n de los c\u00e1lculos sobre la posici\u00f3n, la velocidad y la composici\u00f3n qu\u00edmica del cometa. No se trata de una maniobra de defensa, sino de una oportunidad para profundizar en el conocimiento de un visitante singular.<\/p>\n<p class=\"\">\u201cLo primero es escuchar a los cient\u00edficos\u201d, dice Manjavacas. \u201cNos basamos en evidencias, no en deseos. La idea de que una civilizaci\u00f3n inteligente haya enviado una nave hasta aqu\u00ed puede sonar atractiva, pero es infinitamente improbable\u201d. Aun as\u00ed, celebra el inter\u00e9s que despierta el fen\u00f3meno. \u201cLo importante es que la astronom\u00eda sigue fascinando a la gente. No por los extraterrestres, sino porque nos ayuda a entender nuestro lugar en el universo\u201d.<\/p>\n","protected":false},"excerpt":{"rendered":"Las hip\u00f3tesis espectaculares se difunden m\u00e1s f\u00e1cilmente que los verdaderos hechos cient\u00edficos, sobre todo cuando provienen de una&hellip;\n","protected":false},"author":2,"featured_media":212049,"comment_status":"","ping_status":"","sticky":false,"template":"","format":"standard","meta":{"footnotes":""},"categories":[81],"tags":[17006,119,123,124,17004,25,21512,24,642,2677,117,121,122,23,118,120,25292],"class_list":{"0":"post-212048","1":"post","2":"type-post","3":"status-publish","4":"format-standard","5":"has-post-thumbnail","7":"category-ciencia-y-tecnologia","8":"tag-astrofisica","9":"tag-ciencia","10":"tag-ciencia-y-tecnologia","11":"tag-cienciaytecnologia","12":"tag-cometas","13":"tag-es","14":"tag-espacio-exterior","15":"tag-espana","16":"tag-nasa","17":"tag-planetas","18":"tag-science","19":"tag-science-and-technology","20":"tag-scienceandtechnology","21":"tag-spain","22":"tag-technology","23":"tag-tecnologia","24":"tag-via-lactea"},"share_on_mastodon":{"url":"https:\/\/pubeurope.com\/@es\/115472699784580413","error":""},"_links":{"self":[{"href":"https:\/\/www.europesays.com\/es\/wp-json\/wp\/v2\/posts\/212048","targetHints":{"allow":["GET"]}}],"collection":[{"href":"https:\/\/www.europesays.com\/es\/wp-json\/wp\/v2\/posts"}],"about":[{"href":"https:\/\/www.europesays.com\/es\/wp-json\/wp\/v2\/types\/post"}],"author":[{"embeddable":true,"href":"https:\/\/www.europesays.com\/es\/wp-json\/wp\/v2\/users\/2"}],"replies":[{"embeddable":true,"href":"https:\/\/www.europesays.com\/es\/wp-json\/wp\/v2\/comments?post=212048"}],"version-history":[{"count":0,"href":"https:\/\/www.europesays.com\/es\/wp-json\/wp\/v2\/posts\/212048\/revisions"}],"wp:featuredmedia":[{"embeddable":true,"href":"https:\/\/www.europesays.com\/es\/wp-json\/wp\/v2\/media\/212049"}],"wp:attachment":[{"href":"https:\/\/www.europesays.com\/es\/wp-json\/wp\/v2\/media?parent=212048"}],"wp:term":[{"taxonomy":"category","embeddable":true,"href":"https:\/\/www.europesays.com\/es\/wp-json\/wp\/v2\/categories?post=212048"},{"taxonomy":"post_tag","embeddable":true,"href":"https:\/\/www.europesays.com\/es\/wp-json\/wp\/v2\/tags?post=212048"}],"curies":[{"name":"wp","href":"https:\/\/api.w.org\/{rel}","templated":true}]}}