{"id":212054,"date":"2025-11-01T05:07:08","date_gmt":"2025-11-01T05:07:08","guid":{"rendered":"https:\/\/www.europesays.com\/es\/212054\/"},"modified":"2025-11-01T05:07:08","modified_gmt":"2025-11-01T05:07:08","slug":"mazon-descarta-ser-candidato-y-piensa-en-mompo-como-cartel-electoral-del-pp-valenciano-espana","status":"publish","type":"post","link":"https:\/\/www.europesays.com\/es\/212054\/","title":{"rendered":"Maz\u00f3n descarta ser candidato y piensa en Momp\u00f3 como cartel electoral del PP valenciano | Espa\u00f1a"},"content":{"rendered":"<p class=\"\">Carlos Maz\u00f3n no ser\u00e1 el candidato del PP<a href=\"https:\/\/elpais.com\/noticias\/gota-fria\/\" target=\"_self\" rel=\"nofollow noopener\" title=\"https:\/\/elpais.com\/noticias\/gota-fria\/\"> a las pr\u00f3ximas elecciones de la Comunidad Valenciana<\/a>. Los populares, tanto en G\u00e9nova como en Valencia, trabajan desde hace meses en varios escenarios para suceder al actual presidente de la Generalitat. Distintas fuentes consultadas por EL PA\u00cdS aseguran que Maz\u00f3n tiene un plan que pasa por dar un paso atr\u00e1s de cara a las elecciones y promover como actual presidente de la Diputaci\u00f3n de Valencia, Vicente Momp\u00f3, como el pr\u00f3ximo candidato a la Generalitat. <\/p>\n<p class=\"\">Las elecciones, en principio, est\u00e1n previstas para mayo de 2027 pero el escenario pol\u00edtico y judicial de la Comunidad Valenciana es de absoluta incertidumbre. De hecho, el despliegue de la estrategia de Maz\u00f3n va a depender de c\u00f3mo se desarrollen los acontecimientos en los pr\u00f3ximos d\u00edas. La<a href=\"https:\/\/elpais.com\/espana\/comunidad-valenciana\/2025-10-31\/mazon-cancelo-dos-llamadas-de-pradas-cuando-esta-queria-informarle-sobre-el-aviso-es-alert.html\" target=\"_self\" rel=\"nofollow noopener\" title=\"https:\/\/elpais.com\/espana\/comunidad-valenciana\/2025-10-31\/mazon-cancelo-dos-llamadas-de-pradas-cuando-esta-queria-informarle-sobre-el-aviso-es-alert.html\"> jueza de Catarroja sigue estrechando el cerco sobre el presidente<\/a> y el lunes tomar\u00e1 declaraci\u00f3n a la periodista con la que comi\u00f3 en El Ventorro el d\u00eda de la dana, Maribel Vilaplana. <\/p>\n<p class=\"\">En el PP admiten que hay \u201cun antes y un despu\u00e9s\u201d tras esta semana, con las \u00faltimas revelaciones sobre los movimientos de Maz\u00f3n tras la comida el d\u00eda de la dana pero, sobre todo, por el funeral de Estado del mi\u00e9rcoles pasado, donde recibi\u00f3 numerosos insultos de <a href=\"https:\/\/elpais.com\/espana\/comunidad-valenciana\/2025-10-29\/el-dolor-y-la-indignacion-marcan-el-funeral-de-estado-por-las-victimas-de-la-dana-que-reciben-a-mazon-a-gritos.html\" target=\"_self\" rel=\"nofollow noopener\" title=\"https:\/\/elpais.com\/espana\/comunidad-valenciana\/2025-10-29\/el-dolor-y-la-indignacion-marcan-el-funeral-de-estado-por-las-victimas-de-la-dana-que-reciben-a-mazon-a-gritos.html\">los familiares de las v\u00edctimas de la tragedia<\/a>. En este contexto, la direcci\u00f3n nacional ya evita el cierre de filas con el que sol\u00eda responder cuando se le cuestionaba a Maz\u00f3n. A la pregunta de si debe dimitir, este jueves, la portavoz en el Congreso, Esther Mu\u00f1oz, asegur\u00f3 que \u201ces al se\u00f1or Maz\u00f3n al que le corresponde tomar una decisi\u00f3n\u201d, unas declaraciones que contrastan con el apoyo sin fisuras del l\u00edder de Vox, Santiago Abascal, que sali\u00f3 horas despu\u00e9s del funeral de Estado a defenderle con un mensaje en redes sociales. <\/p>\n<p class=\"\">La ultraderecha respalda a Maz\u00f3n. Sus votos son imprescindibles para hacer una nueva investidura en la Comunidad Valenciana. De ah\u00ed las dificultades de G\u00e9nova para pilotar esta situaci\u00f3n. Sin temor a una moci\u00f3n de censura que pueda desplazarle, Maz\u00f3n dise\u00f1a su hoja de ruta mientras Alberto N\u00fa\u00f1ez Feij\u00f3o eval\u00faa la situaci\u00f3n e intenta contener da\u00f1os con dos prioridades: evitar que haya una mayor\u00eda de izquierdas en las Cortes Valencianas y que el desgaste del bar\u00f3n popular pueda perjudicar al PP en las generales.<\/p>\n<p class=\"\">El presidente valenciano fio su continuidad al frente del Consell a la reconstrucci\u00f3n de la dana, en la que lleva inmerso un a\u00f1o con dos crisis de Gobierno. En sus planes est\u00e1 dar a conocer el pr\u00f3ximo 5 de noviembre la tercera remodelaci\u00f3n, en principio, sin grandes cambios. Eso s\u00ed, fuentes de su entorno aseguran que baraja incorporar para el Consell a una de las personas de confianza de Vicente Momp\u00f3, que es tambi\u00e9n presidente provincial del PP de Valencia.<\/p>\n<p class=\"\">En las \u00faltimas semanas, Momp\u00f3, de 38 a\u00f1os, ha ganado presencia medi\u00e1tica. El pasado lunes tuvo un desayuno informativo en Valencia donde acudi\u00f3 gran parte de la plana mayor del PP valenciano y tambi\u00e9n del Consell de Maz\u00f3n. Maz\u00f3n, no. Ten\u00eda agenda en Alicante, como es habitual los lunes, pero s\u00ed estaban presentes sus consejeros m\u00e1s cercanos. En este encuentro con la prensa fue cuestionado por la continuidad del presidente al frente de la Generalitat. \u201cAl final\u201d, dijo, \u201clos valencianos no decidimos cu\u00e1ndo un presidente dimite, sino qu\u00e9 presidente queremos\u201d. E insisti\u00f3 en que Maz\u00f3n ha ligado su futuro a la reconstrucci\u00f3n. \u201c\u00c9l habr\u00e1 decidido qu\u00e9 hacer en el futuro\u201d. <\/p>\n<p class=\"\">En el aniversario de la dana, Momp\u00f3 fue uno de los pocos dirigentes populares que concedi\u00f3 entrevistas a los medios. Por la ma\u00f1ana estuvo en Onda Cero y a la pregunta sobre c\u00f3mo de satisfecho est\u00e1 el PP valenciano con la gesti\u00f3n de Maz\u00f3n en el d\u00eda de la tragedia, respondi\u00f3: \u201cSatisfecho no estoy\u201d. <\/p>\n<p class=\"\">Al contrario que Maz\u00f3n,<a href=\"https:\/\/elpais.com\/noticias\/inundaciones-dana-octubre-2024\/\" target=\"_self\" rel=\"nofollow noopener\" title=\"https:\/\/elpais.com\/noticias\/inundaciones-dana-octubre-2024\/\"> la tarde del 29 de octubre de 202<\/a>4, Momp\u00f3 estuvo presente casi desde el principio en el Centro de Coordinaci\u00f3n Operativo Integrado (Cecopi), un centro de mando que se activa en emergencias de gran magnitud. Acudi\u00f3 sin ser miembro del mismo (tampoco lo era Maz\u00f3n, que lleg\u00f3 a las 20.28). Momp\u00f3 fue quien, en pleno caos, cuando se recib\u00edan cientos y cientos de llamadas de auxilio al 112, pidi\u00f3 a la entonces consejera de Emergencias, Salom\u00e9 Pradas, que enviara la alerta a los m\u00f3viles con una frase contundente: \u201c\u00a1Enviadla de una puta vez!\u201d. Un a\u00f1o despu\u00e9s de la dana, Momp\u00f3 ha reforzado su presencia tanto dentro como fuera del partido, y a nivel local, auton\u00f3mico y nacional. <\/p>\n<p class=\"\">En el \u00faltimo Congreso Nacional del PP, celebrado en Madrid en julio de este a\u00f1o, para aupar de nuevo a Alberto N\u00fa\u00f1ez Feij\u00f3o, el presidente de la diputaci\u00f3n de Valencia fue nombrado vicepresidente segundo de la Mesa del Congreso. La designaci\u00f3n de Momp\u00f3 la hizo Feij\u00f3o, pero fue a propuesta del propio Maz\u00f3n, que recomend\u00f3 al presidente del PP su nombre. Este nombramiento fue interpretado por muchos populares como un reconocimiento a su ascenso en el partido. De hecho, fue el \u00fanico representante valenciano sentado en la Mesa del Congreso Nacional. <\/p>\n<p class=\"\">Al contrario que Maz\u00f3n, Momp\u00f3 visita los pueblos devastados por la dana sin el temor de ser abucheado. Tampoco es tan conocido. El otro d\u00eda, en el desayuno informativo, fue preguntado si se ve\u00eda en un futuro como candidato a la presidencia de la Generalitat Valenciana. \u201c\u00bfQu\u00e9 pasar\u00e1 en el futuro? No tengo ni idea. \u00bfD\u00f3nde estar\u00e9? No lo s\u00e9\u201c. Este jueves, en el d\u00eda despu\u00e9s del funeral de Estado, defendi\u00f3 al presidente valenciano con una frase: \u201cFue un acto organizado y orquestado por Moncloa\u201d. Y desliz\u00f3: \u201cYo nunca me he escondido de tomar decisiones\u201d. <\/p>\n<p class=\"\">Con el agravamiento de la situaci\u00f3n de Maz\u00f3n, el PP de Valencia es una olla a presi\u00f3n. Momp\u00f3 es la apuesta del presidente, pero entre los nombres para relevarle suena tambi\u00e9n la actual alcaldesa de Valencia y tambi\u00e9n diputada auton\u00f3mica, Mar\u00eda Jos\u00e9 Catal\u00e1. Desde la crisis por la gesti\u00f3n de la dana, G\u00e9nova ve esta opci\u00f3n con buenos ojos, pero su salto a la candidatura auton\u00f3mica implicar\u00eda un cambio en los carteles de la capital, donde el PSOE ha hecho una importante apuesta con la designaci\u00f3n de Pilar Bernab\u00e9, la delegada del Gobierno, que ha ganado peso pol\u00edtico con la gesti\u00f3n de la dana. Catal\u00e1 es la presidenta del PP de Valencia y una persona muy cercana a Esteban Gonz\u00e1lez Pons que, a su vez, ha marcado distancias con Maz\u00f3n en la gesti\u00f3n y la relaci\u00f3n con las v\u00edctimas de la dana. A esto se suma la figura de Francisco Camps, que quiere volver a presentarse a dirigir el partido y presiona a Maz\u00f3n para que se marche en redes sociales. <\/p>\n<p class=\"\">En el PP valenciano ya se da por hecho que empieza la cuenta atr\u00e1s para sustituir a Maz\u00f3n, si bien todos son conscientes de la complejidad de encajar todas las piezas del puzle pol\u00edtico. Momp\u00f3, alcalde de Gavarda, no es diputado auton\u00f3mico y, por tanto, no podr\u00eda sustituir ahora a Maz\u00f3n si este dimitiera. El president continuar\u00eda siendo aforado si se mantiene como diputado auton\u00f3mico, como ya hizo Francisco Camps, cuando dimiti\u00f3 en 2011. Algunas fuentes coinciden en que la actual situaci\u00f3n de Maz\u00f3n es muy dif\u00edcil de sostener y que el relevo debe ser a corto plazo. \u00bfSe piensa entonces en un presidente interino, surgido entre los diputados actuales y que cuente con el apoyo de Vox hasta las elecciones de 2027? Otra posibilidad, mucho m\u00e1s remota por el zarpazo electoral que le est\u00e1 dando Vox al PP valenciano, seg\u00fan todas las encuestas, es que Maz\u00f3n dimita y convoque elecciones anticipadas. <\/p>\n<p class=\"\">La decisi\u00f3n final sobre la candidatura llegar\u00e1 en el congreso regional valenciano, que est\u00e1 pendiente de fecha. Ser\u00e1 Feij\u00f3o el que marque los tiempos. La intenci\u00f3n inicial era que se celebrara en primavera o verano de 2026, con la vista puesta en las elecciones de 2027, pero todo depender\u00e1 de los movimientos que decida G\u00e9nova para abordar la crisis que provoca un gran malestar en el conjunto del PP. <\/p>\n","protected":false},"excerpt":{"rendered":"Carlos Maz\u00f3n no ser\u00e1 el candidato del PP a las pr\u00f3ximas elecciones de la Comunidad Valenciana. Los populares,&hellip;\n","protected":false},"author":2,"featured_media":212055,"comment_status":"","ping_status":"","sticky":false,"template":"","format":"standard","meta":{"footnotes":""},"categories":[8],"tags":[17,18,2007,242,4374,25,24,13,14,11,4274,19,20,9,10,15,16,956,1699,23,12,21,22,235,23862,624],"class_list":{"0":"post-212054","1":"post","2":"type-post","3":"status-publish","4":"format-standard","5":"has-post-thumbnail","7":"category-espana","8":"tag-breaking-news","9":"tag-breakingnews","10":"tag-carlos-mazon","11":"tag-comunidad-valenciana","12":"tag-elecciones","13":"tag-es","14":"tag-espana","15":"tag-featured-news","16":"tag-featurednews","17":"tag-headlines","18":"tag-inundaciones-dana-octubre-2024","19":"tag-latest-news","20":"tag-latestnews","21":"tag-news","22":"tag-noticias","23":"tag-noticias-destacadas","24":"tag-noticiasdestacadas","25":"tag-pp","26":"tag-psoe","27":"tag-spain","28":"tag-titulares","29":"tag-ultimas-noticias","30":"tag-ultimasnoticias","31":"tag-valencia","32":"tag-vicente-mompo","33":"tag-vox"},"share_on_mastodon":{"url":"","error":""},"_links":{"self":[{"href":"https:\/\/www.europesays.com\/es\/wp-json\/wp\/v2\/posts\/212054","targetHints":{"allow":["GET"]}}],"collection":[{"href":"https:\/\/www.europesays.com\/es\/wp-json\/wp\/v2\/posts"}],"about":[{"href":"https:\/\/www.europesays.com\/es\/wp-json\/wp\/v2\/types\/post"}],"author":[{"embeddable":true,"href":"https:\/\/www.europesays.com\/es\/wp-json\/wp\/v2\/users\/2"}],"replies":[{"embeddable":true,"href":"https:\/\/www.europesays.com\/es\/wp-json\/wp\/v2\/comments?post=212054"}],"version-history":[{"count":0,"href":"https:\/\/www.europesays.com\/es\/wp-json\/wp\/v2\/posts\/212054\/revisions"}],"wp:featuredmedia":[{"embeddable":true,"href":"https:\/\/www.europesays.com\/es\/wp-json\/wp\/v2\/media\/212055"}],"wp:attachment":[{"href":"https:\/\/www.europesays.com\/es\/wp-json\/wp\/v2\/media?parent=212054"}],"wp:term":[{"taxonomy":"category","embeddable":true,"href":"https:\/\/www.europesays.com\/es\/wp-json\/wp\/v2\/categories?post=212054"},{"taxonomy":"post_tag","embeddable":true,"href":"https:\/\/www.europesays.com\/es\/wp-json\/wp\/v2\/tags?post=212054"}],"curies":[{"name":"wp","href":"https:\/\/api.w.org\/{rel}","templated":true}]}}