{"id":212087,"date":"2025-11-01T05:40:08","date_gmt":"2025-11-01T05:40:08","guid":{"rendered":"https:\/\/www.europesays.com\/es\/212087\/"},"modified":"2025-11-01T05:40:08","modified_gmt":"2025-11-01T05:40:08","slug":"2-2-el-lugo-reacciona-tras-el-descanso-y-mantiene-la-condicion-de-invicto-en-casa","status":"publish","type":"post","link":"https:\/\/www.europesays.com\/es\/212087\/","title":{"rendered":"2-2. El Lugo reacciona tras el descanso y mantiene la condici\u00f3n de invicto en casa"},"content":{"rendered":"<p>Valioso punto el que sum\u00f3 este viernes el <strong><a target=\"_blank\" href=\"https:\/\/www.elprogreso.es\/tags\/cd-lugo\/\" rel=\"nofollow noopener\">CD Lugo<\/a><\/strong> ante un <strong>Barakaldo <\/strong>que se puso dos veces por delante en el marcador durante el primer tiempo. El equipo vasco ofreci\u00f3 un <strong>recital de transiciones <\/strong>y mereci\u00f3 irse por delante antes del descanso, pero los cambios de<strong> Yago Iglesias<\/strong> y la <strong>valent\u00eda <\/strong>local provocaron el empate a falta de diez minutos para el final. El Anxo Carro sigue siendo un <strong>fort\u00edn <\/strong>tras las diez primeras jornadas.<\/p>\n<p>Nadie se aburri\u00f3 en el primer tiempo que se disput\u00f3 este viernes en el <strong>Anxo Carro<\/strong>. Los dos equipos salieron descaradamente a por la victoria, con un Lugo que trat\u00f3 de imponer un <strong>ritmo alto de circulaci\u00f3n<\/strong>, y un Barakaldo que respond\u00eda con <strong>transiciones <\/strong>venenosas.<\/p>\n<p>De hecho, la primera clara ocasi\u00f3n la tuvo el equipo de<strong> Imanol de la Sota<\/strong> antes de cumplirse el minuto 5. <strong>De Jes\u00fas<\/strong> abandon\u00f3 su posici\u00f3n de lateral derecho para aparecer por sorpresa dentro del \u00e1rea peque\u00f1a y cabecear alto un buen servicio lateral. Fue un aviso de lo que estar\u00eda por venir poco despu\u00e9s.<\/p>\n<p>Respondi\u00f3<strong> Lago J\u00fanior<\/strong> con un disparo lejano que apenas inquiet\u00f3 a <strong>Ispiz\u00faa<\/strong>. No fue tanto el remate del extremo como la r\u00e1pida r\u00e9plica rojiblanca, una t\u00f3nica que se mantuvo durante toda la primera parte.<\/p>\n<blockquote class=\"twitter-tweet\">\n<p lang=\"es\" dir=\"ltr\">\ud835\udde5\ud835\uddd8\ud835\udde6\ud835\udde8\ud835\udde0\ud835\uddd8\ud835\udde1 | <a href=\"https:\/\/twitter.com\/hashtag\/LugoBarakaldo?src=hash&amp;ref_src=twsrc%5Etfw\" rel=\"nofollow noopener\" target=\"_blank\">#LugoBarakaldo<\/a><\/p>\n<p>2-2 | <a href=\"https:\/\/twitter.com\/CDeportivoLugo?ref_src=twsrc%5Etfw\" rel=\"nofollow noopener\" target=\"_blank\">@CdeportivoLugo<\/a> &#8211; <a href=\"https:\/\/twitter.com\/BarakaldoCF?ref_src=twsrc%5Etfw\" rel=\"nofollow noopener\" target=\"_blank\">@BarakaldoCF<\/a><\/p>\n<p>\u26bd San Bartolom\u00e9 (0-1, 26\u2019)<br \/>\u26bd <a href=\"https:\/\/twitter.com\/necocelorioo?ref_src=twsrc%5Etfw\" rel=\"nofollow noopener\" target=\"_blank\">@necocelorioo<\/a> (1-1, 34\u2019)<br \/>\u26bd Huidobro (1-2, 37\u2019)<br \/>\u26bd Reniero (2-2, 86\u2019)<a href=\"https:\/\/twitter.com\/hashtag\/PrimeraFederaci%C3%B3n?src=hash&amp;ref_src=twsrc%5Etfw\" rel=\"nofollow noopener\" target=\"_blank\">#PrimeraFederaci\u00f3n<\/a> | <a href=\"https:\/\/twitter.com\/hashtag\/VersusELearning?src=hash&amp;ref_src=twsrc%5Etfw\" rel=\"nofollow noopener\" target=\"_blank\">#VersusELearning<\/a> <a href=\"https:\/\/t.co\/8PFZygqVSy\" rel=\"nofollow\">pic.twitter.com\/8PFZygqVSy<\/a><\/p>\n<p>\u2014 Primera Federaci\u00f3n Versus e-Learning (@Primera_RFEF) <a href=\"https:\/\/twitter.com\/Primera_RFEF\/status\/1984372190708391972?ref_src=twsrc%5Etfw\" rel=\"nofollow noopener\" target=\"_blank\">October 31, 2025<\/a><\/p><\/blockquote>\n<p>Entr\u00f3 el partido en una fase de <strong>dominio albivermello<\/strong> en la que el Lugo careci\u00f3 de eficacia en los metros finales. Pudo adelantarse en este tramo de partido con llegadas de Celorio, de nuevo <strong>Lago J\u00fanior, Unzueta o Pastrana<\/strong>, pero los disparos o resultaron defectuosos o no encontraron porter\u00eda. Tampoco pudo correr en campo contrario el Barakaldo, que sufri\u00f3 m\u00e1s de lo esperado en los primeros 20 minutos.<\/p>\n<p>El Barakaldo abre el marcador\u00a0<\/p>\n<p>Sin embargo, el equipo vasco se sacudi\u00f3 el dominio rojiblanco con un par de t<strong>ransiciones peligrosas <\/strong>sobre la meta de<strong> \u00cdker Piedra<\/strong>. Perdonaron dos veces antes de abrir el marcador en la en\u00e9sima jugada por la banda izquierda \u2013costado derecho del Lugo\u2013, en la que apareci\u00f3 <strong>San Bartolom\u00e9 <\/strong>solo en el \u00e1rea peque\u00f1a para empujar el bal\u00f3n al fondo de las mallas.<\/p>\n<p>Con <strong>0-1<\/strong> la tuvo Pastrana, que no complet\u00f3 un buen primer tiempo \u2013tampoco Iago L\u00f3pez en esa misma banda\u2013 con un remate que se march\u00f3 muy alto. A partir de ah\u00ed empez\u00f3 a <strong>presionar muy alto <\/strong>el Barakaldo, lo que permiti\u00f3 al Lugo instalarse en campo contrario cuando encontraba caminos interiores. En una de estas agarr\u00f3 <strong>Celorio <\/strong>el bal\u00f3n en zona de tres cuartos, se march\u00f3 de su par y conect\u00f3 un potente disparo raso que signific\u00f3 el empate (<strong>1-1<\/strong>).<\/p>\n<blockquote class=\"twitter-tweet\">\n<p lang=\"es\" dir=\"ltr\">\ud83e\udd29 \u00a1\u00a1Que manera de \ud835\uddd8\ud835\udde6\ud835\udde7\ud835\udde5\ud835\uddd8\ud835\udde1\ud835\uddd4\ud835\udde5\ud835\udde6\ud835\uddd8!!<\/p>\n<p>\ud83d\ude80 <a href=\"https:\/\/twitter.com\/necocelorioo?ref_src=twsrc%5Etfw\" rel=\"nofollow noopener\" target=\"_blank\">@necocelorioo<\/a> pone las tablas en el Anxo Carro.<\/p>\n<p>\ud83d\udcfa <a href=\"https:\/\/twitter.com\/LaLigaPlus?ref_src=twsrc%5Etfw\" rel=\"nofollow noopener\" target=\"_blank\">@LaLigaPlus<\/a><a href=\"https:\/\/twitter.com\/hashtag\/LugoBarakaldo?src=hash&amp;ref_src=twsrc%5Etfw\" rel=\"nofollow noopener\" target=\"_blank\">#LugoBarakaldo<\/a> | <a href=\"https:\/\/twitter.com\/hashtag\/PrimeraFederaci%C3%B3n?src=hash&amp;ref_src=twsrc%5Etfw\" rel=\"nofollow noopener\" target=\"_blank\">#PrimeraFederaci\u00f3n<\/a> | <a href=\"https:\/\/twitter.com\/hashtag\/VersusELearning?src=hash&amp;ref_src=twsrc%5Etfw\" rel=\"nofollow noopener\" target=\"_blank\">#VersusELearning<\/a> <a href=\"https:\/\/t.co\/WNAeZ7LLMa\" rel=\"nofollow\">pic.twitter.com\/WNAeZ7LLMa<\/a><\/p>\n<p>&#8211; Primera Federaci\u00f3n Versus e-Learning (@Primera_RFEF) <a href=\"https:\/\/twitter.com\/Primera_RFEF\/status\/1984332363053048103?ref_src=twsrc%5Etfw\" rel=\"nofollow noopener\" target=\"_blank\">October 31, 2025<\/a><\/p><\/blockquote>\n<p>Dur\u00f3 poqu\u00edsimo la <strong>alegr\u00eda <\/strong>en el Anxo Carro porque en la siguiente jugada \u2013un calco del 0-1\u2013 <strong>Huidrobo <\/strong>recogi\u00f3 en el<strong> punto de penalti <\/strong>un buen centro desde la izquierda para fusilar a Piedra y devolver la ventaja en el marcador a los vascos.<\/p>\n<p>Dominio total del Lugo tras el descanso<\/p>\n<p>El equipo de Yago Iglesias domin\u00f3 de principio a fin el segundo tiempo. El Lugo <strong>encerr\u00f3 <\/strong>al Barakaldo en su campo y el cuadro vasco apenas pudo cruzar la l\u00ednea del centro del campo en dos ocasiones. Destac\u00f3 especialmente <strong>Kevin Presa<\/strong>, que se hart\u00f3 a robar balones antes de ser sustituido.<\/p>\n<p>Los locales amasaron el bal\u00f3n y lo movieron de banda a banda. El reto era encontrar alg\u00fan espacio a la espalda de los dos laterales, pero ni Lago J\u00fanior ni Pastrana estuvieron <strong>inspirados <\/strong>en el uno contra uno.<\/p>\n<p>Tambi\u00e9n lo intent\u00f3 por dentro el cuadro rojiblanco.<strong> Celorio y Txus Alba<\/strong> pisaron el \u00e1rea pero no inquietaron la meta defendida por un <strong>Ispiz\u00faa <\/strong>que, pese al control local, apenas tuvo trabajo en esta segunda parte.<\/p>\n<p>Cambios determinantes y FVS<\/p>\n<p>Iglesias agit\u00f3 a su equipo a falta de media hora. Los cambios de <strong>Samanes, Reniero y Jorge <\/strong>reactivaron los costados y las zonas interiores del Lugo. El argentino se asoci\u00f3 con sus compa\u00f1eros e incluso protagoniz\u00f3 una<strong> gran jugada individual de 40 metros<\/strong> en la que no encontr\u00f3 rematador dentro del \u00e1rea.<\/p>\n<p>Mantuvo su protagonismo el exjugador de R\u00e1cing de Avellaneda. A falta de diez minutos para el final busc\u00f3 el espacio para rematar un saque de esquina, pero el bal\u00f3n rebot\u00f3 en la <strong>mano <\/strong>de <strong>Ropero<\/strong>. Iglesias pidi\u00f3 el <strong>FVS <\/strong>(el segundo de la noche, en el primero no existi\u00f3 pena m\u00e1xima sobre Samanes) y el \u00e1rbitro decret\u00f3 <strong>penalti<\/strong>. El bal\u00f3n lo agarr\u00f3 <strong>Reniero<\/strong>, que con un<strong> disparo inapelable <\/strong>coloc\u00f3 de nuevo el empate en el marcador.<\/p>\n<p>De ah\u00ed hasta el final, el Lugo volc\u00f3 m\u00e1s si cabe el encuentro ante un Barakaldo que <strong>guard\u00f3 la ropa<\/strong> y no gast\u00f3 energ\u00edas en buscar el gol de la victoria. No dispuso de muchas m\u00e1s ocasiones el equipo rojiblanco, que sin embargo complet\u00f3 una buena reacci\u00f3n en casa para mantener su condici\u00f3n de invicto en el Anxo Carro. Punto importante ante un rival inc\u00f3modo que complet\u00f3 un gran primer tiempo pero que\u00a0sufri\u00f3 ante la respuesta albivermella tras el intermedio.<\/p>\n<p>                        <script async src=\"https:\/\/platform.twitter.com\/widgets.js\" charset=\"utf-8\"><\/script><\/p>\n","protected":false},"excerpt":{"rendered":"Valioso punto el que sum\u00f3 este viernes el CD Lugo ante un Barakaldo que se puso dos veces&hellip;\n","protected":false},"author":2,"featured_media":212088,"comment_status":"","ping_status":"","sticky":false,"template":"","format":"standard","meta":{"footnotes":""},"categories":[268],"tags":[14314,20969,168,25,24,280,282,6958,281,23,167],"class_list":{"0":"post-212087","1":"post","2":"type-post","3":"status-publish","4":"format-standard","5":"has-post-thumbnail","7":"category-futbol","8":"tag-barakaldo","9":"tag-cd-lugo","10":"tag-deportes","11":"tag-es","12":"tag-espana","13":"tag-football","14":"tag-futbol","15":"tag-primera-rfef","16":"tag-soccer","17":"tag-spain","18":"tag-sports"},"share_on_mastodon":{"url":"https:\/\/pubeurope.com\/@es\/115472841125149808","error":""},"_links":{"self":[{"href":"https:\/\/www.europesays.com\/es\/wp-json\/wp\/v2\/posts\/212087","targetHints":{"allow":["GET"]}}],"collection":[{"href":"https:\/\/www.europesays.com\/es\/wp-json\/wp\/v2\/posts"}],"about":[{"href":"https:\/\/www.europesays.com\/es\/wp-json\/wp\/v2\/types\/post"}],"author":[{"embeddable":true,"href":"https:\/\/www.europesays.com\/es\/wp-json\/wp\/v2\/users\/2"}],"replies":[{"embeddable":true,"href":"https:\/\/www.europesays.com\/es\/wp-json\/wp\/v2\/comments?post=212087"}],"version-history":[{"count":0,"href":"https:\/\/www.europesays.com\/es\/wp-json\/wp\/v2\/posts\/212087\/revisions"}],"wp:featuredmedia":[{"embeddable":true,"href":"https:\/\/www.europesays.com\/es\/wp-json\/wp\/v2\/media\/212088"}],"wp:attachment":[{"href":"https:\/\/www.europesays.com\/es\/wp-json\/wp\/v2\/media?parent=212087"}],"wp:term":[{"taxonomy":"category","embeddable":true,"href":"https:\/\/www.europesays.com\/es\/wp-json\/wp\/v2\/categories?post=212087"},{"taxonomy":"post_tag","embeddable":true,"href":"https:\/\/www.europesays.com\/es\/wp-json\/wp\/v2\/tags?post=212087"}],"curies":[{"name":"wp","href":"https:\/\/api.w.org\/{rel}","templated":true}]}}