{"id":212089,"date":"2025-11-01T05:41:11","date_gmt":"2025-11-01T05:41:11","guid":{"rendered":"https:\/\/www.europesays.com\/es\/212089\/"},"modified":"2025-11-01T05:41:11","modified_gmt":"2025-11-01T05:41:11","slug":"maria-taktouk-la-hija-de-daniella-semaan-que-es-su-viva-imagen-y-el-orgullo-de-cesc-fabregas-eres-el-ejemplo-perfecto","status":"publish","type":"post","link":"https:\/\/www.europesays.com\/es\/212089\/","title":{"rendered":"Maria Taktouk, la hija de Daniella Semaan que es su viva imagen y el orgullo de Cesc F\u00e0bregas: \u00abEres el ejemplo perfecto\u00bb"},"content":{"rendered":"<p id=\"erEDxYi329\" data-wc=\"106\"><strong>Cesc F\u00e0bregas<\/strong> ha formado una gran familia junto a <strong>su esposa Daniella Semaan<\/strong>. La pareja se conoci\u00f3 en 2011 en un restaurante japon\u00e9s de Londres, cuando ella se acerc\u00f3 al futbolista para pedirle un aut\u00f3grafo para su hijo Joseph, gran fan\u00e1tico del f\u00fatbol. Ese primer contacto marc\u00f3 el inicio de una bonita historia de amor. Se casaron en una ceremonia \u00edntima en Ibiza en 2018 y han tenido tres hijos en com\u00fan, <a class=\"hm-link ho-link\" href=\"https:\/\/www.hola.com\/actualidad\/20191208155840\/hijos-futbolistas-messi-iniesta-fabregas\/\" data-mrf-recirculation=\"article-body-link\" rel=\"nofollow noopener\" target=\"_blank\">L\u00eda (12), Capri (10), y Leonardo (7)<\/a> y a ellos se unieron<strong>\u00a0<\/strong><a class=\"hm-link ho-link\" href=\"https:\/\/www.hola.com\/actualidad\/20190426141212\/maria-taktouk-hija-daniella-semaan\/\" data-mrf-recirculation=\"article-body-link\" rel=\"nofollow noopener\" target=\"_blank\">Mar\u00eda (26) y Joseph (22)<\/a>, los dos j\u00f3venes nacidos del anterior matrimonio de la modelo con el acaudalado empresario liban\u00e9s Elie Taktouk.<\/p>\n<p> <img src=\"https:\/\/www.europesays.com\/es\/wp-content\/uploads\/2025\/11\/e6907cd0876f-cesc-ig.jpg\"   width=\"1024\" height=\"826\" loading=\"lazy\" decoding=\"async\" alt=\"Daniella Semaan con Cesc Fabregas y sus cinco hijos (tres en com\u00fan con el futbolista y dos de una relaci\u00f3n anterior)\" fetchpriority=\"auto\" class=\"image ho-image\"\/>\u00a9 cescf4bregasDaniella Semaan con Cesc Fabregas y sus cinco hijos (tres en com\u00fan con el futbolista y dos de una relaci\u00f3n anterior)<\/p>\n<p id=\"esW9IGtPrf\" data-wc=\"53\">Juntos han formado una familia numerosa, feliz y muy unida. Prueba de ello es <strong>el cari\u00f1oso mensaje que Cesc le ha dedicado a Maria, la hija mayor de Daniella<\/strong>: \u00abEres <strong>el<\/strong> <strong>ejemplo perfecto de lo que debe ser una hija ejempla<\/strong><strong>r<\/strong>. \u00a1Feliz cumplea\u00f1os a la mejor chica del mundo!\ufeff\u00bb acompa\u00f1ado de un coraz\u00f3n. \u00a0<\/p>\n<p> <img src=\"https:\/\/www.europesays.com\/es\/wp-content\/uploads\/2025\/11\/416b4e6feb97-hija-cesc-ig.jpg\"   width=\"1024\" height=\"1018\" loading=\"lazy\" decoding=\"async\" alt=\"Maria Taktouk, la hija de Daniella Seeman, a la que Cesc Fabregas quiere como si fuera suya\" fetchpriority=\"auto\" class=\"image ho-image\"\/>\u00a9 cescf4bregasMaria Taktouk, la hija de Daniella Seeman, a la que Cesc Fabregas quiere como si fuera suya<\/p>\n<p id=\"eg4sWwkwpL\" data-wc=\"119\">Maria Taktouk, la hija mayor de Daniella Semaan, <strong>ha cumplido 26 a\u00f1os\u00a0<\/strong>y siempre ha vivido con su madre y Cesc F\u00e1bregas, a quien adora. De todos los hijos de la modelo es la mayor y la que ha comenzado a despuntar. Desde que alcanz\u00f3 la mayor\u00eda de edad, tom\u00f3 protagonismo en los medios, donde <strong>la comparaban con la Diosa libanesa, que es como es conocida su mam\u00e1<\/strong>, de la que ha heredado su belleza. Daniella suele compartir fotos con ella y<a class=\"hm-link ho-link\" href=\"https:\/\/www.hola.com\/actualidad\/20201021177658\/daniella-semaan-maria-taktouk-21-cumpleanos\/\" data-mrf-recirculation=\"article-body-link\" rel=\"nofollow noopener\" target=\"_blank\"> a veces cuesta adivinar si son madre e hija<\/a> o hermanas. La joven <strong>primero comenz\u00f3 como influencer en las redes y abri\u00f3 un canal de YouTube<\/strong>, donde compart\u00eda sus modelos, trucos de belleza y momentos en familia.\u00a0<\/p>\n<p> <img src=\"https:\/\/www.europesays.com\/es\/wp-content\/uploads\/2025\/11\/13ccbd53a674-hija-daniella-ig.jpg\"   width=\"768\" height=\"1024\" loading=\"lazy\" decoding=\"async\" alt=\"Maria Taktouk, la hija de Daniella Seeman, ha heredado la belleza de su madre\" fetchpriority=\"auto\" class=\"image ho-image\"\/>\u00a9 mariataktoukMaria Taktouk, la hija de Daniella Seeman, ha heredado la belleza de su madre<\/p>\n<p id=\"es-FPOUi-e\" data-wc=\"48\">En la actualidad, adem\u00e1s de guardar muchas similitudes con su madre, <strong>destaca por su talento musical,\u00a0<\/strong>interpretando versiones de artistas como Rihanna y Dido en su canal de YouTube e incluso en alguna ocasi\u00f3n ha probado a cantar en espa\u00f1ol, un idioma que no domina a la perfecci\u00f3n. \u00a0<\/p>\n<p> <img src=\"https:\/\/www.europesays.com\/es\/wp-content\/uploads\/2025\/11\/126002435111-hija-daniella-ig3.jpg\"   width=\"1024\" height=\"768\" loading=\"lazy\" decoding=\"async\" alt=\"Maria Taktouk quiere ser cantante\" fetchpriority=\"auto\" class=\"image ho-image\"\/>\u00a9 mariataktoukMaria Taktouk quiere ser cantante<\/p>\n<p id=\"e3oMCCSM0p\" data-wc=\"65\">Sus publicaciones reflejan una joven segura de s\u00ed misma, admirada por su belleza y talento, y que adem\u00e1s ha heredado el car\u00e1cter cari\u00f1oso y cercano de su familia. En ocasiones ha hablado de sus hermanos: <strong>\u00abJoseph es como un payaso, es divertid\u00edsimo. Lia es una genia, Capri una diva y Leonardo est\u00e1 obsesionado con los patos<\/strong>\u00ab, contaba hace a\u00f1os cuando sus hermanos eran m\u00e1s peque\u00f1os.\u00a0<\/p>\n<p id=\"e5SgUWMnwjl\" data-wc=\"90\">De su madre suele hablar maravillas. A ella le ha dedicado palabras como estas: \u00abEs <strong>una mujer con un coraz\u00f3n de oro y una mente de acero<\/strong>. Me has ense\u00f1ado fuerza y valor, me has ense\u00f1ado lo que significa ser una mujer amable y fuerte. Me has ense\u00f1ado amabilidad, amor, pasi\u00f3n&#8230; Tengo tanta suerte de poder tener tu amor incondicional, bondad, fuerza e inteligencia todos los d\u00edas. Ser tu hija es mi mayor bendici\u00f3n y doy gracias a Dios todos los d\u00edas por tener una madre como t\u00fa. Te amo\u00bb.\u00a0<\/p>\n<p> <img src=\"https:\/\/www.europesays.com\/es\/wp-content\/uploads\/2025\/11\/618b99a0dc7d-hija-daniella-ig4.jpg\"   width=\"819\" height=\"1024\" loading=\"lazy\" decoding=\"async\" alt=\"Maria Taktouk, la hija de Daniella Seeman, ha heredado la belleza de su madre\" fetchpriority=\"auto\" class=\"image ho-image\"\/>\u00a9 mariataktoukMaria Taktouk acapara todas las miradas por su belleza <\/p>\n<p id=\"e4HeTmKknm\" data-wc=\"124\">Esta profunda admiraci\u00f3n familiar se refleja tambi\u00e9n en l<strong>a s\u00f3lida relaci\u00f3n que Cesc y Daniella han construido a lo largo de los 14 a\u00f1os que llevan juntos<\/strong>. \u00a0Tras la retirada de F\u00e0bregas como futbolista profesional, la pareja y sus hijos <a class=\"hm-link ho-link\" href=\"https:\/\/www.hola.com\/actualidad\/20250812849820\/alvaro-morata-alice-campello-mudanza-como-espanoles-pandilla\/\" data-mrf-recirculation=\"article-body-link\" rel=\"nofollow noopener\" target=\"_blank\">han encontrado estabilidad en Como, Italia<\/a>, donde \u00e9l ejerce como entrenador y dirigente deportivo de un equipo de segunda divisi\u00f3n de la liga italiana, <strong>Como 1907,\u00a0<\/strong>del que se convirti\u00f3 en accionista. Daniella ha sido un pilar en la vida del exjugador del Arsenal y Chelsea, aportando estabilidad y apoyo personal a lo largo de su carrera, y ambos suelen mostrar con orgullo la complicidad y el cari\u00f1o que existe no solo entre ellos, sino tambi\u00e9n en la gran familia que han formado juntos.<\/p>\n<p> <img src=\"https:\/\/www.europesays.com\/es\/wp-content\/uploads\/2025\/11\/1d77127a25c1-cesc-fabregas-mujer1-z.jpg\"   width=\"819\" height=\"1024\" loading=\"lazy\" decoding=\"async\" alt=\"cesc fabregas mujer1\" fetchpriority=\"auto\" class=\"image ho-image\"\/>\u00a9 daniellasemaanCesc Fabregas y Daniella Semaan<\/p>\n","protected":false},"excerpt":{"rendered":"Cesc F\u00e0bregas ha formado una gran familia junto a su esposa Daniella Semaan. La pareja se conoci\u00f3 en&hellip;\n","protected":false},"author":2,"featured_media":212090,"comment_status":"","ping_status":"","sticky":false,"template":"","format":"standard","meta":{"footnotes":""},"categories":[174],"tags":[517,255,52455,57261,146,147,25,24,256,23],"class_list":{"0":"post-212089","1":"post","2":"type-post","3":"status-publish","4":"format-standard","5":"has-post-thumbnail","7":"category-famosos","8":"tag-actualidad","9":"tag-celebrities","10":"tag-cesc-fabregas","11":"tag-daniella-semaan","12":"tag-entertainment","13":"tag-entretenimiento","14":"tag-es","15":"tag-espana","16":"tag-famosos","17":"tag-spain"},"share_on_mastodon":{"url":"https:\/\/pubeurope.com\/@es\/115472845261481203","error":""},"_links":{"self":[{"href":"https:\/\/www.europesays.com\/es\/wp-json\/wp\/v2\/posts\/212089","targetHints":{"allow":["GET"]}}],"collection":[{"href":"https:\/\/www.europesays.com\/es\/wp-json\/wp\/v2\/posts"}],"about":[{"href":"https:\/\/www.europesays.com\/es\/wp-json\/wp\/v2\/types\/post"}],"author":[{"embeddable":true,"href":"https:\/\/www.europesays.com\/es\/wp-json\/wp\/v2\/users\/2"}],"replies":[{"embeddable":true,"href":"https:\/\/www.europesays.com\/es\/wp-json\/wp\/v2\/comments?post=212089"}],"version-history":[{"count":0,"href":"https:\/\/www.europesays.com\/es\/wp-json\/wp\/v2\/posts\/212089\/revisions"}],"wp:featuredmedia":[{"embeddable":true,"href":"https:\/\/www.europesays.com\/es\/wp-json\/wp\/v2\/media\/212090"}],"wp:attachment":[{"href":"https:\/\/www.europesays.com\/es\/wp-json\/wp\/v2\/media?parent=212089"}],"wp:term":[{"taxonomy":"category","embeddable":true,"href":"https:\/\/www.europesays.com\/es\/wp-json\/wp\/v2\/categories?post=212089"},{"taxonomy":"post_tag","embeddable":true,"href":"https:\/\/www.europesays.com\/es\/wp-json\/wp\/v2\/tags?post=212089"}],"curies":[{"name":"wp","href":"https:\/\/api.w.org\/{rel}","templated":true}]}}