{"id":212106,"date":"2025-11-01T05:52:08","date_gmt":"2025-11-01T05:52:08","guid":{"rendered":"https:\/\/www.europesays.com\/es\/212106\/"},"modified":"2025-11-01T05:52:08","modified_gmt":"2025-11-01T05:52:08","slug":"la-ue-se-apresta-a-rebajar-aun-mas-las-condiciones-para-alcanzar-sus-objetivos-climaticos-de-2040-clima-y-medio-ambiente","status":"publish","type":"post","link":"https:\/\/www.europesays.com\/es\/212106\/","title":{"rendered":"La UE se apresta a rebajar a\u00fan m\u00e1s las condiciones para alcanzar sus objetivos clim\u00e1ticos de 2040 | Clima y Medio Ambiente"},"content":{"rendered":"<p class=\"\">Salvar la cara y llegar a la pr\u00f3xima cumbre del clima de Bel\u00e9m (Brasil), <a href=\"https:\/\/elpais.com\/noticias\/cumbre-brasil-2025\/\" target=\"_self\" rel=\"nofollow noopener\" title=\"https:\/\/elpais.com\/noticias\/cumbre-brasil-2025\/\">la COP30<\/a>, en noviembre con los deberes hechos puede obligar a Europa a socavar a\u00fan m\u00e1s sus ambiciones clim\u00e1ticas. Las presiones de varios Estados, entre ellos Francia e Italia, <a href=\"https:\/\/elpais.com\/sociedad\/2025-09-15\/los-grandes-paises-de-la-ue-se-oponen-al-objetivo-de-reduccion-de-emisiones-para-2040.html#?rel=mas\" target=\"_self\" rel=\"nofollow noopener\" title=\"https:\/\/elpais.com\/sociedad\/2025-09-15\/los-grandes-paises-de-la-ue-se-oponen-al-objetivo-de-reduccion-de-emisiones-para-2040.html#?rel=mas\">para rebajar todav\u00eda m\u00e1s<\/a> la forma de cumplir con las nuevas obligaciones \u2014ahora reclaman, entre otros, una cl\u00e1usula de revisi\u00f3n total del objetivo de 2040 que pa\u00edses como Espa\u00f1a ven con suspicacia\u2014 est\u00e1n retrasando la formulaci\u00f3n del texto final de la Ley Europea del Clima que debe hacer legalmente vinculante la reducci\u00f3n de las emisiones de efecto invernadero en un 90% para 2040 en relaci\u00f3n con los niveles de 1990.<\/p>\n<p class=\"\">En la \u00faltima cumbre de la UE, los jefes de Estado y de Gobierno dieron <a href=\"https:\/\/elpais.com\/internacional\/2025-10-23\/los-vientisiete-dan-su-visto-bueno-para-fijar-de-una-vez-los-objetivos-climaticos-para-2040.html\" target=\"_self\" rel=\"nofollow noopener\" title=\"https:\/\/elpais.com\/internacional\/2025-10-23\/los-vientisiete-dan-su-visto-bueno-para-fijar-de-una-vez-los-objetivos-climaticos-para-2040.html\">su visto bueno la semana pasada<\/a> para que sus ministros de Medio Ambiente aprueben el martes que viene por fin la Ley Europea del Clima y, tambi\u00e9n, el denominado NDC, el plan fijando los objetivos clim\u00e1ticos hasta 2035 que la UE deber\u00eda haber presentado en febrero a la ONU, pero que como muy tarde tiene que estar listo en Bel\u00e9m. El acuerdo pol\u00edtico de la semana pasada deber\u00eda haber allanado el terreno para la aprobaci\u00f3n, el martes pr\u00f3ximo en una cumbre medioambiental extraordinaria convocada precisamente con este objetivo, de una <a href=\"https:\/\/elpais.com\/clima-y-medio-ambiente\/2025-07-02\/bruselas-suaviza-su-politica-climatica-y-abre-la-puerta-a-compensar-las-emisiones-fuera-de-la-ue.html\" target=\"_self\" rel=\"nofollow noopener\" title=\"https:\/\/elpais.com\/clima-y-medio-ambiente\/2025-07-02\/bruselas-suaviza-su-politica-climatica-y-abre-la-puerta-a-compensar-las-emisiones-fuera-de-la-ue.html\">propuesta que lleva esperando su visto bueno desde julio<\/a> y que cada vez m\u00e1s voces alertan de que no puede esperar m\u00e1s. Pero aunque nadie quiere hablar de un fracaso de las negociaciones, diversas fuentes admiten que estas est\u00e1n siendo muy duras y a\u00fan no se ha podido cerrar siquiera un texto final. <\/p>\n<p class=\"\">\u201cCreemos que estamos cerca de llegar a un acuerdo, pero somos conscientes de que ahora nos encontramos en una situaci\u00f3n delicada en lo que respecta a lo que se puede hacer con el texto de compromiso\u201d, se\u00f1ala una portavoz de la presidencia danesa de turno de la UE sobre la situaci\u00f3n. Frente a los intentos de algunos pa\u00edses por desacoplarlos, la apuesta de Copenhague, que ha hecho de la ambici\u00f3n clim\u00e1tica una de las prioridades de su presidencia semestral europea, es mantener vinculados la aprobaci\u00f3n de la Ley del Clima y del NDC, puesto que as\u00ed se asegura que la normativa, que al final es lo que resultar\u00e1 legalmente vinculante, sale adelante. No hacerlo, coinciden tanto numerosas capitales como organizaciones medioambientales, supondr\u00eda un duro rev\u00e9s a las pretensiones de estar en la vanguardia medioambiental mundial de la UE. <\/p>\n<p class=\"\">En vista de las objeciones que mantienen varios pa\u00edses que reclaman m\u00e1s flexibilidades a\u00fan, la \u00faltima propuesta de compromiso de la presidencia danesa, que ha podido consultar EL PA\u00cdS, incluye una cl\u00e1usula de revisi\u00f3n incluso del objetivo mismo de 90% de reducci\u00f3n de emisiones que hasta ahora nadie se ha atrevido formalmente a tocar, pese a que <a href=\"https:\/\/elpais.com\/internacional\/2025-10-27\/la-ambicion-verde-europea-tropieza-con-el-negacionismo-trumpista.html\" target=\"_self\" rel=\"nofollow noopener\" title=\"https:\/\/elpais.com\/internacional\/2025-10-27\/la-ambicion-verde-europea-tropieza-con-el-negacionismo-trumpista.html\">ha habido algunas ideas al respecto<\/a>. \u201cCualquier propuesta legislativa para revisar la Ley Europea sobre el Clima podr\u00eda incluir la revisi\u00f3n del objetivo para 2040\u201d, se\u00f1ala el texto de la nueva cl\u00e1usula. Esta tendr\u00eda car\u00e1cter bianual. Fuentes diplom\u00e1ticas indican que su existencia no implica necesariamente que cada dos a\u00f1os haya que revisar la ley y por ende los objetivos, sino que esto se realizar\u00eda solo en caso de que \u201cfuera necesario\u201d. Una aclaraci\u00f3n que, sin embargo, no satisface a Espa\u00f1a, partidaria de dejar la propuesta legislativa tal como se present\u00f3 en julio, igual que otros pa\u00edses como Suecia, Finlandia o Pa\u00edses Bajos, si bien algunos estar\u00edan abiertos a alg\u00fan tipo de compromiso, de acuerdo con las fuentes consultadas bajo condici\u00f3n de anonimato.<\/p>\n<p class=\"\">Otro de los puntos de fricci\u00f3n es la cantidad de \u201ccr\u00e9ditos internacionales de carbono de alta calidad\u201d \u2014la compra de derechos de emisiones fuera de la UE para compensar o complementar las reducciones comunitarias cuando un sector no logre cumplir con el objetivo fijado\u2014 que se podr\u00e1n usar a partir de 2036. La propuesta original de la Comisi\u00f3n Europea fija un l\u00edmite: las compensaciones solo podr\u00e1n cubrir como m\u00e1ximo el equivalente al 3% de las emisiones netas de la UE en 1990. Pero tanto Francia como Italia ya han dejado claro que aspiran a que esta tasa se eleve como m\u00ednimo al 5%. Otros pa\u00edses, como Polonia \u2014a la que Bruselas acaba de llevar ante la justicia europea por no presentar la versi\u00f3n definitiva de su estrategia a largo plazo para reducir las emisiones, que deb\u00eda tener lista desde enero de 2020\u2014, Eslovaquia o Rep\u00fablica Checa, pujan para que se llegue incluso al 10%. <\/p>\n<p class=\"\">Las negociaciones son tan dif\u00edciles en torno a este porcentaje que la idea es, se\u00f1alan las fuentes, que se deje en manos de una \u201cdecisi\u00f3n pol\u00edtica\u201d, es decir, que sean los ministros quienes el martes decidan la cifra final. En el texto actual se mantiene el 3%, pero entre corchetes, lo que en lenguaje diplom\u00e1tico bruselense quiere decir que todav\u00eda no est\u00e1 fijada la cuota.<\/p>\n<p class=\"\">A estas \u201cflexibilidades\u201d incrementadas ya recogidas en el \u00faltimo texto legal negociado, Francia quiere incluir una concesi\u00f3n m\u00e1s: la creaci\u00f3n de un \u201cfreno de emergencia\u201d ligado a las capacidades de los sumideros de carbono. Par\u00eds, cuyo Gobierno est\u00e1 muy debilitado ante la pujanza de la extrema derecha climatoesc\u00e9ptica, present\u00f3 esta idea a \u00faltima hora con el argumento de que la \u201cincertidumbre\u201d que rodea a la contribuci\u00f3n de los sumideros de carbono al objetivo del 90%, y que estima en alrededor del 3%, requiere que la ley del clima incluya un \u201cmecanismo de reducci\u00f3n de riesgos\u201d. <\/p>\n<p class=\"\">As\u00ed, por una parte, Francia pide una cl\u00e1usula de revisi\u00f3n \u201creforzada\u201d para 2030 que permita \u201creevaluar\u201d las absorciones actuales y previstas de los gases de efecto invernadero por los sumideros de carbono, as\u00ed como las pol\u00edticas y medidas previstas en estos sectores. Y adem\u00e1s, pide ese freno de emergencia que permita reducir el objetivo neto para 2040 en hasta un 3% si las absorciones netas previstas resultaran insuficientes. <\/p>\n<p class=\"\">Los pa\u00edses que se oponen a estas nuevas \u201cflexibilidades\u201d argumentan que no har\u00e1n m\u00e1s que provocar m\u00e1s incertidumbre a\u00fan entre un sector empresarial que necesita metas concretas y fijas para poder transformarse. Sus defensores subrayan que incluir estas cl\u00e1usulas no significa que se tenga que hacer necesariamente uso de ellas ni que se ponga en duda el objetivo clim\u00e1tico final del 90% que es, subrayan, lo que importa.<\/p>\n","protected":false},"excerpt":{"rendered":"Salvar la cara y llegar a la pr\u00f3xima cumbre del clima de Bel\u00e9m (Brasil), la COP30, en noviembre&hellip;\n","protected":false},"author":2,"featured_media":212107,"comment_status":"","ping_status":"","sticky":false,"template":"","format":"standard","meta":{"footnotes":""},"categories":[42],"tags":[18492,17,18,1295,57271,13194,12226,13,14,57270,11,61,62,63,64,19,20,6688,9,10,15,16,492,12,21,22,1617,65,66,67],"class_list":{"0":"post-212106","1":"post","2":"type-post","3":"status-publish","4":"format-standard","5":"has-post-thumbnail","7":"category-internacional","8":"tag-belem","9":"tag-breaking-news","10":"tag-breakingnews","11":"tag-cambio-climatico","12":"tag-cop30-cambio-climatico","13":"tag-efecto-invernadero","14":"tag-emergencia-climatica","15":"tag-featured-news","16":"tag-featurednews","17":"tag-gases-efecto-invernadero","18":"tag-headlines","19":"tag-internacional","20":"tag-international","21":"tag-international-news","22":"tag-internationalnews","23":"tag-latest-news","24":"tag-latestnews","25":"tag-medio-ambiente","26":"tag-news","27":"tag-noticias","28":"tag-noticias-destacadas","29":"tag-noticiasdestacadas","30":"tag-sociedad","31":"tag-titulares","32":"tag-ultimas-noticias","33":"tag-ultimasnoticias","34":"tag-union-europea","35":"tag-world","36":"tag-world-news","37":"tag-worldnews"},"share_on_mastodon":{"url":"","error":"Validation failed: Text character limit of 500 exceeded"},"_links":{"self":[{"href":"https:\/\/www.europesays.com\/es\/wp-json\/wp\/v2\/posts\/212106","targetHints":{"allow":["GET"]}}],"collection":[{"href":"https:\/\/www.europesays.com\/es\/wp-json\/wp\/v2\/posts"}],"about":[{"href":"https:\/\/www.europesays.com\/es\/wp-json\/wp\/v2\/types\/post"}],"author":[{"embeddable":true,"href":"https:\/\/www.europesays.com\/es\/wp-json\/wp\/v2\/users\/2"}],"replies":[{"embeddable":true,"href":"https:\/\/www.europesays.com\/es\/wp-json\/wp\/v2\/comments?post=212106"}],"version-history":[{"count":0,"href":"https:\/\/www.europesays.com\/es\/wp-json\/wp\/v2\/posts\/212106\/revisions"}],"wp:featuredmedia":[{"embeddable":true,"href":"https:\/\/www.europesays.com\/es\/wp-json\/wp\/v2\/media\/212107"}],"wp:attachment":[{"href":"https:\/\/www.europesays.com\/es\/wp-json\/wp\/v2\/media?parent=212106"}],"wp:term":[{"taxonomy":"category","embeddable":true,"href":"https:\/\/www.europesays.com\/es\/wp-json\/wp\/v2\/categories?post=212106"},{"taxonomy":"post_tag","embeddable":true,"href":"https:\/\/www.europesays.com\/es\/wp-json\/wp\/v2\/tags?post=212106"}],"curies":[{"name":"wp","href":"https:\/\/api.w.org\/{rel}","templated":true}]}}