{"id":212108,"date":"2025-11-01T05:53:06","date_gmt":"2025-11-01T05:53:06","guid":{"rendered":"https:\/\/www.europesays.com\/es\/212108\/"},"modified":"2025-11-01T05:53:06","modified_gmt":"2025-11-01T05:53:06","slug":"un-ejemplo-para-la-militancia","status":"publish","type":"post","link":"https:\/\/www.europesays.com\/es\/212108\/","title":{"rendered":"\u00abUn ejemplo para la militancia\u00bb"},"content":{"rendered":"<p style=\"\">\u00abUn tit\u00e1n contra los desahucios\u00bb o \u00abun ejemplo para la militancia\u00bb, as\u00ed calificaba el presidente del Gobierno, Pedro S\u00e1nchez, a <a href=\"https:\/\/www.abc.es\/noticias\/caso-koldo\/\" title=\"www.abc.es\" data-voc-vtm-id=\"in-text-traffic\" data-mrf-link=\"www.abc.es\" rel=\"nofollow noopener\" target=\"_blank\">Koldo Garc\u00eda<\/a> en una publicaci\u00f3n en Facebook en 2014. Once a\u00f1os despu\u00e9s, el presidente asegura que su relaci\u00f3n con el exasesor de Jos\u00e9  &#8230; Luis \u00c1balos fue \u00ababsolutamente anecd\u00f3tica\u00bb. <\/p>\n<p class=\"voc-p\" style=\"\">Sin embargo, S\u00e1nchez alababa en esos tiempos los esfuerzos de Koldo contra las injusticias, consider\u00e1ndolo un <strong>\u00abreferente pol\u00edtico\u00bb<\/strong> en la lucha contra \u00ablos efectos de la crisis y las pol\u00edticas de la derecha\u00bb. Aunque el presidente asegur\u00f3 este jueves que si en ocasiones pudo cruzar palabras con \u00e9l estas fueron \u00ablas m\u00ednimas\u00bb, en su publicaci\u00f3n se\u00f1alaba que Pamplona le hab\u00eda descubierto a <strong>\u00abuno de los gigantes <\/strong>de la militancia\u00bb en tierras navarras. <\/p>\n<p class=\"voc-p\" style=\"\">Las palabras del presidente <a href=\"https:\/\/www.abc.es\/espana\/sanchez-refugia-consta-aclarar-asuntos-claves-salpican-20251030141741-nt.html\" title=\"www.abc.es\" data-voc-vtm-id=\"in-text-traffic\" data-mrf-link=\"www.abc.es\" rel=\"nofollow noopener\" target=\"_blank\">durante la comisi\u00f3n de investigaci\u00f3n<\/a> en el Senado han molestado a Koldo, de acuerdo con la informaci\u00f3n <a href=\"https:\/\/www.abc.es\/espana\/koldo-grabaciones-ocultas-tumbar-gobierno-20250613191322-nt.html\" title=\"www.abc.es\" data-voc-vtm-id=\"in-text-traffic\" data-mrf-link=\"www.abc.es\" rel=\"nofollow noopener\" target=\"_blank\">publicada este viernes por Javier Chicote<\/a>, que asegura que hay \u00ababundantes fotograf\u00edas\u00bb de ambos juntos que atestiguan que su relaci\u00f3n iba m\u00e1s all\u00e1 de lo anecd\u00f3tico. <\/p>\n<p class=\"voc-p\" style=\"\">Koldo era el &#8216;chico para todo&#8217; de \u00c1balos, quien, a su vez, era uno de los hombres de confianza para el presidente del Gobierno. Durante las primarias en las que S\u00e1nchez alcanz\u00f3 el poder del partido, <a href=\"https:\/\/www.abc.es\/espana\/koldo-garcia-nueva-vida-pitayas-fruta-pasion-20251027172916-nt.html\" title=\"www.abc.es\" data-voc-vtm-id=\"in-text-traffic\" data-mrf-link=\"www.abc.es\" rel=\"nofollow noopener\" target=\"_blank\">Koldo<\/a> conduc\u00eda el famoso Peugeot en el que viajaron por Espa\u00f1a junto a \u00c1balos y Cerd\u00e1n. Adem\u00e1s, se le eligi\u00f3 para <strong>custodiar los avales de las primarias<\/strong>. S\u00e1nchez dijo este jueves que \u00abno recordaba\u00bb por qu\u00e9 se le design\u00f3 para esta tarea.<\/p>\n<p class=\"voc-p\" style=\"\">Koldo fue, adem\u00e1s de guardia de seguridad, escolta de Nicol\u00e1s Redondo, sindicalista de la UGT y miembro de la Plataforma Stop Desahucios, y se consideraba a s\u00ed mismo como el \u00ab\u00faltimo aizkolari socialista\u00bb. <\/p>\n<p class=\"voc-p\" style=\"\">Hace m\u00e1s de diez a\u00f1os, Koldo le traslad\u00f3 a S\u00e1nchez, seg\u00fan explicaba la publicaci\u00f3n del presidente, sus exigencias para tratar el regreso a la industrializaci\u00f3n o realizar un gran pacto por la Industria. <strong>\u00abUn socialista de ra\u00edz\u00bb,<\/strong> defini\u00f3 el presidente al militante socialista, ahora imputado por corrupci\u00f3n. <\/p>\n","protected":false},"excerpt":{"rendered":"\u00abUn tit\u00e1n contra los desahucios\u00bb o \u00abun ejemplo para la militancia\u00bb, as\u00ed calificaba el presidente del Gobierno, Pedro&hellip;\n","protected":false},"author":2,"featured_media":212109,"comment_status":"","ping_status":"","sticky":false,"template":"","format":"standard","meta":{"footnotes":""},"categories":[8],"tags":[57272,17,18,978,9637,25,24,142,13,14,11,4164,19,20,56980,9,10,15,16,199,23,12,21,22],"class_list":{"0":"post-212108","1":"post","2":"type-post","3":"status-publish","4":"format-standard","5":"has-post-thumbnail","7":"category-espana","8":"tag-alabo","9":"tag-breaking-news","10":"tag-breakingnews","11":"tag-dia","12":"tag-ejemplo","13":"tag-es","14":"tag-espana","15":"tag-facebook","16":"tag-featured-news","17":"tag-featurednews","18":"tag-headlines","19":"tag-koldo","20":"tag-latest-news","21":"tag-latestnews","22":"tag-militancia","23":"tag-news","24":"tag-noticias","25":"tag-noticias-destacadas","26":"tag-noticiasdestacadas","27":"tag-sanchez","28":"tag-spain","29":"tag-titulares","30":"tag-ultimas-noticias","31":"tag-ultimasnoticias"},"share_on_mastodon":{"url":"","error":""},"_links":{"self":[{"href":"https:\/\/www.europesays.com\/es\/wp-json\/wp\/v2\/posts\/212108","targetHints":{"allow":["GET"]}}],"collection":[{"href":"https:\/\/www.europesays.com\/es\/wp-json\/wp\/v2\/posts"}],"about":[{"href":"https:\/\/www.europesays.com\/es\/wp-json\/wp\/v2\/types\/post"}],"author":[{"embeddable":true,"href":"https:\/\/www.europesays.com\/es\/wp-json\/wp\/v2\/users\/2"}],"replies":[{"embeddable":true,"href":"https:\/\/www.europesays.com\/es\/wp-json\/wp\/v2\/comments?post=212108"}],"version-history":[{"count":0,"href":"https:\/\/www.europesays.com\/es\/wp-json\/wp\/v2\/posts\/212108\/revisions"}],"wp:featuredmedia":[{"embeddable":true,"href":"https:\/\/www.europesays.com\/es\/wp-json\/wp\/v2\/media\/212109"}],"wp:attachment":[{"href":"https:\/\/www.europesays.com\/es\/wp-json\/wp\/v2\/media?parent=212108"}],"wp:term":[{"taxonomy":"category","embeddable":true,"href":"https:\/\/www.europesays.com\/es\/wp-json\/wp\/v2\/categories?post=212108"},{"taxonomy":"post_tag","embeddable":true,"href":"https:\/\/www.europesays.com\/es\/wp-json\/wp\/v2\/tags?post=212108"}],"curies":[{"name":"wp","href":"https:\/\/api.w.org\/{rel}","templated":true}]}}