{"id":212116,"date":"2025-11-01T06:03:08","date_gmt":"2025-11-01T06:03:08","guid":{"rendered":"https:\/\/www.europesays.com\/es\/212116\/"},"modified":"2025-11-01T06:03:08","modified_gmt":"2025-11-01T06:03:08","slug":"partizan-belgrado-barcelona-resumen-resultado-y-estadisticas-del-partido-de-la-euroliga","status":"publish","type":"post","link":"https:\/\/www.europesays.com\/es\/212116\/","title":{"rendered":"Partizan Belgrado &#8211; Barcelona | Resumen, resultado y estad\u00edsticas del partido de la Euroliga"},"content":{"rendered":"<p> \u00daltima hora del Partizan Belgrado &#8211; Barcelona, en directo<\/p>\n<p class=\"ue-c-article__paragraph \">Hola, muy buenas tardes y bienvenidos a la <strong>Euroliga<\/strong>. Final al marat\u00f3n de esta semana con el \u00faltimo partido (junto al del Buesa) de la doble jornada que hemos tenido. En el flamante <strong>Belgrade Arena<\/strong>, <strong>Partizan <\/strong>y <strong>Barcelona <\/strong>se disputan algo m\u00e1s que una s\u00f3la victoria.<\/p>\n<p class=\"ue-c-article__paragraph \">El pasado martes, ante el <strong>Armani Mil\u00e1n<\/strong>, el <strong>Bar\u00e7a <\/strong>encaden\u00f3 por primera vez en la temporada dos victorias consecutivas. No en la <strong>Euroliga<\/strong>, donde lleg\u00f3 a ganrar tres seguidos, sino entre las dos competiciones. Hab\u00eda ganado al <strong>R\u00edo Breog\u00e1n<\/strong> y logr\u00f3 derrotar a los itialianos. Ahora, ante el <strong>Partizan<\/strong>, busca aumentar esa racha a tres triunfos, adem\u00e1s en una cancha tan complicada como el <strong>Belgrade Arena<\/strong>. Una excelente forma de medir al equipo de <strong>Pe\u00f1arroya <\/strong>en estos momentos.<\/p>\n<p class=\"ue-c-article__paragraph \">El <strong>Bar\u00e7a <\/strong>necesita victorias convincentes. Ante el <strong>Partizan<\/strong> puede ser una de ellas. Ya gan\u00f3 en el <strong>OAKA <\/strong>al <strong>Panathinaikos<\/strong> en Euroliga y al <strong>Unicaja<\/strong> en el <strong>Mart\u00edn Carpena<\/strong> en Liga Endesa. Parece que el equipo carbura fuera de casa.<\/p>\n<p class=\"ue-c-article__paragraph \">Ante el <strong>Partizan <\/strong>no podr\u00e1 contar a\u00fan con <strong>Nicol\u00e1s Laprovittola<\/strong>, al final de su recuperaci\u00f3n pero que no entr\u00f3 en la lista de <strong>Pe\u00f1arroya<\/strong>. Ni siquiera viaj\u00f3. Los azulgranas se enfrentan a un equipo con novedades.<\/p>\n<p class=\"ue-c-article__paragraph \">La primera la del ex del <strong>Real Madrd, Bruno Fernando<\/strong>, cuyo fichaje se hizo oficial el pasado domingo. Ya debut\u00f3 en <strong>Euroliga <\/strong>con su nuevo equipo el pasado martes, ante el <strong>Hapoel<\/strong>, en la derrota de su equipo 97-84 con 6 puntos y 3 rebotes. Poca aportaci\u00f3n que <strong>Obradovic<\/strong> espera que aumente en lo sucesivo.<\/p>\n<p class=\"ue-c-article__paragraph \">El <strong>Partizan<\/strong> tambi\u00e9n fich\u00f3 a <strong>Nick Calathes,<\/strong> con pasado azulgrana. El veterano base podr\u00eda debutar en la <strong>Euroliga<\/strong> ante sus antiguos compa\u00f1eros. <strong>Calathes<\/strong> llega al <strong>Partizan <\/strong>por la baja de larga duraci\u00f3n de <strong>Carlik Jones<\/strong>, baja al menos hasta enero, un agujero en el juego de creaci\u00f3n y la anotaci\u00f3n de los serbios. Estar\u00e1 otro ex del Bar\u00e7a, <strong>Jabari Parker<\/strong>, como la m\u00e1xima amenaza. Son duda <strong>Shake Milton, Mario Nakic y Aleksej Pokusevski<\/strong>.<\/p>\n","protected":false},"excerpt":{"rendered":"\u00daltima hora del Partizan Belgrado &#8211; Barcelona, en directo Hola, muy buenas tardes y bienvenidos a la Euroliga.&hellip;\n","protected":false},"author":2,"featured_media":212117,"comment_status":"","ping_status":"","sticky":false,"template":"","format":"standard","meta":{"footnotes":""},"categories":[268],"tags":[299,168,25,24,833,280,282,281,23,167],"class_list":{"0":"post-212116","1":"post","2":"type-post","3":"status-publish","4":"format-standard","5":"has-post-thumbnail","7":"category-futbol","8":"tag-baloncesto","9":"tag-deportes","10":"tag-es","11":"tag-espana","12":"tag-euroliga","13":"tag-football","14":"tag-futbol","15":"tag-soccer","16":"tag-spain","17":"tag-sports"},"share_on_mastodon":{"url":"https:\/\/pubeurope.com\/@es\/115472931543204877","error":""},"_links":{"self":[{"href":"https:\/\/www.europesays.com\/es\/wp-json\/wp\/v2\/posts\/212116","targetHints":{"allow":["GET"]}}],"collection":[{"href":"https:\/\/www.europesays.com\/es\/wp-json\/wp\/v2\/posts"}],"about":[{"href":"https:\/\/www.europesays.com\/es\/wp-json\/wp\/v2\/types\/post"}],"author":[{"embeddable":true,"href":"https:\/\/www.europesays.com\/es\/wp-json\/wp\/v2\/users\/2"}],"replies":[{"embeddable":true,"href":"https:\/\/www.europesays.com\/es\/wp-json\/wp\/v2\/comments?post=212116"}],"version-history":[{"count":0,"href":"https:\/\/www.europesays.com\/es\/wp-json\/wp\/v2\/posts\/212116\/revisions"}],"wp:featuredmedia":[{"embeddable":true,"href":"https:\/\/www.europesays.com\/es\/wp-json\/wp\/v2\/media\/212117"}],"wp:attachment":[{"href":"https:\/\/www.europesays.com\/es\/wp-json\/wp\/v2\/media?parent=212116"}],"wp:term":[{"taxonomy":"category","embeddable":true,"href":"https:\/\/www.europesays.com\/es\/wp-json\/wp\/v2\/categories?post=212116"},{"taxonomy":"post_tag","embeddable":true,"href":"https:\/\/www.europesays.com\/es\/wp-json\/wp\/v2\/tags?post=212116"}],"curies":[{"name":"wp","href":"https:\/\/api.w.org\/{rel}","templated":true}]}}