{"id":212118,"date":"2025-11-01T06:04:12","date_gmt":"2025-11-01T06:04:12","guid":{"rendered":"https:\/\/www.europesays.com\/es\/212118\/"},"modified":"2025-11-01T06:04:12","modified_gmt":"2025-11-01T06:04:12","slug":"rosa-ribas-celebra-sus-100-anos-rodeada-de-sus-familiares-en-sant-antoni","status":"publish","type":"post","link":"https:\/\/www.europesays.com\/es\/212118\/","title":{"rendered":"Rosa Ribas celebra sus 100 a\u00f1os rodeada de sus familiares en Sant Antoni"},"content":{"rendered":"<p><strong>Rosa Ribas Ribas<\/strong> vivi\u00f3 este viernes una jornada especial. Tras haber <strong>cumplido 100 a\u00f1os<\/strong> el pasado 29 de octubre, el alcalde de Sant Antoni, Marcos Serra, y la teniente de alcalde Neus Mateu quisieron celebrar con ella esta importante efem\u00e9ride y le obsequiaron con una orqu\u00eddea y un anillo tradicional ibicenco.<\/p>\n<p>De hecho, uno de los momentos m\u00e1s divertidos fue cuando Marcos Serra hinc\u00f3 la rodilla para regalarle el anillo a Rosa. \u00abEs la primera vez que lo hago\u00bb, coment\u00f3 el alcalde portmany\u00ed entre risas de los familiares de Rosa y de los periodistas all\u00ed presentes.<\/p>\n<p><img loading=\"lazy\" decoding=\"async\" src=\"https:\/\/www.europesays.com\/es\/wp-content\/uploads\/2025\/11\/3541497.jpg\" border=\"0\" alt=\"\" width=\"2048\" height=\"1365\"\/><\/p>\n<p>\u00ab<strong>He tenido una alegr\u00eda al conocerlo. La gente est\u00e1 muy contenta con este alcalde<\/strong>\u00bb, comentaba Rosa con sus allegados sin ser consciente que Marcos Serra a\u00fan la escuchaba.<\/p>\n<p>Rosa Ribas, de Ca n\u2019Alfonso, es hija de Alfonso Ribas Piqu\u00e9, quien en 1924 fund\u00f3 Autobuses San Antonio, justo un a\u00f1o antes de que naciera Rosa. Ella y su hermano Alfonso continuaron con la empresa familiar, que en 2016 fue adquirida por Sagal\u00e9s.<\/p>\n<p><img loading=\"lazy\" decoding=\"async\" src=\"https:\/\/www.europesays.com\/es\/wp-content\/uploads\/2025\/11\/3541495.jpg\" border=\"0\" alt=\"\" width=\"1620\" height=\"1080\"\/><\/p>\n<p><strong>\u00abNo pensaba llegar a los cien a\u00f1os\u00bb<\/strong>, reconoci\u00f3 este viernes Rosa. \u00abHace muchos a\u00f1os que no salgo a la calle. Estoy en casa, doy un paseo por el pasillo y la terraza y tengo a mi familia, que para m\u00ed es lo m\u00e1s importante del mundo, que me cuidan mucho y muy bien\u00bb, destac\u00f3 ayer Rosa de Ca n\u2019Alfonso.<\/p>\n<p><strong>Rosa se cas\u00f3 en su d\u00eda con un militar,<\/strong> por lo que le toc\u00f3 vivir en Galicia y Girona acompa\u00f1ando a su marido en su vida militar. No tuvieron hijos, por lo que sus sobrinos, hijos de su hermano Alfonso, \u00abpara m\u00ed son como mis hijos, porque los conozco desde que nacieron\u00bb.<\/p>\n<p><img loading=\"lazy\" decoding=\"async\" src=\"https:\/\/www.europesays.com\/es\/wp-content\/uploads\/2025\/11\/3541493.jpg\" border=\"0\" alt=\"\" width=\"1620\" height=\"1080\"\/><\/p>\n<p>Por suerte, <strong>Rosa asegura que \u00abno me duele nada\u00bb<\/strong> y ni se acuerda de cu\u00e1ntas pastillas toma al d\u00eda, por lo que no ser\u00e1n demasiadas.<\/p>\n<p>Eso s\u00ed, los domingos no perdona una de sus comidas preferidas: \u00ab<strong>Ahora me he entusiasmado con las tortillas francesas con pl\u00e1tano flambeado y az\u00facar.<\/strong> Me lo ense\u00f1\u00f3 mi abuela, que ten\u00eda a una se\u00f1ora en casa que tambi\u00e9n lo hab\u00eda visto hacer en casa de unos franceses. Me lo hizo ella y me gust\u00f3. Cuando llegu\u00e9 a Sant Antoni, les dije que no quer\u00eda m\u00e1s sal en las tortillas sino az\u00facar\u00bb.<\/p>\n<p>Rosa Ribas se acuerda que cuando ten\u00eda diez a\u00f1os comenz\u00f3 la Guerra Civil y se\u00f1ala que iba al colegio con las monjas de La Consolaci\u00f3n. \u00abLos padres empezaron a venir a buscar a sus hijos al colegios\u00bb, record\u00f3 Rosa.<\/p>\n<p>Asegura que sigue la misa cada d\u00eda por la televisi\u00f3n y que el obispo de Ibiza, Vicent Ribas, fue a su casa para celebrar su centenario. Muestra de su devoci\u00f3n son las dos <strong>felicitaciones<\/strong> que tiene en su casa del <strong>papa Francisco<\/strong> y de <strong>Le\u00f3n XIV<\/strong> por su 90 y su 100 aniversario.<\/p>\n","protected":false},"excerpt":{"rendered":"Rosa Ribas Ribas vivi\u00f3 este viernes una jornada especial. Tras haber cumplido 100 a\u00f1os el pasado 29 de&hellip;\n","protected":false},"author":2,"featured_media":212119,"comment_status":"","ping_status":"","sticky":false,"template":"","format":"standard","meta":{"footnotes":""},"categories":[174],"tags":[6081,255,146,147,25,24,256,6079,6082,6083,6080,23],"class_list":{"0":"post-212118","1":"post","2":"type-post","3":"status-publish","4":"format-standard","5":"has-post-thumbnail","7":"category-famosos","8":"tag-actualidad-ibiza","9":"tag-celebrities","10":"tag-entertainment","11":"tag-entretenimiento","12":"tag-es","13":"tag-espana","14":"tag-famosos","15":"tag-ibiza","16":"tag-informacion-ibiza","17":"tag-lugares-ibiza","18":"tag-periodico-de-ibiza-y-formentera","19":"tag-spain"},"share_on_mastodon":{"url":"https:\/\/pubeurope.com\/@es\/115472935877083334","error":""},"_links":{"self":[{"href":"https:\/\/www.europesays.com\/es\/wp-json\/wp\/v2\/posts\/212118","targetHints":{"allow":["GET"]}}],"collection":[{"href":"https:\/\/www.europesays.com\/es\/wp-json\/wp\/v2\/posts"}],"about":[{"href":"https:\/\/www.europesays.com\/es\/wp-json\/wp\/v2\/types\/post"}],"author":[{"embeddable":true,"href":"https:\/\/www.europesays.com\/es\/wp-json\/wp\/v2\/users\/2"}],"replies":[{"embeddable":true,"href":"https:\/\/www.europesays.com\/es\/wp-json\/wp\/v2\/comments?post=212118"}],"version-history":[{"count":0,"href":"https:\/\/www.europesays.com\/es\/wp-json\/wp\/v2\/posts\/212118\/revisions"}],"wp:featuredmedia":[{"embeddable":true,"href":"https:\/\/www.europesays.com\/es\/wp-json\/wp\/v2\/media\/212119"}],"wp:attachment":[{"href":"https:\/\/www.europesays.com\/es\/wp-json\/wp\/v2\/media?parent=212118"}],"wp:term":[{"taxonomy":"category","embeddable":true,"href":"https:\/\/www.europesays.com\/es\/wp-json\/wp\/v2\/categories?post=212118"},{"taxonomy":"post_tag","embeddable":true,"href":"https:\/\/www.europesays.com\/es\/wp-json\/wp\/v2\/tags?post=212118"}],"curies":[{"name":"wp","href":"https:\/\/api.w.org\/{rel}","templated":true}]}}