{"id":212126,"date":"2025-11-01T06:09:17","date_gmt":"2025-11-01T06:09:17","guid":{"rendered":"https:\/\/www.europesays.com\/es\/212126\/"},"modified":"2025-11-01T06:09:17","modified_gmt":"2025-11-01T06:09:17","slug":"la-fiebre-por-las-guerreras-k-pop-llega-a-cordoba","status":"publish","type":"post","link":"https:\/\/www.europesays.com\/es\/212126\/","title":{"rendered":"La fiebre por &#8216;Las guerreras K-Pop&#8217; llega a C\u00f3rdoba"},"content":{"rendered":"<p class=\"article-text\">\n        M\u00e1s de 15 semanas en el top 10 de pel\u00edculas de habla inglesa m\u00e1s vistas en Netflix. Las guerreras K-Pop han conseguido marcar un antes y un despu\u00e9s entre las pel\u00edculas de animaci\u00f3n se refiere. Ha conseguido ser el m\u00e1s visto de la historia de la plataforma de streaming bajo una historia protagonizada por Huntrix, un grupo de cantantes surcoreanas que deben proteger a sus seguidores de los demonios que buscan adue\u00f1arse de sus almas. Ahora, este fen\u00f3meno ha llegado a C\u00f3rdoba.\n    <\/p>\n<p class=\"article-text\">\n        El Teatro El Brillante comenzar\u00e1 este largo trayecto donde Las guerreras K-Pop han logrado llenar dos sesiones el 31 de octubre, mientras que el Teatro Avanti acoger\u00e1 tres citas el 1 y el 15 de noviembre donde ha llenado tambi\u00e9n todas las butacas. Una vez terminadas estas funciones, el Teatro El Brillante volver\u00e1 a albergar un evento adaptado al largometraje animado con dos sesiones el 29 de noviembre.\n    <\/p>\n<p class=\"article-text\">\n        Este movimiento llegar\u00e1 a la provincia de C\u00f3rdoba, con Montilla donde ha programado cuatro sesiones el 13 de diciembre en el Teatro Garnelo, a la par que, por el momento, el Palacio de Congresos de la capital tambi\u00e9n acoger\u00e1 el 20 de diciembre dos citas en las que a\u00fan hay butacas disponibles.\n    <\/p>\n<p class=\"article-text\">\n        Maggie Kang y Chris Appelhans\u00a0son los directores de la pel\u00edcula que, pese a nacer como proyecto de Sony Pictures Animation, acab\u00f3 bajo el sello de Netflix. La empresa desarroll\u00f3 el proyecto internamente pero, al dudar de su rentabilidad, decidi\u00f3 venderle los derechos completos a la plataforma. Hoy quiz\u00e1 se arrepienten de esta decisi\u00f3n empresarial, viendo los datos que ha conseguido el filme y, sobre todo, las adaptaciones que tanta atenci\u00f3n est\u00e1 generando en ciudades de Espa\u00f1a como C\u00f3rdoba.\n    <\/p>\n","protected":false},"excerpt":{"rendered":"M\u00e1s de 15 semanas en el top 10 de pel\u00edculas de habla inglesa m\u00e1s vistas en Netflix. Las&hellip;\n","protected":false},"author":2,"featured_media":212127,"comment_status":"","ping_status":"","sticky":false,"template":"","format":"standard","meta":{"footnotes":""},"categories":[169],"tags":[177,2760,146,147,25,24,7751,176,3367,10648,5012,175,6765,23],"class_list":{"0":"post-212126","1":"post","2":"type-post","3":"status-publish","4":"format-standard","5":"has-post-thumbnail","7":"category-cine","8":"tag-cine","9":"tag-cordoba","10":"tag-entertainment","11":"tag-entretenimiento","12":"tag-es","13":"tag-espana","14":"tag-fiebre","15":"tag-film","16":"tag-guerreras","17":"tag-k","18":"tag-llega","19":"tag-movies","20":"tag-pop","21":"tag-spain"},"share_on_mastodon":{"url":"https:\/\/pubeurope.com\/@es\/115472955078892850","error":""},"_links":{"self":[{"href":"https:\/\/www.europesays.com\/es\/wp-json\/wp\/v2\/posts\/212126","targetHints":{"allow":["GET"]}}],"collection":[{"href":"https:\/\/www.europesays.com\/es\/wp-json\/wp\/v2\/posts"}],"about":[{"href":"https:\/\/www.europesays.com\/es\/wp-json\/wp\/v2\/types\/post"}],"author":[{"embeddable":true,"href":"https:\/\/www.europesays.com\/es\/wp-json\/wp\/v2\/users\/2"}],"replies":[{"embeddable":true,"href":"https:\/\/www.europesays.com\/es\/wp-json\/wp\/v2\/comments?post=212126"}],"version-history":[{"count":0,"href":"https:\/\/www.europesays.com\/es\/wp-json\/wp\/v2\/posts\/212126\/revisions"}],"wp:featuredmedia":[{"embeddable":true,"href":"https:\/\/www.europesays.com\/es\/wp-json\/wp\/v2\/media\/212127"}],"wp:attachment":[{"href":"https:\/\/www.europesays.com\/es\/wp-json\/wp\/v2\/media?parent=212126"}],"wp:term":[{"taxonomy":"category","embeddable":true,"href":"https:\/\/www.europesays.com\/es\/wp-json\/wp\/v2\/categories?post=212126"},{"taxonomy":"post_tag","embeddable":true,"href":"https:\/\/www.europesays.com\/es\/wp-json\/wp\/v2\/tags?post=212126"}],"curies":[{"name":"wp","href":"https:\/\/api.w.org\/{rel}","templated":true}]}}