{"id":212154,"date":"2025-11-01T06:32:17","date_gmt":"2025-11-01T06:32:17","guid":{"rendered":"https:\/\/www.europesays.com\/es\/212154\/"},"modified":"2025-11-01T06:32:17","modified_gmt":"2025-11-01T06:32:17","slug":"thriller-espanol-del-bueno-en-los-tigres","status":"publish","type":"post","link":"https:\/\/www.europesays.com\/es\/212154\/","title":{"rendered":"Thriller espa\u00f1ol del bueno en &#8216;Los tigres&#8217;"},"content":{"rendered":"<p>Hoy tenemos novedades tan atractivas como los pies de la Preysler para Vargas Llosa, y que disfrutaremos a los precios reducidos de la &#8216;Fiesta del  &#8230; cine&#8217;. Incluso tendremos la oportunidad de ver en pantalla grande el reestreno del cl\u00e1sico &#8216;Regreso al futuro&#8217;.<\/p>\n<p class=\"v-p\">La fina l\u00ednea que separa el drama criminal del thriller la traspasa hacia uno y otro lado el director Alberto &#8216;La isla m\u00ednima&#8217; Rodr\u00edguez en &#8216;Los tigres&#8217;. Eso permite dar profundidad de campo a un relato que podr\u00eda quedarse en la superficie sobre unos buzos que encuentran un alijo de droga. La direcci\u00f3n de actores y la dificultad de un rodaje submarino, se convierten en las bazas de una pel\u00edcula en la que B\u00e1rbara Lennie hace de contrapunto a la amargura de su hermano en la ficci\u00f3n Antonio de la Torre, con el que a veces se lleva como Junts con el PSOE. El resultado est\u00e1 a la altura de lo mejor de este realizador.<\/p>\n<p class=\"v-p\">El estupendo Josh O&#8217;Connor es el protagonista de &#8216;The Mastermind&#8217;, que nos traslada a los a\u00f1os setenta en los bulliciosos Estados Unidos de Nixon (luego nos quejamos de Trump), convulsionados por la guerra de Vietnam (luego nos quejamos de polarizaci\u00f3n). Un hombre con dificultades econ\u00f3micas planifica robar unos cuadros en un museo (con lo f\u00e1cil que hubiera sido irse al Louvre). La ambientaci\u00f3n es un buen decorado para centrarse no en un robo, sino en el ladr\u00f3n. La factura independiente pega bien con una sustracci\u00f3n que no es perfecta, situ\u00e1ndose en las ant\u00edpodas de &#8216;El secreto de Thomas Crown&#8217; (1999). Es el interesante negativo de las t\u00edpicas pel\u00edculas de ladrones de guante blanco. <\/p>\n<p class=\"v-p\">El estreno prohibido para diab\u00e9ticos es la pastelosa, con alma de telefilm de sobremesa, &#8216;A pesar de ti&#8217;. Repite los estereotipos de las cintas romanticonas sin compasi\u00f3n con la inteligencia del espectador, incluido ser una adaptaci\u00f3n de un libro de (incomprensible) \u00e9xito. Una madre y su hija tienen desavenencias por el novio de ella justo cuando una doble muerte sacude la felicidad familiar. Con m\u00ednimos rastro de humor, es una pel\u00edcula sin alma, con todos sus componentes alqu\u00edmicamente calculados para conseguir d\u00f3lares. A los m\u00e1s avezados la historia les sonar\u00e1 a la cuadr\u00e1tica &#8216;Caprichos del destino&#8217; (1999). <\/p>\n<p class=\"v-p\">Dave Franco es uno de los actores perpretadores del anterior estreno, y reincide en &#8216;Together&#8217;, en esta ocasi\u00f3n usando de complica a su esposa Alison Brie. Una cinta de terror en la que los protagonistas son una pareja en crisis que en vez de descubrir una p\u00f3cima de amor, beben donde no deben (desde Ad\u00e1n y Eva se sabe que los matrimonio que comen algo prohibido no acaban bien). Con tanta intenci\u00f3n dram\u00e1tica no sabemos si estamos viendo &#8216;Historia de un matrimonio&#8217; (2019) o &#8216;La forma del agua&#8217; (2017).<\/p>\n<p class=\"v-p\">Hace un par de a\u00f1os &#8216;La maternal&#8217; (2022) nos habl\u00f3 con tacto sobre las madres adolescentes. &#8216;Reci\u00e9n nacidas&#8217; (que se refiere tanto a las madres j\u00f3venes como a sus hijos) nos aproxima con pulso de documental a la misma realidad, pero con la dureza del pedernal de la que hacen gala los hermanos Dardenne, sus creadores, que logran reflejar que los puntos que m\u00e1s duelen a las madres no son los del parto.<\/p>\n<p class=\"v-p\">El trabajo de mimetismo entre actor y cantante es lo m\u00e1s destacado de la irregular &#8216;Monsieur Aznavour&#8217;, lo que pasa que la potencia del personaje, con sus casi doscientos millones de discos vendidos; la fuerza de su vida amorosa, buen aprendiz de Julio Iglesias; y la calidad de su m\u00fasica, con melod\u00edas que est\u00e1n en el azerbo popular, compensan las carencias.<\/p>\n<p class=\"v-p\">&#8216;Cuerpos locos&#8217; es una escatol\u00f3gica \u00bfcomedia? para lucimiento de la insufrible Paz Padilla. Una ni\u00f1a de diez a\u00f1os y su odiada madrastra se intercambian los cuerpos. Para colmo hace un cameo Miguel \u00c1ngel Revilla haciendo, como es habitual en \u00e9l, la competencia a los payasos. <\/p>\n<p class=\"v-p\">Que teng\u00e1is una semana, y un D\u00eda de Difuntos, de cine.<\/p>\n","protected":false},"excerpt":{"rendered":"Hoy tenemos novedades tan atractivas como los pies de la Preysler para Vargas Llosa, y que disfrutaremos a&hellip;\n","protected":false},"author":2,"featured_media":212155,"comment_status":"","ping_status":"","sticky":false,"template":"","format":"standard","meta":{"footnotes":""},"categories":[169],"tags":[5133,177,146,147,25,24,1489,176,175,23,6668,25756],"class_list":{"0":"post-212154","1":"post","2":"type-post","3":"status-publish","4":"format-standard","5":"has-post-thumbnail","7":"category-cine","8":"tag-bueno","9":"tag-cine","10":"tag-entertainment","11":"tag-entretenimiento","12":"tag-es","13":"tag-espana","14":"tag-espanol","15":"tag-film","16":"tag-movies","17":"tag-spain","18":"tag-thriller","19":"tag-tigres"},"share_on_mastodon":{"url":"https:\/\/pubeurope.com\/@es\/115473045616422332","error":""},"_links":{"self":[{"href":"https:\/\/www.europesays.com\/es\/wp-json\/wp\/v2\/posts\/212154","targetHints":{"allow":["GET"]}}],"collection":[{"href":"https:\/\/www.europesays.com\/es\/wp-json\/wp\/v2\/posts"}],"about":[{"href":"https:\/\/www.europesays.com\/es\/wp-json\/wp\/v2\/types\/post"}],"author":[{"embeddable":true,"href":"https:\/\/www.europesays.com\/es\/wp-json\/wp\/v2\/users\/2"}],"replies":[{"embeddable":true,"href":"https:\/\/www.europesays.com\/es\/wp-json\/wp\/v2\/comments?post=212154"}],"version-history":[{"count":0,"href":"https:\/\/www.europesays.com\/es\/wp-json\/wp\/v2\/posts\/212154\/revisions"}],"wp:featuredmedia":[{"embeddable":true,"href":"https:\/\/www.europesays.com\/es\/wp-json\/wp\/v2\/media\/212155"}],"wp:attachment":[{"href":"https:\/\/www.europesays.com\/es\/wp-json\/wp\/v2\/media?parent=212154"}],"wp:term":[{"taxonomy":"category","embeddable":true,"href":"https:\/\/www.europesays.com\/es\/wp-json\/wp\/v2\/categories?post=212154"},{"taxonomy":"post_tag","embeddable":true,"href":"https:\/\/www.europesays.com\/es\/wp-json\/wp\/v2\/tags?post=212154"}],"curies":[{"name":"wp","href":"https:\/\/api.w.org\/{rel}","templated":true}]}}