{"id":212158,"date":"2025-11-01T06:34:09","date_gmt":"2025-11-01T06:34:09","guid":{"rendered":"https:\/\/www.europesays.com\/es\/212158\/"},"modified":"2025-11-01T06:34:09","modified_gmt":"2025-11-01T06:34:09","slug":"sobrevive-en-hospitales-y-equipo-medico","status":"publish","type":"post","link":"https:\/\/www.europesays.com\/es\/212158\/","title":{"rendered":"Sobrevive en hospitales y equipo m\u00e9dico"},"content":{"rendered":"<p class=\"c-paragraph\">En 2009, un grupo de investigadores japoneses public\u00f3 <a href=\"https:\/\/onlinelibrary.wiley.com\/doi\/epdf\/10.1111\/j.1348-0421.2008.00083.x\" rel=\"nofollow noreferrer noopener\" target=\"_blank\">un art\u00edculo<\/a> en el que describ\u00eda una <b>nueva especie <\/b>patog\u00e9nica de <a href=\"https:\/\/www.20minutos.es\/salud\/actualidad\/candida-auris-hongo-mortal-infecto-joven-piscina-pedir-eutanasia-5630481\/\" rel=\"nofollow noopener\" target=\"_blank\">hongo<\/a>, encontrada por primera vez en una muestra del canal auditivo de una paciente del Hospital Geri\u00e1trico Metropolitano de Tokio. La llamaron Candida auris, combinaci\u00f3n del g\u00e9nero taxon\u00f3mico al que pertenece y de\u00a0la palabra latina para o\u00eddo.<\/p>\n<p class=\"c-paragraph\">Apenas siete a\u00f1os despu\u00e9s, en 2016, se detect\u00f3 el <b>primer gran brote en Espa\u00f1a<\/b>. Su avance ha sido r\u00e1pido, y hace pocas semanas el <a href=\"https:\/\/www.ecdc.europa.eu\/en\/news-events\/drug-resistant-fungus-candidozyma-auris-confirmed-spread-rapidly-european-hospitals\" rel=\"nofollow noreferrer noopener\" target=\"_blank\">Centro Europeo para la Prevenci\u00f3n y el Control de Enfermedades<\/a>\u00a0advert\u00eda de su expansi\u00f3n por todo el continente, tild\u00e1ndola de \u00abseria amenaza para los pacientes y los sistemas sanitarios\u00bb. Seg\u00fan pon\u00eda de manifiesto, el nuestro es de lejos el pa\u00eds m\u00e1s afectado.<\/p>\n<p>\u00abEspa\u00f1a fue de los primeros en detectar un gran brote\u00bb<\/p>\n<p class=\"c-paragraph\">\u00abEn Europa los casos han aumentado en los \u00faltimos a\u00f1os, y algunos pa\u00edses describen transmisi\u00f3n sostenida en ciertas regiones\u00bb, confirma a <b>20minutos<\/b> Ana Alastruey Izquierdo, investigadora del Instituto de Salud Carlos III (ISCIII). \u00abEspa\u00f1a <b>fue de los primeros<\/b> en detectar un gran brote (en Valencia, en 2016) y por eso acumula m\u00e1s casos hist\u00f3ricos\u00bb.<\/p>\n<p class=\"c-paragraph\">Ahora bien, aclara, <b>\u00abLa foto hoy es diferente<\/b>: la tendencia en Espa\u00f1a es estable o descendente, y fuera del \u00e1rea end\u00e9mica en Valencia, lo que vemos son casos aislados o peque\u00f1os brotes que se contienen\u00bb.<\/p>\n<p class=\"c-paragraph\">Y a\u00f1ade: \u00abDesde el ISCIII se colabora estrechamente con las Comunidades Aut\u00f3nomas y con los hospitales, ofreciendo <b>apoyo t\u00e9cnico y de referencia<\/b> para la caracterizaci\u00f3n de cepas, el asesoramiento en el manejo de casos y la difusi\u00f3n de informaci\u00f3n a los profesionales sanitarios\u00bb.<\/p>\n<p>\u00abEl riesgo para la poblaci\u00f3n general es bajo\u00bb<\/p>\n<p class=\"c-paragraph\">El nombre Candida hace referencia a un g\u00e9nero de hongos unicelulares, conocidos por provocar micosis (infecciones por hongos en seres humanos) que en este caso reciben <b>el nombre de candidiasis<\/b>. Entre las distintas especies que lo componen, la de mayor relevancia cl\u00ednica es Candida albicans, que es con diferencia la que m\u00e1s casos provoca.<\/p>\n<p class=\"c-paragraph\">Candida auris es mucho menos com\u00fan, y afecta principalmente a <b>pacientes inmunodeprimidos<\/b> o con otras condiciones preexistentes. \u00abCandidozyma (Candida) auris\u00bb, cuenta a este medio Oscar Zaragoza, tambi\u00e9n investigador del ISCIII \u00abes una levadura que puede vivir en la piel sin dar s\u00edntomas (colonizaci\u00f3n) pero que en personas vulnerables puede causar infecciones, sobre todo en sangre (candidemia), heridas o dispositivos m\u00e9dicos\u00bb.<\/p>\n<p class=\"c-paragraph\">\u00abEl riesgo para la poblaci\u00f3n general es bajo\u00bb, prosigue, \u00aby el problema se concentra en los hospitales. Se contrae principalmente por<b> contacto en entornos sanitarios <\/b>(con manos, superficies, equipos compartidos&#8230;) y afecta m\u00e1s a pacientes ingresados, sobre todo en la UCI y con estancias prolongadas, dispositivos invasivos (cat\u00e9teres, respiradores), cirug\u00eda reciente o inmunodepresi\u00f3n\u00bb.<\/p>\n<p class=\"c-paragraph\">\u00abC. auris se adhiere y sobrevive en superficies y equipos m\u00e9dicos, y se aprovecha de situaciones propias del hospital\u00bb, remarca. <b>\u00abPacientes muy fr\u00e1giles<\/b>, procedimientos invasivos y material compartido. En ese contexto puede transmitirse si no se detecta y corta a tiempo; en la comunidad, sin esos factores, tiene mucho menos recorrido\u00bb.<\/p>\n<p>\u00abHoy conocemos el hongo y sabemos lo que funciona\u00bb<\/p>\n<p class=\"c-paragraph\">Respecto al r\u00e1pido avance del virus, Alastruey indica que puede explicarse por la <b>convergencia de varios factores<\/b>: \u00abEs de aparici\u00f3n relativamente reciente\u00bb, incide la experta. \u00abAl principio hab\u00eda poca informaci\u00f3n, hab\u00eda dificultades para identificarlo con las t\u00e9cnicas antiguas y ello se sumaba a la presi\u00f3n asistencial, por ejemplo, durante la pandemia\u00bb.<\/p>\n<p class=\"c-paragraph\">No obstante, argumenta, \u00abhoy conocemos mejor al hongo, lo detectamos antes y <b>sabemos qu\u00e9 medidas funcionan<\/b>. Hay motivos para estar alerta y para vigilarlo, pero no para la alarma social: el riesgo se concentra en los entornos sanitarios y existen herramientas eficaces para controlarlo si se aplican con rigor\u00bb.\u00a0<\/p>\n<p class=\"c-paragraph\">Concretamente, apostilla, \u00ablas medidas m\u00e1s efectivas son las que se centran en la <b>detecci\u00f3n precoz<\/b> y en la actuaci\u00f3n r\u00e1pida ante los casos. En los hospitales se realiza el cribado de pacientes de riesgo, se aplican medidas de aislamiento y precauciones de contacto cuando es necesario, y se refuerzan la higiene de manos y la limpieza y desinfecci\u00f3n de superficies y equipos con productos eficaces frente a C. auris. Tambi\u00e9n es esencial mantener una buena comunicaci\u00f3n entre los centros cuando se traslada a pacientes colonizados o infectados, para evitar su diseminaci\u00f3n\u00bb.<\/p>\n<p class=\"c-paragraph\">\u00abAdem\u00e1s\u00bb, se\u00f1ala, \u00abse ha reforzado la capacidad diagn\u00f3stica en los laboratorios y se trabaja en consolidar la vigilancia a nivel nacional. En este sentido, el nuevo Plan Nacional frente a la Resistencia a los Antibi\u00f3ticos (PRAN 2025-2027)<b> incluye por primera vez los hongos<\/b>, lo que supone un impulso importante para la prevenci\u00f3n, la vigilancia y la investigaci\u00f3n\u00bb.\u00a0<\/p>\n<p class=\"c-paragraph\">Y a\u00f1ade: \u00abEl ISCIII ha participado en la elaboraci\u00f3n de gu\u00edas y documentos de consenso, ha prestado asesoramiento t\u00e9cnico y ha contribuido a sensibilizar a los profesionales sanitarios mediante actividades de formaci\u00f3n y difusi\u00f3n, mejorando la <b>respuesta global <\/b>frente a este pat\u00f3geno\u00bb.<\/p>\n<p>\u00abLos brotes pueden contenerse si se activan los protocolos\u00bb<\/p>\n<p class=\"c-paragraph\">\u00abCuando se detecta pronto y se activan los protocolos\u00bb, agrega por su parte Zaragoza, \u00abC. auris puede contenerse. En Espa\u00f1a vemos control estable, con <b>casos aislados fuera del \u00e1rea end\u00e9mica <\/b>y brotes peque\u00f1os que se cortan\u00bb.<\/p>\n<p class=\"c-paragraph\">\u00abA corto plazo\u00bb, sigue, \u00abcabe esperar que los pa\u00edses que ahora est\u00e1n en fase de aumento <b>refuercen vigilancia y control<\/b>; donde ya se han consolidado las medidas, lo razonable es mantener una incidencia estable o descendente\u00bb.<\/p>\n<p class=\"c-paragraph\">Adem\u00e1s, afirma que C. albicans no es la \u00fanica especie de preocupaci\u00f3n, ni la \u00fanica con la que existen riesgos importantes de resistencia a los f\u00e1rmacos: \u00abEn cuanto a <b>otros hongos que deben vigilarse<\/b> por su resistencia a los tratamientos antif\u00fangicos, destacan Candida parapsilosis y Aspergillus fumigatus, ambos en aumento en los \u00faltimos a\u00f1os. De hecho, C. parapsilosis\u00a0\u00a0puede causar brotes de caracter\u00edsticas muy similares a los de C. auris\u00bb, concluye.<\/p>\n<p>Referencias<\/p>\n<p class=\"c-paragraph\">Satoh, K.; Makimura, K.; Hasumi, Y.; Uchida, K.; Yamaguchi, H.\u00a0Candida auris sp. nov., a novel ascomycetous yeastisolated from the external ear canal of an inpatientin a Japanese hospital. Microbiology Inmunology (2009). DOI:\u00a0<a href=\"https:\/\/onlinelibrary.wiley.com\/doi\/epdf\/10.1111\/j.1348-0421.2008.00083.x\" rel=\"nofollow noreferrer noopener\" target=\"_blank\">10.1111\/j.1348-0421.2008.00083.x<\/a><\/p>\n<p class=\"c-paragraph\"><a href=\"https:\/\/www.20minutos.es\/salud\/quieres-recibir-mejores-contenidos-cuidar-salud-sentirte-bien-apuntate-gratis-nuestra-nueva-newsletter-5119746\/\" rel=\"nofollow noopener\" target=\"_blank\">\u00bfQuieres recibir los mejores contenidos para cuidar tu salud y sentirte bien? Ap\u00fantate gratis a nuestra newsletter.\u00a0<\/a><\/p>\n<p>   <img loading=\"lazy\" decoding=\"async\" width=\"50\" height=\"50\" src=\"https:\/\/www.europesays.com\/es\/wp-content\/uploads\/2025\/10\/whatsapp-logo.png\" alt=\"Doble Check\"\/>  <\/p>\n<p><b>\u00a1Ya estamos en WhatsApp! <\/b>Si quieres recibir en tu m\u00f3vil toda la actualidad y las noticias m\u00e1s importantes del d\u00eda, <a class=\"enlace-whatsapp\" href=\"https:\/\/www.whatsapp.com\/channel\/0029VaBpla3G8l5CbpH86t3n\" target=\"_blank\" rel=\"nofollow noopener\"><b>pincha aqu\u00ed y \u00fanete a nuestro canal.<\/b><\/a> Es un sistema gratuito, c\u00f3modo y seguro.<\/p>\n<p><img loading=\"lazy\" decoding=\"async\" width=\"102\" height=\"20\" src=\"https:\/\/www.20minutos.es\/images\/logo-horizontal-20m.svg\" class=\"logo-20minutos\" alt=\"Logo de 20minutos\"\/> <\/p>\n","protected":false},"excerpt":{"rendered":"En 2009, un grupo de investigadores japoneses public\u00f3 un art\u00edculo en el que describ\u00eda una nueva especie patog\u00e9nica&hellip;\n","protected":false},"author":2,"featured_media":212159,"comment_status":"","ping_status":"","sticky":false,"template":"","format":"standard","meta":{"footnotes":""},"categories":[92],"tags":[38412,6577,25,24,165,57277,9249,166,23],"class_list":{"0":"post-212158","1":"post","2":"type-post","3":"status-publish","4":"format-standard","5":"has-post-thumbnail","7":"category-salud","8":"tag-auris","9":"tag-c","10":"tag-es","11":"tag-espana","12":"tag-health","13":"tag-hongo","14":"tag-presente","15":"tag-salud","16":"tag-spain"},"share_on_mastodon":{"url":"https:\/\/pubeurope.com\/@es\/115473053405644418","error":""},"_links":{"self":[{"href":"https:\/\/www.europesays.com\/es\/wp-json\/wp\/v2\/posts\/212158","targetHints":{"allow":["GET"]}}],"collection":[{"href":"https:\/\/www.europesays.com\/es\/wp-json\/wp\/v2\/posts"}],"about":[{"href":"https:\/\/www.europesays.com\/es\/wp-json\/wp\/v2\/types\/post"}],"author":[{"embeddable":true,"href":"https:\/\/www.europesays.com\/es\/wp-json\/wp\/v2\/users\/2"}],"replies":[{"embeddable":true,"href":"https:\/\/www.europesays.com\/es\/wp-json\/wp\/v2\/comments?post=212158"}],"version-history":[{"count":0,"href":"https:\/\/www.europesays.com\/es\/wp-json\/wp\/v2\/posts\/212158\/revisions"}],"wp:featuredmedia":[{"embeddable":true,"href":"https:\/\/www.europesays.com\/es\/wp-json\/wp\/v2\/media\/212159"}],"wp:attachment":[{"href":"https:\/\/www.europesays.com\/es\/wp-json\/wp\/v2\/media?parent=212158"}],"wp:term":[{"taxonomy":"category","embeddable":true,"href":"https:\/\/www.europesays.com\/es\/wp-json\/wp\/v2\/categories?post=212158"},{"taxonomy":"post_tag","embeddable":true,"href":"https:\/\/www.europesays.com\/es\/wp-json\/wp\/v2\/tags?post=212158"}],"curies":[{"name":"wp","href":"https:\/\/api.w.org\/{rel}","templated":true}]}}