{"id":212162,"date":"2025-11-01T06:36:09","date_gmt":"2025-11-01T06:36:09","guid":{"rendered":"https:\/\/www.europesays.com\/es\/212162\/"},"modified":"2025-11-01T06:36:09","modified_gmt":"2025-11-01T06:36:09","slug":"revisa-si-el-tuyo-esta-en-la-lista","status":"publish","type":"post","link":"https:\/\/www.europesays.com\/es\/212162\/","title":{"rendered":"revisa si el tuyo est\u00e1 en la lista"},"content":{"rendered":"<p><a target=\"_blank\" data-generated=\"auto\" href=\"https:\/\/www.aragondigital.es\/tags\/aragon\/\" rel=\"nofollow noopener\">Arag\u00f3n<\/a> no se libra del cambio tecnol\u00f3gico que llegar\u00e1 este <strong>viernes 31 de octubre<\/strong>, cuando <strong>WhatsApp dejar\u00e1 de funcionar en varios <a target=\"_blank\" href=\"https:\/\/www.aragondigital.es\/tags\/movil\/\" rel=\"nofollow noopener\">m\u00f3viles<\/a> antiguos. <\/strong>Muchos usuarios de la comunidad podr\u00edan encontrarse con la sorpresa de que la app de mensajer\u00eda m\u00e1s utilizada en el mundo deja de ser compatible con su dispositivo.<strong> El motivo est\u00e1 en la nueva pol\u00edtica de seguridad y actualizaciones que ha implementado Meta <\/strong>para mejorar la experiencia y proteger los datos de los usuarios.<\/p>\n<p>A partir de esa fecha, <strong>quienes tengan un tel\u00e9fono sin soporte oficial o con un sistema operativo desactualizado<\/strong>,\u00a0ya no podr\u00e1n acceder a las funciones de la aplicaci\u00f3n. Desde la compa\u00f1\u00eda recomiendan <strong>actualizar el software lo antes posible<\/strong> o, si no es posible, migrar la cuenta a un nuevo terminal para no perder conversaciones ni archivos. Antes de hacerlo, conviene realizar una <strong>copia de seguridad en la nube<\/strong> para conservar toda la informaci\u00f3n.<\/p>\n<p>No obstante, <strong>Meta ha trasladado que esta nueva medida no supone un bloqueo inmediato<\/strong>, pero s\u00ed que implicar\u00e1 el cese de actualizaciones y, por lo tanto, aumentar\u00e1 la\u00a0posibilidad\u00a0de errores, fallos de seguridad y perdida de datos.\u00a0<\/p>\n<ol class=\"table-of-contents\">\n<li><a href=\"#en-que-moviles-dejara-de-funcionar-whatsapp\">\u00bfEN QU\u00c9 M\u00d3VILES DEJAR\u00c1 DE FUNCIONAR WHATSAPP?<\/a>\n<\/li>\n<\/ol>\n<p>\u00bfEN QU\u00c9 M\u00d3VILES DEJAR\u00c1 DE FUNCIONAR WHATSAPP?<\/p>\n<p>Los dispositivos que dejar\u00e1n de ser compatibles son aquellos con Android 5.0 o versiones anteriores, as\u00ed como los iPhone con iOS 15.1 o previos. En ellos, la app dejar\u00e1 de recibir actualizaciones y podr\u00edan aparecer errores, fallos de seguridad o p\u00e9rdida de datos.<\/p>\n<p>Modelos Android afectados<\/p>\n<ul>\n<li><strong>Samsung<\/strong>: Galaxy S3, Galaxy Core, Galaxy Trend, Galaxy S5, Galaxy S4 Mini y Galaxy Note 2<\/li>\n<li><strong>Sony<\/strong>: Xperia Z, SP, T, V y Z2<\/li>\n<li><strong>Huawei<\/strong>: Ascend Mate 2<\/li>\n<li><strong>LG<\/strong>: Optimus G, G3, Nexus 4 y G2 Mini<\/li>\n<li><strong>Motorola<\/strong>: Moto G (1\u00aa generaci\u00f3n) y Moto E (2014)<\/li>\n<li><strong>HTC<\/strong>: One M8<\/li>\n<\/ul>\n<p>Modelos de iPhone afectados<\/p>\n<ul>\n<li>iPhone 5<\/li>\n<li>iPhone 5C<\/li>\n<li>iPhone 5s<\/li>\n<li>iPhone 6<\/li>\n<li>iPhone 6 Plus<\/li>\n<\/ul>\n<p>El cambio que aplicar\u00e1 WhatsApp este viernes marcar\u00e1 un nuevo paso en la evoluci\u00f3n de la app m\u00e1s usada en Arag\u00f3n y en el resto del pa\u00eds. Aunque <strong>muchos usuarios deber\u00e1n despedirse de sus viejos m\u00f3viles<\/strong>, la medida busca garantizar una comunicaci\u00f3n m\u00e1s segura y estable. <strong>Actualizar el sistema o renovar el dispositivo<\/strong> ser\u00e1 la \u00fanica forma de seguir conectado a una aplicaci\u00f3n que, dos d\u00e9cadas despu\u00e9s de su lanzamiento, sigue siendo esencial en la vida diaria de millones de personas.<\/p>\n","protected":false},"excerpt":{"rendered":"Arag\u00f3n no se libra del cambio tecnol\u00f3gico que llegar\u00e1 este viernes 31 de octubre, cuando WhatsApp dejar\u00e1 de&hellip;\n","protected":false},"author":2,"featured_media":212163,"comment_status":"","ping_status":"","sticky":false,"template":"","format":"standard","meta":{"footnotes":""},"categories":[81],"tags":[119,123,124,25,24,117,121,122,492,23,11377,118,120],"class_list":{"0":"post-212162","1":"post","2":"type-post","3":"status-publish","4":"format-standard","5":"has-post-thumbnail","7":"category-ciencia-y-tecnologia","8":"tag-ciencia","9":"tag-ciencia-y-tecnologia","10":"tag-cienciaytecnologia","11":"tag-es","12":"tag-espana","13":"tag-science","14":"tag-science-and-technology","15":"tag-scienceandtechnology","16":"tag-sociedad","17":"tag-spain","18":"tag-te-interesa","19":"tag-technology","20":"tag-tecnologia"},"share_on_mastodon":{"url":"https:\/\/pubeurope.com\/@es\/115473061348556105","error":""},"_links":{"self":[{"href":"https:\/\/www.europesays.com\/es\/wp-json\/wp\/v2\/posts\/212162","targetHints":{"allow":["GET"]}}],"collection":[{"href":"https:\/\/www.europesays.com\/es\/wp-json\/wp\/v2\/posts"}],"about":[{"href":"https:\/\/www.europesays.com\/es\/wp-json\/wp\/v2\/types\/post"}],"author":[{"embeddable":true,"href":"https:\/\/www.europesays.com\/es\/wp-json\/wp\/v2\/users\/2"}],"replies":[{"embeddable":true,"href":"https:\/\/www.europesays.com\/es\/wp-json\/wp\/v2\/comments?post=212162"}],"version-history":[{"count":0,"href":"https:\/\/www.europesays.com\/es\/wp-json\/wp\/v2\/posts\/212162\/revisions"}],"wp:featuredmedia":[{"embeddable":true,"href":"https:\/\/www.europesays.com\/es\/wp-json\/wp\/v2\/media\/212163"}],"wp:attachment":[{"href":"https:\/\/www.europesays.com\/es\/wp-json\/wp\/v2\/media?parent=212162"}],"wp:term":[{"taxonomy":"category","embeddable":true,"href":"https:\/\/www.europesays.com\/es\/wp-json\/wp\/v2\/categories?post=212162"},{"taxonomy":"post_tag","embeddable":true,"href":"https:\/\/www.europesays.com\/es\/wp-json\/wp\/v2\/tags?post=212162"}],"curies":[{"name":"wp","href":"https:\/\/api.w.org\/{rel}","templated":true}]}}