{"id":212168,"date":"2025-11-01T06:40:15","date_gmt":"2025-11-01T06:40:15","guid":{"rendered":"https:\/\/www.europesays.com\/es\/212168\/"},"modified":"2025-11-01T06:40:15","modified_gmt":"2025-11-01T06:40:15","slug":"el-stabat-mater-del-museo-dispuesto-en-el-paso-para-su-proxima-salida-extraordinaria-por-el-450-aniversario-de-la-hermandad","status":"publish","type":"post","link":"https:\/\/www.europesays.com\/es\/212168\/","title":{"rendered":"El Stabat Mater del Museo, dispuesto en el paso para su pr\u00f3xima salida extraordinaria por el 450 aniversario de la hermandad"},"content":{"rendered":"<p style=\"\">La <strong>hermandad del Museo<\/strong>, que se encuentra inmersa en la celebraci\u00f3n del <strong>450 aniversario de su fundaci\u00f3n<\/strong>, ya ha dispuesto en su capilla el paso con el <strong>Stabat Mater<\/strong> con el que saldr\u00e1 en procesi\u00f3n el pr\u00f3ximo s\u00e1bado 8 de noviembre, previo  &#8230; traslado el viernes 7 a partir de las 17.00 horas hacia la Catedral. <\/p>\n<p class=\"voc-p\" style=\"\">La corporaci\u00f3n del Lunes Santo recupera as\u00ed una imagen que no se ve\u00eda en la Semana Santa de Sevilla desde el a\u00f1o 1922, y aunque esta iconograf\u00eda se puede apreciar en la capilla durante todo el a\u00f1o -la Virgen de las Aguas se encuentra a los pies de la cruz del <strong>Sant\u00edsimo Cristo de la Expiraci\u00f3n<\/strong> en el frontal del altar del templo-, desde este viernes se puede contemplar la belleza de esta disposici\u00f3n, la Virgen arrodillada a los pies del Crucificado, sobre el paso que, para esta ocasi\u00f3n especial, porta cuatro candelabros guardabrisas cedidos por la hermandad de La Cena de Jerez de la Frontera.<\/p>\n<p class=\"voc-p\" style=\"\">El Se\u00f1or porta <strong>nuevas potencias de estilo barroco <\/strong>ejecutadas en el taller de Joaqu\u00edn Ossorio, as\u00ed como el juego de casquillos e Inri con el que procesionaba antiguamente.<\/p>\n<p><img decoding=\"async\" loading=\"lazy\" src=\"https:\/\/www.europesays.com\/es\/wp-content\/uploads\/2025\/11\/DANIPALACIOS_DJP3675-U603451212445Hk-U701858381882S7C-760x850@diario_abc.jpg\" class=\"voc-img\" width=\"760\" height=\"850\" alt=\"El Stabat Mater del Museo, dispuesto en el paso para su pr\u00f3xima salida extraordinaria por el 450 aniversario de la hermandad\" data-voc-vtm-id=\"in-text-traffic\"\/><\/p>\n<p>Daniel palacios<\/p>\n<p class=\"voc-p\" style=\"\">La <strong>Virgen de las Aguas volver\u00e1 a salir con las manos entrelazadas<\/strong>, es decir, con las originales de Crist\u00f3bal Ramos, tal y como hiciera en el a\u00f1o 2022 en la procesi\u00f3n que protagoniz\u00f3 por el barrio de San Vicente por los 250 a\u00f1os de la hechura de la imagen.<\/p>\n<p class=\"voc-p\" style=\"\">La Sant\u00edsima Virgen se presenta con la <strong>saya m\u00e1s antigua <\/strong>con la que cuenta en su ajuar, y con la que procesionaba a los pies del Se\u00f1or. Al taller de Joaqu\u00edn Ossorio se deben tambi\u00e9n la <strong>diadema y el pu\u00f1al,<\/strong> que recrean las piezas originales del siglo XIX. Luce <strong>tocado de tul bordado en hojilla de plata <\/strong>de finales del siglo XIX, as\u00ed como el <strong>manto cedido para la ocasi\u00f3n por la hermandad de la Quinta Angustia de Sevilla<\/strong>.<\/p>\n<p><img decoding=\"async\" loading=\"lazy\" src=\"https:\/\/www.europesays.com\/es\/wp-content\/uploads\/2025\/11\/DANIPALACIOS_DJP3710-U603451212445eeD-U7018583818820nF-760x850@diario_abc.jpg\" class=\"voc-img\" width=\"760\" height=\"850\" alt=\"Mar\u00eda Sant\u00edsima de las Aguas, con las manos entrelazadas obra de Crist\u00f3bal Ramos\" data-voc-vtm-id=\"in-text-traffic\"\/><\/p>\n<p>Mar\u00eda Sant\u00edsima de las Aguas, con las manos entrelazadas obra de Crist\u00f3bal Ramos<\/p>\n<p>Daniel Palacios<\/p>\n<p class=\"voc-p\" style=\"\">Las <strong>flores<\/strong> que adornan al paso estos d\u00edas en la capilla son peonias, rosas, astrantias, amarhantus, safari, oroteas, lipedium y esparragueras, de Grado Florister\u00eda.<\/p>\n<p>\nMisa y adoraci\u00f3n\n<\/p>\n<p class=\"voc-p\" style=\"\">Este viernes, v\u00edsperas de la fiesta de Todos los Santos, habr\u00e1 Santa Misa en la capilla, y a continuaci\u00f3n rezo del Santo Rosario y Exposici\u00f3n y Adoraci\u00f3n del Sant\u00edsimo Sacramento, que finalizar\u00e1 sobre las 22:15 horas. Esta <strong>adoraci\u00f3n ser\u00e1 \u00fanica e hist\u00f3rica<\/strong> por celebrarse ante los Sagrados Titulares de la hermandad dispuestos en el paso para la pr\u00f3xima salida.<\/p>\n<p class=\"voc-p\" style=\"\">Tras el traslado el viernes 7 de noviembre a la Catedral, el s\u00e1bado 8 a las 11:00 se celebrar\u00e1 misa estacional en la Seo, presidida por el arzobispo de Sevilla, Jos\u00e9 \u00c1ngel Saiz Meneses. Por la tarde, la hermandad regrasar\u00e1 a su capilla de la Plaza del Museo en procesi\u00f3n extraordinaria.<\/p>\n","protected":false},"excerpt":{"rendered":"La hermandad del Museo, que se encuentra inmersa en la celebraci\u00f3n del 450 aniversario de su fundaci\u00f3n, ya&hellip;\n","protected":false},"author":2,"featured_media":212169,"comment_status":"","ping_status":"","sticky":false,"template":"","format":"standard","meta":{"footnotes":""},"categories":[8],"tags":[4529,9807,17,18,12249,25,24,20515,13,14,11,13456,19,20,57279,470,9,10,15,16,4191,3850,1965,23,57278,12,21,22],"class_list":{"0":"post-212168","1":"post","2":"type-post","3":"status-publish","4":"format-standard","5":"has-post-thumbnail","7":"category-espana","8":"tag-4529","9":"tag-aniversario","10":"tag-breaking-news","11":"tag-breakingnews","12":"tag-dispuesto","13":"tag-es","14":"tag-espana","15":"tag-extraordinaria","16":"tag-featured-news","17":"tag-featurednews","18":"tag-headlines","19":"tag-hermandad","20":"tag-latest-news","21":"tag-latestnews","22":"tag-mater","23":"tag-museo","24":"tag-news","25":"tag-noticias","26":"tag-noticias-destacadas","27":"tag-noticiasdestacadas","28":"tag-paso","29":"tag-proxima","30":"tag-salida","31":"tag-spain","32":"tag-stabat","33":"tag-titulares","34":"tag-ultimas-noticias","35":"tag-ultimasnoticias"},"share_on_mastodon":{"url":"https:\/\/pubeurope.com\/@es\/115473077168072871","error":""},"_links":{"self":[{"href":"https:\/\/www.europesays.com\/es\/wp-json\/wp\/v2\/posts\/212168","targetHints":{"allow":["GET"]}}],"collection":[{"href":"https:\/\/www.europesays.com\/es\/wp-json\/wp\/v2\/posts"}],"about":[{"href":"https:\/\/www.europesays.com\/es\/wp-json\/wp\/v2\/types\/post"}],"author":[{"embeddable":true,"href":"https:\/\/www.europesays.com\/es\/wp-json\/wp\/v2\/users\/2"}],"replies":[{"embeddable":true,"href":"https:\/\/www.europesays.com\/es\/wp-json\/wp\/v2\/comments?post=212168"}],"version-history":[{"count":0,"href":"https:\/\/www.europesays.com\/es\/wp-json\/wp\/v2\/posts\/212168\/revisions"}],"wp:featuredmedia":[{"embeddable":true,"href":"https:\/\/www.europesays.com\/es\/wp-json\/wp\/v2\/media\/212169"}],"wp:attachment":[{"href":"https:\/\/www.europesays.com\/es\/wp-json\/wp\/v2\/media?parent=212168"}],"wp:term":[{"taxonomy":"category","embeddable":true,"href":"https:\/\/www.europesays.com\/es\/wp-json\/wp\/v2\/categories?post=212168"},{"taxonomy":"post_tag","embeddable":true,"href":"https:\/\/www.europesays.com\/es\/wp-json\/wp\/v2\/tags?post=212168"}],"curies":[{"name":"wp","href":"https:\/\/api.w.org\/{rel}","templated":true}]}}