{"id":212180,"date":"2025-11-01T06:51:12","date_gmt":"2025-11-01T06:51:12","guid":{"rendered":"https:\/\/www.europesays.com\/es\/212180\/"},"modified":"2025-11-01T06:51:12","modified_gmt":"2025-11-01T06:51:12","slug":"terelu-campos-aclara-las-ausencias-de-carmen-borrego-y-rocio-carrasco-en-su-estreno-en-madrid","status":"publish","type":"post","link":"https:\/\/www.europesays.com\/es\/212180\/","title":{"rendered":"Terelu Campos aclara las ausencias de Carmen Borrego y Roc\u00edo Carrasco en su estreno en Madrid"},"content":{"rendered":"<p data-journey-content=\"true\" data-node-id=\"3\" class=\"css-6wxqfj emevuu60\">Este mi\u00e9rcoles 29 de octubre, <strong data-node-id=\"3.1\"><a href=\"https:\/\/www.diezminutos.es\/terelu-campos\/\" target=\"_blank\" data-vars-ga-outbound-link=\"https:\/\/www.diezminutos.es\/terelu-campos\/\" data-vars-ga-ux-element=\"Hyperlink\" data-vars-ga-call-to-action=\"Terelu Campos\" data-node-id=\"3.1.0\" data-mrf-link=\"https:\/\/www.diezminutos.es\/terelu-campos\/\" class=\"body-link css-177bzfx emevuu60\" rel=\"nofollow noopener\">Terelu Campos<\/a><\/strong><strong data-node-id=\"3.2\"> vivi\u00f3 una de las noches m\u00e1s especiales de su vida con <\/strong><strong data-node-id=\"3.3\"><a href=\"https:\/\/www.diezminutos.es\/famosos-corazon\/famosos-espanoles\/a69198929\/terelu-campos-estreno-santa-lola-madrid-celebracion-alejandra-rubio\/\" target=\"_blank\" data-vars-ga-outbound-link=\"https:\/\/www.diezminutos.es\/famosos-corazon\/famosos-espanoles\/a69198929\/terelu-campos-estreno-santa-lola-madrid-celebracion-alejandra-rubio\/\" data-vars-ga-ux-element=\"Hyperlink\" data-vars-ga-call-to-action=\"el estreno madrile\u00f1o de &#039;Santa Lola&#039; en el Teatro Calder\u00f3n\" data-node-id=\"3.3.0\" data-mrf-link=\"https:\/\/www.diezminutos.es\/famosos-corazon\/famosos-espanoles\/a69198929\/terelu-campos-estreno-santa-lola-madrid-celebracion-alejandra-rubio\/\" class=\"body-link css-177bzfx emevuu60\" rel=\"nofollow noopener\">el estreno madrile\u00f1o de &#8216;Santa Lola&#8217; en el Teatro Calder\u00f3n<\/a><\/strong><strong data-node-id=\"3.4\">.<\/strong> Tras <a href=\"https:\/\/www.diezminutos.es\/famosos-corazon\/famosos-espanoles\/a64599622\/alejandra-rubio-nuevo-zasca-primo-jose-maria-almoguera\/\" target=\"_blank\" data-vars-ga-outbound-link=\"https:\/\/www.diezminutos.es\/famosos-corazon\/famosos-espanoles\/a64599622\/alejandra-rubio-nuevo-zasca-primo-jose-maria-almoguera\/\" data-vars-ga-ux-element=\"Hyperlink\" data-vars-ga-call-to-action=\"recorrer varios escenarios de Espa\u00f1a\" data-node-id=\"3.6\" data-mrf-link=\"https:\/\/www.diezminutos.es\/famosos-corazon\/famosos-espanoles\/a64599622\/alejandra-rubio-nuevo-zasca-primo-jose-maria-almoguera\/\" class=\"body-link css-177bzfx emevuu60\" rel=\"nofollow noopener\">recorrer varios escenarios de Espa\u00f1a<\/a>, la presentadora debut\u00f3 ante el p\u00fablico de la capital rodeada de familiares y amigos, entre ellos su hija <a href=\"https:\/\/www.diezminutos.es\/alejandra-rubio\/\" target=\"_blank\" data-vars-ga-outbound-link=\"https:\/\/www.diezminutos.es\/alejandra-rubio\/\" data-vars-ga-ux-element=\"Hyperlink\" data-vars-ga-call-to-action=\"Alejandra Rubio\" data-node-id=\"3.8\" data-mrf-link=\"https:\/\/www.diezminutos.es\/alejandra-rubio\/\" class=\"body-link css-177bzfx emevuu60\" rel=\"nofollow noopener\">Alejandra Rubio<\/a>, su yerno Carlo Costanzia y su sobrino <a href=\"https:\/\/www.diezminutos.es\/famosos-corazon\/famosos-espanoles\/g60364782\/jose-maria-almoguera-hijo-carmen-borrego-vida\/\" target=\"_blank\" data-vars-ga-outbound-link=\"https:\/\/www.diezminutos.es\/famosos-corazon\/famosos-espanoles\/g60364782\/jose-maria-almoguera-hijo-carmen-borrego-vida\/\" data-vars-ga-ux-element=\"Hyperlink\" data-vars-ga-call-to-action=\"Jos\u00e9 Mar\u00eda Almoguera\" data-node-id=\"3.10\" data-mrf-link=\"https:\/\/www.diezminutos.es\/famosos-corazon\/famosos-espanoles\/g60364782\/jose-maria-almoguera-hijo-carmen-borrego-vida\/\" class=\"body-link css-177bzfx emevuu60\" rel=\"nofollow noopener\">Jos\u00e9 Mar\u00eda Almoguera<\/a>, aunque con la notable ausencia de su hermana <a href=\"https:\/\/www.diezminutos.es\/carmen-borrego\/\" target=\"_blank\" data-vars-ga-outbound-link=\"https:\/\/www.diezminutos.es\/carmen-borrego\/\" data-vars-ga-ux-element=\"Hyperlink\" data-vars-ga-call-to-action=\"Carmen Borrego\" data-node-id=\"3.12\" data-mrf-link=\"https:\/\/www.diezminutos.es\/carmen-borrego\/\" class=\"body-link css-177bzfx emevuu60\" rel=\"nofollow noopener\">Carmen Borrego<\/a>. Pero no es la \u00fanica ausencia que ha resonado entre las butacas del teatro: Roc\u00edo Carrasco. Ahora, Terelu ha explicado el motivo por el que<strong data-node-id=\"3.14\"> ninguna de las dos acudi\u00f3 a la capital para ver su estreno. <\/strong><\/p>\n<p><img draggable=\"true\" alt=\"terelu campos de viernes\" title=\"terelu campos de viernes\" loading=\"lazy\" width=\"2500\" height=\"1407\" decoding=\"async\" data-nimg=\"1\" style=\"color:transparent;width:100%;height:auto;\"   src=\"https:\/\/www.europesays.com\/es\/wp-content\/uploads\/2025\/11\/terelucampos-de-viernes-690531590b9d7.jpg\" class=\"css-0 e1g79fud0\"\/><\/p>\n<p>Telecinco<\/p>\n<p data-journey-content=\"true\" data-node-id=\"7\" class=\"css-6wxqfj emevuu60\">Terelu Campos ha explicado que su hermana ya hab\u00eda acudido dos veces a verla y, en esta ocasi\u00f3n, ten\u00eda un objetivo que le hac\u00eda ilusi\u00f3n cumplir. \u00ab<strong data-node-id=\"7.1\">Carmen estuvo en Valladolid y en M\u00f3stoles y fue su cumplea\u00f1os ayer<\/strong> y ten\u00eda ilusi\u00f3n de pasar su cumplea\u00f1os fuera de Madrid. Le dije: &#8216;Si t\u00fa ya has venido a verla, no sacrifiques un d\u00eda de viaje por venir a verme'\u00bb, ha explicado.<\/p>\n<p>Roc\u00edo Carrasco tambi\u00e9n ir\u00e1 a ver a Terelu Campos<\/p>\n<p data-journey-content=\"true\" data-node-id=\"11\" class=\"css-6wxqfj emevuu60\">Una de las ausencias ha sido <a href=\"https:\/\/www.diezminutos.es\/famosos-corazon\/famosos-espanoles\/a66000708\/reencuentro-rocio-carrasco-rocio-flores-fiesta-dice-mucho-de-su-relacion\/\" target=\"_blank\" data-vars-ga-outbound-link=\"https:\/\/www.diezminutos.es\/famosos-corazon\/famosos-espanoles\/a66000708\/reencuentro-rocio-carrasco-rocio-flores-fiesta-dice-mucho-de-su-relacion\/\" data-vars-ga-ux-element=\"Hyperlink\" data-vars-ga-call-to-action=\"Roc\u00edo Carrasco, su gran amiga,\" data-node-id=\"11.1\" class=\"body-link css-177bzfx emevuu60\" rel=\"nofollow noopener\">Roc\u00edo Carrasco, su gran amiga,<\/a> quien se encontraba grabando <a href=\"https:\/\/www.diezminutos.es\/teleprograma\/programas-tv\/a65804217\/rocio-carrasco-alba-carrillo-aldo-comas-jedet-aeropuerto-viaje-costa-rica-grabaciones-reality-hasta-el-fin-del-mundo-tve\/\" target=\"_blank\" data-vars-ga-outbound-link=\"https:\/\/www.diezminutos.es\/teleprograma\/programas-tv\/a65804217\/rocio-carrasco-alba-carrillo-aldo-comas-jedet-aeropuerto-viaje-costa-rica-grabaciones-reality-hasta-el-fin-del-mundo-tve\/\" data-vars-ga-ux-element=\"Hyperlink\" data-vars-ga-call-to-action=\"el reality &#039;Hasta el fin del mundo&#039; \" data-node-id=\"11.3\" class=\"body-link css-177bzfx emevuu60\" rel=\"nofollow noopener\">el reality &#8216;Hasta el fin del mundo&#8217; <\/a>hasta hace unos d\u00edas. Algo que no ha evitado que <strong data-node-id=\"11.5\">Antonio Rossi preguntara el motivo por el que la empresaria no acudi\u00f3 al teatro de Madrid<\/strong> para ver a su amiga, puesto que tampoco ha acudido al resto de actuaciones de la presentadora.<\/p>\n<p data-journey-content=\"true\" data-node-id=\"15\" class=\"css-6wxqfj emevuu60\">\u00ab<strong data-node-id=\"15.1\">Roc\u00edo vuelve de su experiencia televisiva,<\/strong> tengo una larga conversaci\u00f3n con ella, me dice que el d\u00eda que es, se lo dije, y le dije que se esperara para ir otro d\u00eda\u00bb, ha explicado Terelu, quien estar\u00e1 \u00fanicamente dos mi\u00e9rcoles m\u00e1s en el teatro de la capital. Habr\u00e1 que esperar para saber si se pasa por el teatro en estos d\u00edas.<\/p>\n<p><img src=\"https:\/\/www.europesays.com\/es\/wp-content\/uploads\/2025\/11\/1761979872_172_323095e3-d675-4360-ad79-c3a735f161a1_1681830139.file\" alt=\"Headshot of Aroa D\u00edaz\" title=\"Headshot of Aroa D\u00edaz\" width=\"100%\" height=\"100%\" decoding=\"async\" loading=\"lazy\" class=\"css-o0wq4v ev8dhu53\"\/><\/p>\n<p>Aroa D\u00edaz es experta en realities, televisi\u00f3n y actualidad en general. No hay momento del d\u00eda en el que no tenga encendida la televisi\u00f3n conociendo los \u00faltimos desvelos de los famosos, disfrutando de los realities como Supervivientes o de los concursos m\u00e1s rocambolescos. Las \u00faltimas novedades de los famosos del coraz\u00f3n son su perdici\u00f3n y la actualidad de las Casas Reales, su gran pasi\u00f3n. \u00a0\u00a0<\/p>\n<p>En sus ratos libres disfruta de las pel\u00edculas y series de moda, y bucea por los cat\u00e1logos de las plataformas de podcast buscando nuevas entrevistas y charlas de famosos.<\/p>\n<p>Adem\u00e1s, no ha parado de formarse en todos los aspectos convirti\u00e9ndose en una periodista 360: locuci\u00f3n, doblaje, grabaci\u00f3n de v\u00eddeo, periodismo m\u00f3vil, producci\u00f3n de podcast y SEO. Actualmente est\u00e1 form\u00e1ndose en el M\u00e1ster universitario de Periodismo y Comunicaci\u00f3n Digital: Datos y Nuevas Narrativas de la UOC.<\/p>\n<p>Graduada en periodismo por la Universidad Rey Juan Carlos, no ha parado de trabajar desde que obtuvo su t\u00edtulo all\u00e1 por el 2013. Despu\u00e9s de un breve impass en Palma de Mallorca, volvi\u00f3 a Legan\u00e9s donde arranc\u00f3 su experiencia con Legan\u00e9s Activo. En este tiempo he pasado por las redacciones de varios medios recayendo finalmente en Hearst Espa\u00f1a (Telenovela, Qu\u00e9 me dices y Diez Minutos). Tambi\u00e9n tiene experiencia en diferentes radios. \u00a0<\/p>\n","protected":false},"excerpt":{"rendered":"Este mi\u00e9rcoles 29 de octubre, Terelu Campos vivi\u00f3 una de las noches m\u00e1s especiales de su vida con&hellip;\n","protected":false},"author":2,"featured_media":212181,"comment_status":"","ping_status":"","sticky":false,"template":"","format":"standard","meta":{"footnotes":""},"categories":[174],"tags":[255,253,146,147,25,24,256,23],"class_list":{"0":"post-212180","1":"post","2":"type-post","3":"status-publish","4":"format-standard","5":"has-post-thumbnail","7":"category-famosos","8":"tag-celebrities","9":"tag-discover","10":"tag-entertainment","11":"tag-entretenimiento","12":"tag-es","13":"tag-espana","14":"tag-famosos","15":"tag-spain"},"share_on_mastodon":{"url":"https:\/\/pubeurope.com\/@es\/115473120203500395","error":""},"_links":{"self":[{"href":"https:\/\/www.europesays.com\/es\/wp-json\/wp\/v2\/posts\/212180","targetHints":{"allow":["GET"]}}],"collection":[{"href":"https:\/\/www.europesays.com\/es\/wp-json\/wp\/v2\/posts"}],"about":[{"href":"https:\/\/www.europesays.com\/es\/wp-json\/wp\/v2\/types\/post"}],"author":[{"embeddable":true,"href":"https:\/\/www.europesays.com\/es\/wp-json\/wp\/v2\/users\/2"}],"replies":[{"embeddable":true,"href":"https:\/\/www.europesays.com\/es\/wp-json\/wp\/v2\/comments?post=212180"}],"version-history":[{"count":0,"href":"https:\/\/www.europesays.com\/es\/wp-json\/wp\/v2\/posts\/212180\/revisions"}],"wp:featuredmedia":[{"embeddable":true,"href":"https:\/\/www.europesays.com\/es\/wp-json\/wp\/v2\/media\/212181"}],"wp:attachment":[{"href":"https:\/\/www.europesays.com\/es\/wp-json\/wp\/v2\/media?parent=212180"}],"wp:term":[{"taxonomy":"category","embeddable":true,"href":"https:\/\/www.europesays.com\/es\/wp-json\/wp\/v2\/categories?post=212180"},{"taxonomy":"post_tag","embeddable":true,"href":"https:\/\/www.europesays.com\/es\/wp-json\/wp\/v2\/tags?post=212180"}],"curies":[{"name":"wp","href":"https:\/\/api.w.org\/{rel}","templated":true}]}}