{"id":212184,"date":"2025-11-01T06:55:17","date_gmt":"2025-11-01T06:55:17","guid":{"rendered":"https:\/\/www.europesays.com\/es\/212184\/"},"modified":"2025-11-01T06:55:17","modified_gmt":"2025-11-01T06:55:17","slug":"tabu-demons-crea-el-demons-fest-en-errenteria-con-vhaldemar-koven-y-sinner-range","status":"publish","type":"post","link":"https:\/\/www.europesays.com\/es\/212184\/","title":{"rendered":"Tabu Demons crea el Demons Fest en Errenteria con Vhaldemar, Koven y Sinner Range"},"content":{"rendered":"<p><img fetchpriority=\"high\" class=\"v-a-img\" src=\"https:\/\/www.europesays.com\/es\/wp-content\/uploads\/2025\/11\/VHALDEMAR 2025-k5pC-U24061305554oPF-1200x840@Diario Vasco.jpg\" loading=\"eager\" decoding=\"async\" alt=\"Tabu Demons crea el Demons Fest en Errenteria con Vhaldemar, Koven y Sinner Range\"  width=\"1200\" height=\"840\"\/><\/p>\n<p>La noche musical vuelve a ser solidaria, ya que se pide 1kg de comida para acceder a Niessen<\/p>\n<p class=\"v-mdl-ath__p v-mdl-ath__p--6\">\nViernes, 31 de octubre 2025, 07:58<\/p>\n<p class=\"v-p\">Si hace unas semanas organizaron una noche \u00fanica de rock metal y cumplieron con creces lo prometido, la asociaci\u00f3n Tabu Demons redobla esfuerzos e ir\u00e1  &#8230; a m\u00e1s este s\u00e1bado, 1 de noviembre, ya que con el directo nace un nuevo festival, el Demons Fest, que viene con intenci\u00f3n de quedarse. Ser\u00e1 a partir de las 19.30 horas con la presencia de Vhaldemar, \u00absin duda el mejor directo del heavy metal estatal\u00bb, proclama la organizaci\u00f3n, y los madrile\u00f1os Koven y los gasteiztarras Sinner Range. Una vez m\u00e1s prima el aspecto solidario, ya que la asociaci\u00f3n Tabu Demons ha optado por no cobrar entrada y, simplemente, hacer un llamamiento a los que acudan para que donen \u00abvoluntariamente 1kg de comida como entrada\u00bb. El aforo es limitado a 300 personan, a\u00f1aden, por lo que mejor no apurar. \u00abAl igual que la \u00faltima vez, esperamos un lleno absoluto desde primera hora\u00bb, comentan.<\/p>\n<p class=\"v-p\">Los madrile\u00f1os son \u00abuno de los proyectos de m\u00fasica bass m\u00e1s innovadores y emocionantes\u00bb. Cuentan ya con dos discos largos oficiales.<\/p>\n<p class=\"v-p\">Por su parte, explican que Sinner Rage son \u00abuna de las bandas m\u00e1s prometedoras del metal vasco\u00bb. Los gasteiztarras han renovado la banda y anuncian que acuden con energ\u00edas renovadas. Su nuevo cantante y frontman, Adri, debut\u00f3 en el pasado Skulls of Metal Festival de Ja\u00e9n y las sensaciones, seg\u00fan se desprende, fueron inmejorables.<\/p>\n<p class=\"v-crt__t\"> L\u00edmite de sesiones alcanzadas<\/p>\n<p class=\"v-crt__p\">El acceso al contenido Premium est\u00e1 abierto por cortes\u00eda del establecimiento donde te encuentras, pero ahora mismo hay demasiados usuarios conectados a las vez.<\/p>\n<p class=\"v-crt__p\">Por favor, int\u00e9ntalo pasados unos minutos.<\/p>\n<p>\nVolver a intentar\n<\/p>\n<p class=\"v-crt__t\">Sesi\u00f3n cerrada<\/p>\n<p class=\"v-crt__p\">Al iniciar sesi\u00f3n desde un dispositivo distinto, por seguridad, se cerr\u00f3 la \u00faltima sesi\u00f3n en este.<\/p>\n<p class=\"v-crt__p\">Para continuar disfrutando de su suscripci\u00f3n digital, inicie sesi\u00f3n en este dispositivo.<\/p>\n<p>\nEste contenido es exclusivo para suscriptores\n<\/p>\n<p class=\"text\">\u00bfTienes una suscripci\u00f3n? <a href=\"https:\/\/secure.diariovasco.com\/identidad\/inicio#vca=suscribete&amp;vso=diariovasco&amp;vmc=on&amp;vli=cdn-ce-link-login\" class=\"login\" data-voc-vtm-id=\"comienzoSuscripcionON\" data-voc-vtm-info=\"cdn-ce-link-login\" rel=\"nofollow noopener\" target=\"_blank\">Inicia sesi\u00f3n<\/a><\/p>\n<p>Reporta un error<\/p>\n","protected":false},"excerpt":{"rendered":"La noche musical vuelve a ser solidaria, ya que se pide 1kg de comida para acceder a Niessen&hellip;\n","protected":false},"author":2,"featured_media":212185,"comment_status":"","ping_status":"","sticky":false,"template":"","format":"standard","meta":{"footnotes":""},"categories":[170],"tags":[25515,57281,146,147,57282,25,24,4139,57283,184,185,57284,4466,23,21430,51065],"class_list":{"0":"post-212184","1":"post","2":"type-post","3":"status-publish","4":"format-standard","5":"has-post-thumbnail","7":"category-musica","8":"tag-crea","9":"tag-demons","10":"tag-entertainment","11":"tag-entretenimiento","12":"tag-errenteria","13":"tag-es","14":"tag-espana","15":"tag-fest","16":"tag-koven","17":"tag-music","18":"tag-musica","19":"tag-range","20":"tag-sinner","21":"tag-spain","22":"tag-tabu","23":"tag-vhaldemar"},"share_on_mastodon":{"url":"https:\/\/pubeurope.com\/@es\/115473136331666004","error":""},"_links":{"self":[{"href":"https:\/\/www.europesays.com\/es\/wp-json\/wp\/v2\/posts\/212184","targetHints":{"allow":["GET"]}}],"collection":[{"href":"https:\/\/www.europesays.com\/es\/wp-json\/wp\/v2\/posts"}],"about":[{"href":"https:\/\/www.europesays.com\/es\/wp-json\/wp\/v2\/types\/post"}],"author":[{"embeddable":true,"href":"https:\/\/www.europesays.com\/es\/wp-json\/wp\/v2\/users\/2"}],"replies":[{"embeddable":true,"href":"https:\/\/www.europesays.com\/es\/wp-json\/wp\/v2\/comments?post=212184"}],"version-history":[{"count":0,"href":"https:\/\/www.europesays.com\/es\/wp-json\/wp\/v2\/posts\/212184\/revisions"}],"wp:featuredmedia":[{"embeddable":true,"href":"https:\/\/www.europesays.com\/es\/wp-json\/wp\/v2\/media\/212185"}],"wp:attachment":[{"href":"https:\/\/www.europesays.com\/es\/wp-json\/wp\/v2\/media?parent=212184"}],"wp:term":[{"taxonomy":"category","embeddable":true,"href":"https:\/\/www.europesays.com\/es\/wp-json\/wp\/v2\/categories?post=212184"},{"taxonomy":"post_tag","embeddable":true,"href":"https:\/\/www.europesays.com\/es\/wp-json\/wp\/v2\/tags?post=212184"}],"curies":[{"name":"wp","href":"https:\/\/api.w.org\/{rel}","templated":true}]}}