{"id":212186,"date":"2025-11-01T06:56:18","date_gmt":"2025-11-01T06:56:18","guid":{"rendered":"https:\/\/www.europesays.com\/es\/212186\/"},"modified":"2025-11-01T06:56:18","modified_gmt":"2025-11-01T06:56:18","slug":"estrenos-de-noviembre","status":"publish","type":"post","link":"https:\/\/www.europesays.com\/es\/212186\/","title":{"rendered":"Estrenos de noviembre"},"content":{"rendered":"<p id=\"e0vvDBzXit\" data-wc=\"113\">El \u201cvero\u00f1o\u201d se despide y noviembre ya nos envuelve con d\u00edas m\u00e1s cortos y tardes que invitan a quedarse en casa. El fr\u00edo empieza a asomar y nuestra manta favorita parece susurrarnos: \u201choy toca sof\u00e1, series y palomitas\u201d. Si todav\u00eda no tienes plan para estos d\u00edas grises, no te preocupes: este mes llega cargado de estrenos que prometen hacernos olvidar la lluvia y el viento entre misterios que nos mantienen en vilo, dramas que nos roban el coraz\u00f3n y comedias que nos sacan m\u00e1s de una sonrisa. Prepara tu rinc\u00f3n favorito, descubre las ficciones de las que todos van a hablar y que se convertir\u00e1n en tus nuevos favoritos y&#8230; \u00a1dale al play!<\/p>\n<p> Todas las de la ley (4 de noviembre, Disney+)<\/p>\n<p>  <img src=\"https:\/\/www.europesays.com\/es\/wp-content\/uploads\/2025\/11\/9a80ededabcb-todaslasdelaley-disney.jpg\"   width=\"1024\" height=\"682\" loading=\"lazy\" decoding=\"async\" alt=\"Kim Kardashian y Naomi Watts en 'Todas las de la ley'\" fetchpriority=\"auto\" class=\"image ho-image\"\/>\u00a9 Disney+<\/p>\n<p id=\"eitmmSfwQl\">El mes empieza fuerte con este drama legal producido por <strong>Ryan Murphy\u00a0<\/strong>que cuenta con<strong>\u00a0<\/strong>un reparto estelar que incluye a <strong>Kim Kardashian, Naomi Watts, Sarah Paulson y Glenn Close<\/strong>. La serie sigue a un equipo de abogadas especializadas en divorcios que abandona un bufete dominado por hombres para abrir su propio despacho. Duras, brillantes y emocionalmente complejas, se enfrentan a rupturas sentimentales, secretos escandalosos y lealtades traicioneras, tanto en los tribunales como entre ellas mismas. En un mundo donde el dinero manda y el amor es un campo de batalla, estas mujeres no solo juegan, sino que se atreven a cambiar las reglas del juego.\u00a0<\/p>\n<p> Yakarta (6 de noviembre, Movistar Plus+)<\/p>\n<p>  <img src=\"https:\/\/www.europesays.com\/es\/wp-content\/uploads\/2025\/11\/12d4ebd00e34-javier-camara-carla-quilez-protagonizan-yakarta.jpg\"   width=\"1024\" height=\"576\" loading=\"lazy\" decoding=\"async\" alt=\"Javier C\u00e1mara y Carla Qu\u00edlez en 'Yakarta'\" fetchpriority=\"auto\" class=\"image ho-image\"\/>\u00a9 Movistar Plus+<\/p>\n<p id=\"eA9kEElXCQn\"><strong>Joserra Garrido (Javier C\u00e1mara)\u00a0<\/strong>es un exjugador ol\u00edmpico de b\u00e1dminton que sobrevive dando clases de educaci\u00f3n f\u00edsica en un instituto de<strong>\u00a0Vallecas.<\/strong> Divorciado y sin ilusiones, cree descubrir en un torneo escolar a <strong>Mar (Carla Qu\u00edlez)<\/strong>, una joven que podr\u00eda ser su billete para cumplir su sue\u00f1o: competir en <strong>Yakarta,\u00a0<\/strong>donde los exjugadores como \u00e9l son venerados. Pero el viaje est\u00e1 lleno de obst\u00e1culos: pensiones ro\u00f1osas, polideportivos en horas bajas y estaciones de servicio por <strong>Totana, Ponferrada, Torrelavega<\/strong> o <strong>Tardajos<\/strong> les esperan antes de llegar a <strong>Indonesia<\/strong>&#8230; si es que llegan. Un homenaje a toda esa gente que pierde incluso cuando gana, con dos maravillosos protagonistas que comparten la herida del abandono, del fracaso y de no tener ad\u00f3nde ir.<\/p>\n<p> Pluribus \u00a0(7 de noviembre, Apple TV+)<\/p>\n<p>  <img src=\"https:\/\/www.europesays.com\/es\/wp-content\/uploads\/2025\/11\/a1721446ca6e-pluribus-appletv.jpg\"   width=\"1024\" height=\"581\" loading=\"lazy\" decoding=\"async\" alt=\"'Pluribus' es la nueva serie de ciencia ficci\u00f3n de Apple TV+\" fetchpriority=\"auto\" class=\"image ho-image\"\/>\u00a9 Apple TV+<\/p>\n<p id=\"eDVZDwbufxW\">Creado por el equipo detr\u00e1s de <strong>Breaking Bad<\/strong>, este thriller de ciencia ficci\u00f3n rompe con el g\u00e9nero. La serie parte de una premisa inquietante: \u00bfqu\u00e9 pasa cuando la persona m\u00e1s infeliz del planeta es la \u00fanica capaz de salvar a la humanidad\u2026 de la felicidad? Ambientada en un futuro cercano, la historia sigue a<strong>\u00a0Carol,<\/strong> descrita como \u201cla persona m\u00e1s desgraciada sobre la faz de la Tierra\u201d. Su infelicidad la convierte en una anomal\u00eda en un mundo donde todos parecen pose\u00eddos por una felicidad artificial, casi t\u00f3xica. Vigilada de cerca por el gobierno y hasta por el propio presidente, intentan descubrir qu\u00e9 la hace diferente\u2026 y si puede unirse a \u201cellos\u201d, aunque no queda claro qui\u00e9nes son ni qu\u00e9 buscan realmente.<\/p>\n<p> Maxton Hall\u00a0&#8211; Temporada 2 (7 de noviembre, Prime Video)<\/p>\n<p>  <img src=\"https:\/\/www.europesays.com\/es\/wp-content\/uploads\/2025\/11\/64a78ed6a42c-maxton-hall-season-2-ruby-james.jpg\"   width=\"819\" height=\"1024\" loading=\"lazy\" decoding=\"async\" alt=\"Llega la segunda parte de la tormentosa historia de amor entre Ruby y James\" fetchpriority=\"auto\" class=\"image ho-image\"\/>\u00a9 Prime video<\/p>\n<p id=\"e3xtot4WZu\">El fen\u00f3meno adolescente de la temporada \u2014<a class=\"hm-link ho-link\" href=\"https:\/\/www.hola.com\/actualidad\/20250917855726\/el-verano-que-me-enamore-fin-reaccion-de-su-protagonista-al-terminar-novelas\/\" data-mrf-recirculation=\"article-body-link\" rel=\"nofollow noopener\" target=\"_blank\">con permiso de El verano en que me enamor\u00e9<\/a>\u2014 regresa con la esperada segunda entrega de esta tormentosa historia de amor juvenil. Despu\u00e9s de su apasionada noche en <strong>Oxford\u00a0<\/strong>y con los sue\u00f1os aparentemente al alcance de su mano, <strong>Ruby<\/strong> parece tenerlo todo&#8230; hasta que una crisis en la familia de<strong>\u00a0James\u00a0<\/strong>lo cambia todo y \u00e9l hace saltar por los aires su mundo perfecto. Destrozada, la joven descubre que nunca hab\u00eda sentido algo tan intenso, ni un dolor tan profundo. Aunque a\u00f1ora su vida antes de <strong>Maxton Hall<\/strong> y del mundo elitista de sus compa\u00f1eros, no puede olvidar a James, sobre todo cuando \u00e9l lucha por recuperarla. \u00bfTendr\u00e1 su amor una segunda oportunidad?<\/p>\n<p> Camino a Arcadia (10 de noviembre, SkyShowtime)<\/p>\n<p>  <img src=\"https:\/\/www.europesays.com\/es\/wp-content\/uploads\/2025\/11\/6b7f86d68122-arcadia.jpg\"   width=\"1024\" height=\"540\" loading=\"lazy\" decoding=\"async\" alt=\"William Levy y Paula Echevarria en una escena de Arcadia, rodada en Tenerife\" fetchpriority=\"auto\" class=\"image ho-image\"\/>\u00a9 @secuoyaestudios<\/p>\n<p id=\"e7JUtVxgK7\">Es la serie con la que<strong>\u00a0William Levy<\/strong> volv\u00eda a trabajar en Espa\u00f1a y que supone el regreso de <strong>Paula Echevarr\u00eda<\/strong> al mundo de la interpretaci\u00f3n despu\u00e9s de cinco a\u00f1os, por lo que <a class=\"hm-link ho-link\" href=\"https:\/\/www.hola.com\/actualidad\/20250617838441\/william-levy-y-paula-echevarria-se-convierten-en-la-pareja-mas-explosiva-de-la-temporada\/\" data-mrf-recirculation=\"article-body-link\" rel=\"nofollow noopener\" target=\"_blank\">las expectativas son muy altas.<\/a> Narra la historia de <strong>Pablo\u00a0<\/strong>(Levy), un hombre que parece tenerlo todo: una vida tranquila, una comunidad unida y un hijo al que adora. Como entrenador de un equipo juvenil de lucha canaria, es conocido por su amabilidad y su actitud pac\u00edfica en la apacible ciudad de <strong>Arcadia<\/strong>, pero nadie conoce su oscuro y peligroso pasado. Tras vivir al l\u00edmite en <strong>M\u00e9xico,<\/strong> huy\u00f3 para proteger a su hijo<strong>\u00a0Bruno<\/strong>, pero escapar de su antigua vida tuvo un coste. Su mujer, <strong>Valeria (Michelle Renaud)<\/strong>, reaparece ahora dispuesta a destruir la estabilidad que \u00e9l ha construido. Mientras resurgen secretos y heridas del pasado, Pablo lucha por proteger al peque\u00f1o y aferrarse al para\u00edso que ha creado junto a<strong>\u00a0Irene<\/strong> (Echevarr\u00eda), su nueva pareja.<\/p>\n<p> Palm Royale &#8211; Temporada 2 (12 de noviembre, Apple Tv+)<\/p>\n<p>  <img src=\"https:\/\/www.europesays.com\/es\/wp-content\/uploads\/2025\/11\/9615184f2196-palmroyalephoto020104jpgphotomodalshowhomelarge.jpg\"   width=\"1024\" height=\"576\" loading=\"lazy\" decoding=\"async\" alt=\"Maxine Simmons (Kristen Wiig) se enfrenta a las consecuencias de un esc\u00e1ndalo p\u00fablico que la convierte en una paria social en 'Palm Royale'\" fetchpriority=\"auto\" class=\"image ho-image\"\/>\u00a9 Apple TV+<\/p>\n<p id=\"eHBUQ6lsFm\"><strong>Maxine Simmons (Kristen Wiig)\u00a0<\/strong>se enfrenta a las consecuencias de un esc\u00e1ndalo p\u00fablico que la convierte en una paria social. Ahora tendr\u00e1 que recurrir a su intuici\u00f3n y astucia no solo para intentar recuperar su lugar en la alta sociedad de <strong>Palm Beach,\u00a0<\/strong>sino tambi\u00e9n para demostrar que tiene lo necesario para manejar el cotarro. En el camino descubrir\u00e1 verdades no contadas que la llevar\u00e1n a entender que, tras el brillo de la ciudad, se esconden secretos, mentiras y alg\u00fan que otro delito. Ambientada en el agitado a\u00f1o 1969,<strong>\u00a0Palm Royale<\/strong> es un alegato a favor de todas las personas marginadas que buscan su oportunidad de integrarse mientras sigue explorando hasta d\u00f3nde estamos dispuestos a llegar para alcanzar lo que otros ya poseen.<\/p>\n<p> La marquesa de Merteuil (14 de noviembre, HBO Max)<\/p>\n<p>  <img src=\"https:\/\/www.europesays.com\/es\/wp-content\/uploads\/2025\/11\/3aee765927fb-anamaria-vartolomei-diane-kruger-lucas-bravo.jpg\"   width=\"1024\" height=\"682\" loading=\"lazy\" decoding=\"async\" alt=\"'La marquesa de Merteuil' es la serie de \u00e9poca de HBO Max que se convertir\u00e1 en tu nueva obsesi\u00f3n\" fetchpriority=\"auto\" class=\"image ho-image\"\/>\u00a9 HBO Max<\/p>\n<p id=\"e5B5f2pOXv\">Para ser el h\u00e9roe de tu propia historia, a veces tienes que ser el villano de la de los dem\u00e1s.<strong>\u00a0La marquesa de Merteuil (Anamaria Vartolomei)<\/strong>, traicionada por <strong>Valmont (Vincent Lacoste)<\/strong>, se embarca en un atrevido viaje para convertirse en la cortesana m\u00e1s importante de<strong>\u00a0Par\u00eds.<\/strong> Adaptaci\u00f3n libre de la novela <strong>Las amistades peligrosas<\/strong>, de <strong>Pierre Choderlos de Laclos<\/strong>, la serie es una emocionante exploraci\u00f3n del precio de la libertad emocional y sexual en un mundo donde las mujeres ten\u00edan muy poco poder. En su reparto cuenta con rostros tan populares como<strong>\u00a0Diane Kruger<\/strong> o <strong>Lucas Bravo<\/strong> (Emliy en Par\u00eds), entre otros. Ap\u00fantala porque ser\u00e1 tu nueva obsesi\u00f3n.<\/p>\n<p> The Paper\u00a0 (14 de noviembre, SkyShowtime)<\/p>\n<p>  <img src=\"https:\/\/www.europesays.com\/es\/wp-content\/uploads\/2025\/11\/9bd98059a31f-thepaper-skyshowtime.jpg\"   width=\"1024\" height=\"682\" loading=\"lazy\" decoding=\"async\" alt=\"No te pierdas 'The Paper' en SkyShowtime\" fetchpriority=\"auto\" class=\"image ho-image\"\/>\u00a9 SkyShowtime<\/p>\n<p id=\"e5Q85vxFFd\">Los creadores de <strong>The Office<\/strong> cambian la oficina de <strong>Dunder Mifflin<\/strong> en <strong>Scranton\u00a0<\/strong>por la redacci\u00f3n de un hist\u00f3rico peri\u00f3dico local del <strong>Medio Oeste<\/strong> en esta nueva comedia rodada en formato falso documental. La serie sigue a un equipo de reporteros y a su editor, empe\u00f1ado en revivir el ic\u00f3nico diario mientras lidia con las excentricidades del personal, las nuevas tecnolog\u00edas y el reto de mantener el periodismo con vida en plena era digital.<\/p>\n<p> El cuco de cristal\u00a0(14 de noviembre, Netflix)<\/p>\n<p>  <img src=\"https:\/\/www.europesays.com\/es\/wp-content\/uploads\/2025\/11\/5fa4a52c58fd-3536ecdctp1cp2still-10-12-2024-juliovergne.jpg\"   width=\"1024\" height=\"683\" loading=\"lazy\" decoding=\"async\" alt=\"Catalina Sopelana protagoniza 'El cuco de cristal'\" fetchpriority=\"auto\" class=\"image ho-image\"\/>\u00a9 Netflix<\/p>\n<p id=\"eudhAFpadW\"><a class=\"hm-link ho-link\" href=\"https:\/\/www.hola.com\/actualidad\/20250928857475\/el-cuco-de-cristal-nueva-serie-de-netflix-adaptacion-novela-javier-castillo\/\" data-mrf-recirculation=\"article-body-link\" rel=\"nofollow noopener\" target=\"_blank\">La nueva adaptaci\u00f3n de un best seller de Javier Castillo<\/a> te atrapar\u00e1 sin remedio. <strong>Clara Merlo (Catalina Sopelana),<\/strong> m\u00e9dico residente de primer a\u00f1o, sufre un infarto fulminante y necesita un trasplante de coraz\u00f3n para sobrevivir. Durante su recuperaci\u00f3n, un impulso la empuja a descubrir qui\u00e9n era el joven al que pertenec\u00eda el coraz\u00f3n que ahora late en su pecho. Su b\u00fasqueda la lleva a un peque\u00f1o y enigm\u00e1tico pueblo marcado por un antiguo misterio y una red de secretos enterrados durante d\u00e9cadas. La llegada de la chica coincide con un inquietante suceso: la desaparici\u00f3n de un beb\u00e9 en un parque p\u00fablico. Este hecho pone en marcha una serie de acontecimientos que desenterrar\u00e1n un pasado que muchos cre\u00edan sepultado para siempre\u2026 y que cambiar\u00e1n el destino de todos.<\/p>\n<p> Malicia\u00a0(14 de noviembre, Prime Video)<\/p>\n<p>  <img src=\"https:\/\/www.europesays.com\/es\/wp-content\/uploads\/2025\/11\/af6470d45ed3-malice-david-duchovny.jpg\"   width=\"1024\" height=\"682\" loading=\"lazy\" decoding=\"async\" alt=\"No te pierdas 'Malicia', el thriller psicol\u00f3gico protagonizada por David Duchovny, Jack Whitehall y Carice van Houten\" fetchpriority=\"auto\" class=\"image ho-image\"\/>\u00a9 Prime Video<\/p>\n<p id=\"e6STpbLLV4\"><strong>Adam<\/strong> es un carism\u00e1tico ni\u00f1ero que irrumpe en la vida de la adinerada familia <strong>Tanner<\/strong> mientras est\u00e1n de vacaciones en <strong>Grecia.<\/strong> Cuando la ni\u00f1era de la familia cae gravemente enferma, se las ingenia para entrar en su hogar de <strong>Londres,\u00a0<\/strong>donde su verdadera naturaleza vengativa comienza a aflorar&#8230; Una buena dosis de thriller psicol\u00f3gico protagonizada por <strong>David Duchovny<\/strong>\u00a0(Expediente X)<strong>, Jack Whitehall\u00a0<\/strong>(Bad Education) y <strong>Carice van Houten\u00a0<\/strong>(Juego de tronos)<strong>,\u00a0<\/strong>que no te dejar\u00e1 indiferente.<\/p>\n<p> Anatom\u00eda de un instante (20 de noviembre, Movistar Plus+)<\/p>\n<p>  <img src=\"https:\/\/www.europesays.com\/es\/wp-content\/uploads\/2025\/11\/d10973431959-anatomia-de-un-instante-alvaro-morte.jpg\"   width=\"1024\" height=\"683\" loading=\"lazy\" decoding=\"async\" alt=\"\u00c1lvaro Morte da vida a Adolfo Su\u00e1rez en 'Anatom\u00eda de un instante'\" fetchpriority=\"auto\" class=\"image ho-image\"\/>\u00a9 Movistar Plus+<\/p>\n<p id=\"eZzLt-j0c1\">Para los amantes de la historia y los que no, la serie reconstruye el golpe de Estado del <strong>23\u202fF\u00a0<\/strong>en <strong>Espa\u00f1a\u00a0<\/strong>a partir de la novela de <strong>Javier Cercas.\u00a0<\/strong>Disecciona uno de los momentos cruciales de la transici\u00f3n democr\u00e1tica: la entrada del teniente coronel <strong>Antonio Tejero (David Lorente)<\/strong> en el Congreso con pistola en mano. Un instante en el que solo tres hombres permanecieron en sus asientos \u2014<strong>Adolfo Su\u00e1rez (\u00c1lvaro Morte), Santiago Carrillo (Eduard Fern\u00e1ndez)<\/strong> y <strong>Guti\u00e9rrez Mellado (Manolo Solo)<\/strong>\u2014 mientras el resto se agacharon para protegerse.<\/p>\n<p> Landman &#8211; Temporada 2 (21 de noviembre, SkyShowtime)<\/p>\n<p>  <img src=\"https:\/\/www.europesays.com\/es\/wp-content\/uploads\/2025\/11\/416fb934c4f8-landman-t2-key-art-and-stillsskyshowtime-landman-s2-2.jpg\"   width=\"1024\" height=\"682\" loading=\"lazy\" decoding=\"async\" alt=\"Billy Bob Thornton es Tommy Norris es 'Landman'\" fetchpriority=\"auto\" class=\"image ho-image\"\/>\u00a9 Emerson Miller\/Paramount+<\/p>\n<p id=\"e6S89UnN4w1\">Creada por<strong>\u00a0Taylor Sheridan (Yellowstone)<\/strong>, se ambienta en las ciudades en auge del oeste de <strong>Texas\u00a0<\/strong>y narra la b\u00fasqueda de fortuna en el mundo de las plataformas petrol\u00edferas. Basada en el aclamado p\u00f3dcast <strong>Boomtown<\/strong>, es una historia moderna sobre el poder, la ambici\u00f3n y el precio del progreso, donde matones y multimillonarios salvajes impulsan un boom capaz de alterar el clima, la econom\u00eda y la geopol\u00edtica mundial. En la segunda temporada, mientras el petr\u00f3leo brota de la tierra, tambi\u00e9n emergen secretos y el punto de fisura de <strong>Tommy Norris (Billy Bob Thornton)<\/strong> podr\u00eda estar m\u00e1s cerca de lo que \u00e9l cree. Entre la presi\u00f3n de <strong>M-Tex Oil, Cami Miller (Demi Moore)\u00a0<\/strong>y las sombras familiares, la supervivencia en el oeste de Texas no es elegante: es brutal y tarde o temprano algo tiene que romperse.<\/p>\n<p> Stranger Things &#8211; Temporada 5 &#8211; vol. 1 (27 de noviembre, Netflix)<\/p>\n<p>  <img src=\"https:\/\/www.europesays.com\/es\/wp-content\/uploads\/2025\/11\/249910e69672-strangerthingss50011.jpg\"   width=\"1024\" height=\"510\" loading=\"lazy\" decoding=\"async\" alt=\"La temporada final de 'Sttranger Things' llegar\u00e1 dividida en tres partes: el 26 de noviembre, el 25 y el 31de diciembre\" fetchpriority=\"auto\" class=\"image ho-image\"\/>\u00a9 Netflix<\/p>\n<p id=\"e4tEpeb9_Uu\">Uno de los estrenos m\u00e1s esperados del a\u00f1o llega por fin a <strong>Netflix<\/strong>: <a class=\"hm-link ho-link\" href=\"https:\/\/www.hola.com\/actualidad\/20251023862475\/los-creadores-de-stranger-things-hablan-del-final-de-la-serie\/\" data-mrf-recirculation=\"article-body-link\" rel=\"nofollow noopener\" target=\"_blank\">la quinta y \u00faltima temporada<\/a> de la serie que se ha convertido en un <strong data-end=\"491\" data-gid=\"eLApoC-HSUL\" data-start=\"478\">icono pop<\/strong> y que ha marcado a toda una generaci\u00f3n. Nos lleva a <strong>Hawkins\u00a0<\/strong>en el oto\u00f1o de 1987, donde la apertura de los portales sigue dejando su huella y los protagonistas tienen un \u00fanico objetivo: encontrar a <strong>Vecna<\/strong> y acabar con \u00e9l. El Gobierno impone la cuarentena militar e intensifica la b\u00fasqueda de<strong>\u00a0Eleven (Millie Bobby Brown)<\/strong>, que vuelve a esconderse. A medida que se acerca el aniversario de la desaparici\u00f3n de <strong>Will,<\/strong> crece la inquietud. La batalla final est\u00e1 a punto de empezar y solo enfrent\u00e1ndose juntos, una \u00faltima vez, podr\u00e1n derrotar a una oscuridad m\u00e1s poderosa y letal que nunca. Los que se queden con ganas de m\u00e1s tendr\u00e1n que esperar a la noche de Navidad y a Nochevieja para descubrir el desenlace.<\/p>\n<p> Blue Lights &#8211; Temporada 3 (27 de noviembre, Movistar Plus+)<\/p>\n<p>  <img src=\"https:\/\/www.europesays.com\/es\/wp-content\/uploads\/2025\/11\/fcc2d3a3cae4-blueligths-bbc.jpg\"   width=\"1024\" height=\"576\" loading=\"lazy\" decoding=\"async\" alt=\"'Blue Lights' se ha convertido en un imprescindible del g\u00e9nero policial\" fetchpriority=\"auto\" class=\"image ho-image\"\/>\u00a9 BBC<\/p>\n<p id=\"eb5ncPBxCy\">Es una de las series policiacas m\u00e1s impactantes de los \u00faltimos tiempos y sigue el d\u00eda a d\u00eda de una comisar\u00eda en <strong>Belfast<\/strong>. La ficci\u00f3n se ha convertido en un Imprescindible y en un \u00e9xito de p\u00fablico y cr\u00edtica con <strong>Si\u00e2n Brooke<\/strong> (La Casa del Drag\u00f3n), <strong>Katherine Devlin<\/strong> (Vikingos) y <strong>Nathan Braniff<\/strong> al frente. Dos a\u00f1os despu\u00e9s de su bautismo de fuego como agentes, <strong>Grace, Annie<\/strong> y<strong>\u00a0Tommy<\/strong> han aprendido a sobrevivir en las calles. Ahora se enfrentan a un mundo cada vez m\u00e1s complejo, donde las l\u00edneas morales se difuminan.<\/p>\n<p> Las hijas de la criada (30 de noviembre, Atresplayer)<\/p>\n<p>  <img src=\"https:\/\/www.europesays.com\/es\/wp-content\/uploads\/2025\/07\/508869a66270-las-hijas-de-la-criada-6cleanup.jpg\"   width=\"1024\" height=\"681\" loading=\"lazy\" decoding=\"async\" alt=\"En el pazo de Esp\u00edritu Santo nacen nos ni\u00f1as una de do\u00f1a In\u00e9s y una de su criada, el futuro de ambos beb\u00e9s estaba escrito antes de su llegada la mundo \" fetchpriority=\"auto\" class=\"image ho-image\"\/>\u00a9 Atresmedia<\/p>\n<p id=\"el3_BhuvPy\"><a class=\"hm-link ho-link\" href=\"https:\/\/www.hola.com\/actualidad\/20250728846632\/asi-es-la-serie-ambientada-en-galicia-que-une-el-universo-de-sonsoles-onega-con-la-esencia-de-downton-abbey\/\" data-mrf-recirculation=\"article-body-link\" rel=\"nofollow noopener\" target=\"_blank\">La primera adaptaci\u00f3n de una novela de Sonsoles \u00d3nega<\/a> \u2014con la que gan\u00f3 el premio Planeta en 2022\u2014 nos traslada a<strong>\u00a0Galicia<\/strong> en 1900, al pazo de Esp\u00edritu Santo, donde nacen dos ni\u00f1as, Clara y Catalina, hijas de la criada<strong>\u00a0Renata\u00a0<\/strong>y de los Vald\u00e9s, <strong>don\u00a0<\/strong><strong>Gustavo<\/strong> y <strong>do\u00f1a In\u00e9s<\/strong>. Una venganza inesperada, que consiste en el intercambio de las beb\u00e9s, sacudir\u00e1 sus vidas y las de sus familias para siempre. Esta situaci\u00f3n har\u00e1 que do\u00f1a In\u00e9s deba enfrentarse al desamor y al abandono, adem\u00e1s de a las luchas de poder para convertir a su verdadera hija en heredera de un imperio. Todo ello sucede en una \u00e9poca en la que las mujeres no pod\u00edan decidir sobre su propio destino.\u00a0<\/p>\n","protected":false},"excerpt":{"rendered":"El \u201cvero\u00f1o\u201d se despide y noviembre ya nos envuelve con d\u00edas m\u00e1s cortos y tardes que invitan a&hellip;\n","protected":false},"author":2,"featured_media":212187,"comment_status":"","ping_status":"","sticky":false,"template":"","format":"standard","meta":{"footnotes":""},"categories":[169],"tags":[517,177,7065,146,147,25,24,176,11943,175,303,152,13086,23,807],"class_list":{"0":"post-212186","1":"post","2":"type-post","3":"status-publish","4":"format-standard","5":"has-post-thumbnail","7":"category-cine","8":"tag-actualidad","9":"tag-cine","10":"tag-el-buscador-de-series","11":"tag-entertainment","12":"tag-entretenimiento","13":"tag-es","14":"tag-espana","15":"tag-film","16":"tag-hbo","17":"tag-movies","18":"tag-movistar","19":"tag-netflix","20":"tag-prime-video","21":"tag-spain","22":"tag-television"},"share_on_mastodon":{"url":"https:\/\/pubeurope.com\/@es\/115473140168385821","error":""},"_links":{"self":[{"href":"https:\/\/www.europesays.com\/es\/wp-json\/wp\/v2\/posts\/212186","targetHints":{"allow":["GET"]}}],"collection":[{"href":"https:\/\/www.europesays.com\/es\/wp-json\/wp\/v2\/posts"}],"about":[{"href":"https:\/\/www.europesays.com\/es\/wp-json\/wp\/v2\/types\/post"}],"author":[{"embeddable":true,"href":"https:\/\/www.europesays.com\/es\/wp-json\/wp\/v2\/users\/2"}],"replies":[{"embeddable":true,"href":"https:\/\/www.europesays.com\/es\/wp-json\/wp\/v2\/comments?post=212186"}],"version-history":[{"count":0,"href":"https:\/\/www.europesays.com\/es\/wp-json\/wp\/v2\/posts\/212186\/revisions"}],"wp:featuredmedia":[{"embeddable":true,"href":"https:\/\/www.europesays.com\/es\/wp-json\/wp\/v2\/media\/212187"}],"wp:attachment":[{"href":"https:\/\/www.europesays.com\/es\/wp-json\/wp\/v2\/media?parent=212186"}],"wp:term":[{"taxonomy":"category","embeddable":true,"href":"https:\/\/www.europesays.com\/es\/wp-json\/wp\/v2\/categories?post=212186"},{"taxonomy":"post_tag","embeddable":true,"href":"https:\/\/www.europesays.com\/es\/wp-json\/wp\/v2\/tags?post=212186"}],"curies":[{"name":"wp","href":"https:\/\/api.w.org\/{rel}","templated":true}]}}