{"id":21220,"date":"2025-08-02T19:00:07","date_gmt":"2025-08-02T19:00:07","guid":{"rendered":"https:\/\/www.europesays.com\/es\/21220\/"},"modified":"2025-08-02T19:00:07","modified_gmt":"2025-08-02T19:00:07","slug":"daniel-felipe-martinez-bilbao-tiberi-mcnulty-y-hayer-destacados-en-el-tour-de-polonia-ciclismo","status":"publish","type":"post","link":"https:\/\/www.europesays.com\/es\/21220\/","title":{"rendered":"Daniel Felipe Mart\u00ednez, Bilbao, Tiberi, McNulty y Hayer, destacados en el Tour de Polonia &#8211; Ciclismo"},"content":{"rendered":"<ol>\n<li><a href=\"https:\/\/news.google.com\/rss\/articles\/CBMiakFVX3lxTFBCY0RmbE4xV1RzNldoQXp1anVTcXVVNENlaTlfaW9PS1d6Wi1LMHB6Rjc3SHFscXNBUzJBamQxMi1NeHJSWmk2MXotVnlPLWpjZW9udTM2S2tSMExWT3Q3MmltSEl3RGVtVWc?oc=5\" target=\"_blank\" rel=\"nofollow noopener\">Daniel Felipe Mart\u00ednez, Bilbao, Tiberi, McNulty y Hayer, destacados en el Tour de Polonia<\/a>&nbsp;&nbsp;Ciclismo<\/li>\n<li><a href=\"https:\/\/news.google.com\/rss\/articles\/CBMihwJBVV95cUxNNFJnWi0yU0pLRzdHYXIwUzRQQ0l1U0N5bTdCbE9YQ2FKR2t3WjVJeGJlanVpaU1aOWhXSDVhT3lvM2NDZm5ET0p0SHdIcHZ5enowejNDZmlPTzZUQU01QXlLZUNKaVJJbC02bW1YVVdzby10VWU1c1dYaV9rR2ZCbDhWNlJwc25lWjNqaEJWVjhFRlczek81MFJCMTFINm1pSWl6VFpiSWpjbUgtUmFkRXVTTkkySEJVX1FsX21IRko0cFJuek1ra2xkeWlmQWJmV3FKalYxbjdYQm04TDgyUkJQMFJORU14WGpYb2lLWWlnTzhjOGdTZjFfUlhQTU52S0tWUjFRUQ?oc=5\" target=\"_blank\" rel=\"nofollow noopener\">Fechas, perfiles, recorrido, etapas, favoritos y d\u00f3nde ver por televisi\u00f3n y online streaming la Vuelta a Polonia 2025<\/a>&nbsp;&nbsp;Eurosport<\/li>\n<li><a href=\"https:\/\/news.google.com\/rss\/articles\/CBMiakFVX3lxTE1hbU02QzZlNHpQMkh5NjhOQlFWby1ENHN2MWtYM0lQbV9fbkUtTHowM3N6S3pmYXJXRjdyT3J2ZkhpZDBfbGg3NnpRQ2ZXU1d2NGZZQjRxT1RVeE5WOHI3TktRVDlteXNuN3c?oc=5\" target=\"_blank\" rel=\"nofollow noopener\">Los mejores velocistas del pelot\u00f3n listos para el 82\u00ba Tour de Polonia<\/a>&nbsp;&nbsp;Ciclismo<\/li>\n<li><a href=\"https:\/\/news.google.com\/rss\/articles\/CBMiowFBVV95cUxPSHZDTzhnUEd0RC1lakRrdTdObTVZVFNEX1puRWZKUktCZjMzelh0QzRORUQ3cGp5OGlwYmR1OWtNbDBxRDU1R2hDSXJOeGJwejhLaUV5NVF5MjNYZjV3ZTVuOC0zZjRUUWZvZGltVkI5ZTBjQVN1U2JpOWlUSDVibVVwQ0VfT21vc3VaLUFZakRJcWtVTTN3bzlsQURZc0pBb3RV?oc=5\" target=\"_blank\" rel=\"nofollow noopener\">Tour de Polonia: fechas, recorrido y d\u00f3nde ver<\/a>&nbsp;&nbsp;bet365<\/li>\n<li><a href=\"https:\/\/news.google.com\/rss\/articles\/CBMifkFVX3lxTE1WTjQ2V0xrUnZCeGlWcmJDdFd4VE5LYjlTU1M1LXd1Y1RVZEFONkpTel9mTXpWUjJMNkMxajRQQnRZUjRxaG5iZkxXLUxNakJJTjNjVFhXMXBnMndlXzlFSG9jN0ROZUhqdEhZMERSXzUwaDFReVhnR0FpRWVZQQ?oc=5\" target=\"_blank\" rel=\"nofollow noopener\">Os contamos al detalle c\u00f3mo se repartir\u00e1n los premios econ\u00f3micos del Tour de Polonia 2025<\/a>&nbsp;&nbsp;Ciclismoaldia.es<\/li>\n<\/ol>\n","protected":false},"excerpt":{"rendered":"Daniel Felipe Mart\u00ednez, Bilbao, Tiberi, McNulty y Hayer, destacados en el Tour de Polonia&nbsp;&nbsp;Ciclismo Fechas, perfiles, recorrido, etapas,&hellip;\n","protected":false},"author":2,"featured_media":21221,"comment_status":"","ping_status":"","sticky":false,"template":"","format":"standard","meta":{"footnotes":""},"categories":[273],"tags":[1247,12611,2601,7479,12615,5830,7478,313,10084,312,2943,168,158,551,25,24,1489,7817,12613,10642,12614,2872,12621,12619,825,12616,12620,12609,12617,11960,12618,905,11959,23,167,11961,12610,550,12612,552],"class_list":{"0":"post-21220","1":"post","2":"type-post","3":"status-publish","4":"format-standard","5":"has-post-thumbnail","7":"category-ciclismo","8":"tag-antonio","9":"tag-bahrain","10":"tag-bilbao","11":"tag-bora","12":"tag-brandon","13":"tag-britanico","14":"tag-bull","15":"tag-ciclismo","16":"tag-colombiano","17":"tag-cycling","18":"tag-daniel","19":"tag-deportes","20":"tag-el","21":"tag-emirates","22":"tag-es","23":"tag-espana","24":"tag-espanol","25":"tag-estadounidense","26":"tag-ethan","27":"tag-felipe","28":"tag-hayter","29":"tag-italiano","30":"tag-kwiatkow","31":"tag-majka","32":"tag-martinez","33":"tag-mcnulty","34":"tag-michal","35":"tag-pello","36":"tag-polacos","37":"tag-quick","38":"tag-rafal","39":"tag-red","40":"tag-soudal","41":"tag-spain","42":"tag-sports","43":"tag-step","44":"tag-tiberi","45":"tag-uae","46":"tag-victorious","47":"tag-xrg"},"share_on_mastodon":{"url":"","error":""},"_links":{"self":[{"href":"https:\/\/www.europesays.com\/es\/wp-json\/wp\/v2\/posts\/21220","targetHints":{"allow":["GET"]}}],"collection":[{"href":"https:\/\/www.europesays.com\/es\/wp-json\/wp\/v2\/posts"}],"about":[{"href":"https:\/\/www.europesays.com\/es\/wp-json\/wp\/v2\/types\/post"}],"author":[{"embeddable":true,"href":"https:\/\/www.europesays.com\/es\/wp-json\/wp\/v2\/users\/2"}],"replies":[{"embeddable":true,"href":"https:\/\/www.europesays.com\/es\/wp-json\/wp\/v2\/comments?post=21220"}],"version-history":[{"count":0,"href":"https:\/\/www.europesays.com\/es\/wp-json\/wp\/v2\/posts\/21220\/revisions"}],"wp:featuredmedia":[{"embeddable":true,"href":"https:\/\/www.europesays.com\/es\/wp-json\/wp\/v2\/media\/21221"}],"wp:attachment":[{"href":"https:\/\/www.europesays.com\/es\/wp-json\/wp\/v2\/media?parent=21220"}],"wp:term":[{"taxonomy":"category","embeddable":true,"href":"https:\/\/www.europesays.com\/es\/wp-json\/wp\/v2\/categories?post=21220"},{"taxonomy":"post_tag","embeddable":true,"href":"https:\/\/www.europesays.com\/es\/wp-json\/wp\/v2\/tags?post=21220"}],"curies":[{"name":"wp","href":"https:\/\/api.w.org\/{rel}","templated":true}]}}