{"id":212210,"date":"2025-11-01T07:13:13","date_gmt":"2025-11-01T07:13:13","guid":{"rendered":"https:\/\/www.europesays.com\/es\/212210\/"},"modified":"2025-11-01T07:13:13","modified_gmt":"2025-11-01T07:13:13","slug":"si-vinicius-tuviera-a-hierro-no-haria-lo-que-hace","status":"publish","type":"post","link":"https:\/\/www.europesays.com\/es\/212210\/","title":{"rendered":"Si Vinicius tuviera a Hierro, no har\u00eda lo que hace"},"content":{"rendered":"<p class=\"ft-text\"><strong>Salva Ballesta<\/strong>, exdelantero de Sevilla, Atl\u00e9tico de Madrid y Valencia entre otros clubes, habl\u00f3 para los medios del conjunto sevillista y repas\u00f3 algunos errores que cometi\u00f3 en el pasado durante su carrera, <a class=\"ft-link ft-link--decoration\" href=\"https:\/\/www.sport.es\/es\/noticias\/real-madrid\/xabi-alonso-vinicius-abandonan-guerra-123236338\" rel=\"nofollow noopener\" target=\"_blank\"><strong>adem\u00e1s de hacer referencia al comportamiento de Vinicius<\/strong><\/a><strong> y como podr\u00eda haber sido distinto en otros tiempos y, sobre todo, con otros compa\u00f1eros.<\/strong><\/p>\n<p class=\"ft-text\">El ganador del pichichi de la temporada 1999-2000 <strong>anot\u00f3 un total de 229 goles en una prol\u00edfica carrera como &#8216;9&#8217;, no obstante, el jugador admite haber cometido errores en el pasado<\/strong>, gracias a la experiencia que los a\u00f1os le han otorgado.<\/p>\n<p>\u00abYo me cre\u00eda el caballo del Cid\u00bb<\/p>\n<p class=\"ft-text\"><strong>\u00abSi volviera\u00a025 a\u00f1os atr\u00e1s\u00a0no har\u00eda muchas cosas que he hecho y me han\u00a0perjudicado, como defender temas de\u00a0Espa\u00f1a\u00a0y defender a compa\u00f1eros ante entrenadores. Me cre\u00eda\u00a0el caballo del Cid\u00bb, <\/strong>explica Salva Ballesta antes de a\u00f1adir que la profesi\u00f3n de futbolista es <strong>\u00abla profesi\u00f3n de la mentira\u00bb. <\/strong><\/p>\n<p><img decoding=\"async\" src=\"https:\/\/www.europesays.com\/es\/wp-content\/uploads\/2025\/11\/e7c6e858-61f5-471f-9f57-71bd303a384d_alta-libre-aspect-ratio_default_0.jpg\" width=\"1200\" height=\"675\" alt=\"Salva Ballesta, con el Valencia CF\" class=\"ft-helper-img-rd\" loading=\"lazy\" hasdataaida=\"true\"\/><\/p>\n<p class=\"ft-helper-fontColor-quaternary ft-helper-fontSize-body-S ft-helper-spacer-t-xxs\">Salva Ballesta, con el Valencia CF  \/ SD<\/p>\n<p class=\"ft-text\">Achaca su fuerte car\u00e1cter en el pasado a venir de <strong>\u00abuna estructura militar\u00bb<\/strong>, motivo por el que <strong>\u00absiempre ha tenido sus principios muy claros\u00bb,<\/strong> adem\u00e1s, sobre la defensa a compa\u00f1eros que vivieron situaciones que \u00e9l consideraba injustas, expone el porqu\u00e9 actuaba como actuaba: <strong>\u00abcuando ve\u00eda injusticias, no me las callaba. Ahora, como entrenador, les digo a mis jugadores: \u2018nadie va a dar la cara por ti\u2019\u00bb<\/strong>, argumenta matizando las diferencias entre la perspectiva que ten\u00eda antes como jugador y la que tiene ahora como entrenador.<\/p>\n<p class=\"ft-text\">Reflexionando m\u00e1s en profundidad sobre su carrera, no se esconde. <strong>\u00abComet\u00ed errores de chaval. Si no los hubiera cometido, habr\u00eda estado muchos a\u00f1os en el Valencia. Me tuve que ir y lo pagu\u00e9. A los 30 ya ten\u00eda familia, dinero, inversiones&#8230; y tambi\u00e9n frustraciones. La vida del futbolista pasa muy deprisa\u00bb<\/strong>, recuerda sobre como fue su vida como deportista de \u00e9lite.<\/p>\n<p>\u201cSi Vinicius hubiera tenido a Hierro, no har\u00eda lo que hace\u201d<\/p>\n<p class=\"ft-text\">Sobre el f\u00fatbol actual se muestra poco optimista, pues desde su perspectiva en los tiempos que corren falta &#8216;liderazgo&#8217;, y expone un claro ejemplo para defender su pensamiento. <strong>\u00abAnda que Vinicius, si hubiera tenido a Hierro al lado,<\/strong><a class=\"ft-link ft-link--decoration\" href=\"https:\/\/www.sport.es\/es\/noticias\/real-madrid\/gabi-atiza-vinicius-inaceptable-cosa-lamine-yamal-xabi-alonso-123216655\" rel=\"nofollow noopener\" target=\"_blank\"><strong> iba a hacer lo que hace ahora<\/strong><\/a><strong>\u00ab<\/strong>, declara Ballesta sobre el extremo del Real Madrid.<\/p>\n<p><img decoding=\"async\" src=\"https:\/\/www.europesays.com\/es\/wp-content\/uploads\/2025\/11\/746080c3-acb1-4185-8af6-a62405c54c0c_alta-libre-aspect-ratio_default_0.jpg\" width=\"1200\" height=\"675\" alt=\"Fernando Hierro en un partido con la Selecci\u00f3n de Espa\u00f1a\" class=\"ft-helper-img-rd\" loading=\"lazy\" hasdataaida=\"true\"\/><\/p>\n<p class=\"ft-helper-fontColor-quaternary ft-helper-fontSize-body-S ft-helper-spacer-t-xxs\">Fernando Hierro en un partido con la Selecci\u00f3n de Espa\u00f1a  \/ Marc G\u00f3mez \/ RFEF<\/p>\n<p class=\"ft-text\"><strong>\u00abAntes hac\u00edamos pi\u00f1a, nos junt\u00e1bamos a tomar algo, compart\u00edamos lo bueno y lo malo. Hoy eso se ha perdido\u00bb<\/strong>, concluye el exdelantero sobre la actualidad futbol\u00edstica.<\/p>\n","protected":false},"excerpt":{"rendered":"Salva Ballesta, exdelantero de Sevilla, Atl\u00e9tico de Madrid y Valencia entre otros clubes, habl\u00f3 para los medios del&hellip;\n","protected":false},"author":2,"featured_media":212211,"comment_status":"","ping_status":"","sticky":false,"template":"","format":"standard","meta":{"footnotes":""},"categories":[268],"tags":[2545,1517,15431,168,25,24,280,282,3855,3048,10439,1171,281,23,167,13334],"class_list":{"0":"post-212210","1":"post","2":"type-post","3":"status-publish","4":"format-standard","5":"has-post-thumbnail","7":"category-futbol","8":"tag-albacete","9":"tag-atletico","10":"tag-ballesta","11":"tag-deportes","12":"tag-es","13":"tag-espana","14":"tag-football","15":"tag-futbol","16":"tag-malaga","17":"tag-real-madrid","18":"tag-salva","19":"tag-sevilla","20":"tag-soccer","21":"tag-spain","22":"tag-sports","23":"tag-vinicius"},"share_on_mastodon":{"url":"https:\/\/pubeurope.com\/@es\/115473207040824692","error":""},"_links":{"self":[{"href":"https:\/\/www.europesays.com\/es\/wp-json\/wp\/v2\/posts\/212210","targetHints":{"allow":["GET"]}}],"collection":[{"href":"https:\/\/www.europesays.com\/es\/wp-json\/wp\/v2\/posts"}],"about":[{"href":"https:\/\/www.europesays.com\/es\/wp-json\/wp\/v2\/types\/post"}],"author":[{"embeddable":true,"href":"https:\/\/www.europesays.com\/es\/wp-json\/wp\/v2\/users\/2"}],"replies":[{"embeddable":true,"href":"https:\/\/www.europesays.com\/es\/wp-json\/wp\/v2\/comments?post=212210"}],"version-history":[{"count":0,"href":"https:\/\/www.europesays.com\/es\/wp-json\/wp\/v2\/posts\/212210\/revisions"}],"wp:featuredmedia":[{"embeddable":true,"href":"https:\/\/www.europesays.com\/es\/wp-json\/wp\/v2\/media\/212211"}],"wp:attachment":[{"href":"https:\/\/www.europesays.com\/es\/wp-json\/wp\/v2\/media?parent=212210"}],"wp:term":[{"taxonomy":"category","embeddable":true,"href":"https:\/\/www.europesays.com\/es\/wp-json\/wp\/v2\/categories?post=212210"},{"taxonomy":"post_tag","embeddable":true,"href":"https:\/\/www.europesays.com\/es\/wp-json\/wp\/v2\/tags?post=212210"}],"curies":[{"name":"wp","href":"https:\/\/api.w.org\/{rel}","templated":true}]}}