{"id":212216,"date":"2025-11-01T07:18:16","date_gmt":"2025-11-01T07:18:16","guid":{"rendered":"https:\/\/www.europesays.com\/es\/212216\/"},"modified":"2025-11-01T07:18:16","modified_gmt":"2025-11-01T07:18:16","slug":"en-que-cabeza-cabe-el-derrochar-comida-asi","status":"publish","type":"post","link":"https:\/\/www.europesays.com\/es\/212216\/","title":{"rendered":"\u00ab\u00bfEn qu\u00e9 cabeza cabe el derrochar comida as\u00ed?"},"content":{"rendered":"<p class=\"c-paragraph\"><a href=\"https:\/\/www.20minutos.es\/tags\/personas\/katy-perry.html\" title=\"Katy Perry\" rel=\"nofollow noopener\" target=\"_blank\">Katy Perry<\/a> se ha vuelto a convertir en el foco de la pol\u00e9mica. La cantante ha celebrado su 41 cumplea\u00f1os en medio de su gira Lifetime Tour, pero el <b>gesto que ha tenido con el pastel <\/b>que hab\u00edan encargado no ha gustado en las redes sociales.<\/p>\n<p class=\"c-paragraph\">En el v\u00eddeo compartido en su perfil de Instagram se ve como la cantante estadounidense sopla las velas y pide un deseo para este nuevo a\u00f1o. Acto seguido, la int\u00e9rprete de Firework coge la tarta con las manos y va corriendo hacia un miembro de su equipo para tir\u00e1rselo a la cara, con tan mala suerte de que este se agacha a tiempo y el pastel va directo al suelo.<\/p>\n<p class=\"c-paragraph\">Una broma bastante com\u00fan en las celebraciones de cumplea\u00f1os, pero que no ha gustado entre sus seguidores, pues varios usuarios han criticado la acci\u00f3n realizada por Katy Perry.<\/p>\n<p class=\"c-paragraph\">\u00abMi mam\u00e1 fue quien lo horne\u00f3. Estaba tan emocionada por la oportunidad de hacerle un pastel a Katy Perry y le dedic\u00f3 tanto tiempo. De verdad estoy confundida y molesta porque no entiendo por qu\u00e9 lo hizo\u00bb, escribe en X (antes Twitter) una joven que dice ser la hija de la persona encargada en hacer dicha tarta.<\/p>\n<p class=\"c-paragraph\">Esto ha provocado la indignaci\u00f3n de la gente, que no han dudado en expresar su opini\u00f3n sobre la cantante. \u00abMe llama mucho la atenci\u00f3n c\u00f3mo Katy Perry siempre se las ingenia para estar m\u00e1s deslindada de la realidad. \u00bfen qu\u00e9 cabeza cabe qu\u00e9 vas a derrochar comida as\u00ed y no va a caer mal? <b>En la industria musical son todos millonarios pero no tan inconscientes, \u00bfno?<\/b>\u00ab, apunta una usuaria.<\/p>\n<p class=\"c-paragraph\">\u00abKatty Perry no merece el esfuerzo de tu mam\u00e1. Ella representa lo peor, por eso nadie la quiere. <b>Basta mirarla, no se respeta ni ella misma, no puede respetar a los dem\u00e1s\u00bb<\/b>, recalca otro.<\/p>\n<p class=\"c-paragraph\">Si bien, aunque la artista ha recibido duras cr\u00edticas, tambi\u00e9n ha habido quienes han querido desearle un feliz cumplea\u00f1os. \u00abEst\u00e1s hermosa\u00bb, \u00abSe te ve feliz\u00bb o \u00ab<b>41 a\u00f1os de puro glamour y belleza. Viva esta reina<\/b>\u00ab, son algunos de los halagos.<\/p>\n","protected":false},"excerpt":{"rendered":"Katy Perry se ha vuelto a convertir en el foco de la pol\u00e9mica. La cantante ha celebrado su&hellip;\n","protected":false},"author":2,"featured_media":212217,"comment_status":"","ping_status":"","sticky":false,"template":"","format":"standard","meta":{"footnotes":""},"categories":[170],"tags":[6621,26822,146,147,25,24,8646,184,185,8647,5043,23],"class_list":{"0":"post-212216","1":"post","2":"type-post","3":"status-publish","4":"format-standard","5":"has-post-thumbnail","7":"category-musica","8":"tag-criticas","9":"tag-destrozar","10":"tag-entertainment","11":"tag-entretenimiento","12":"tag-es","13":"tag-espana","14":"tag-katy","15":"tag-music","16":"tag-musica","17":"tag-perry","18":"tag-por","19":"tag-spain"},"share_on_mastodon":{"url":"https:\/\/pubeurope.com\/@es\/115473226464806206","error":""},"_links":{"self":[{"href":"https:\/\/www.europesays.com\/es\/wp-json\/wp\/v2\/posts\/212216","targetHints":{"allow":["GET"]}}],"collection":[{"href":"https:\/\/www.europesays.com\/es\/wp-json\/wp\/v2\/posts"}],"about":[{"href":"https:\/\/www.europesays.com\/es\/wp-json\/wp\/v2\/types\/post"}],"author":[{"embeddable":true,"href":"https:\/\/www.europesays.com\/es\/wp-json\/wp\/v2\/users\/2"}],"replies":[{"embeddable":true,"href":"https:\/\/www.europesays.com\/es\/wp-json\/wp\/v2\/comments?post=212216"}],"version-history":[{"count":0,"href":"https:\/\/www.europesays.com\/es\/wp-json\/wp\/v2\/posts\/212216\/revisions"}],"wp:featuredmedia":[{"embeddable":true,"href":"https:\/\/www.europesays.com\/es\/wp-json\/wp\/v2\/media\/212217"}],"wp:attachment":[{"href":"https:\/\/www.europesays.com\/es\/wp-json\/wp\/v2\/media?parent=212216"}],"wp:term":[{"taxonomy":"category","embeddable":true,"href":"https:\/\/www.europesays.com\/es\/wp-json\/wp\/v2\/categories?post=212216"},{"taxonomy":"post_tag","embeddable":true,"href":"https:\/\/www.europesays.com\/es\/wp-json\/wp\/v2\/tags?post=212216"}],"curies":[{"name":"wp","href":"https:\/\/api.w.org\/{rel}","templated":true}]}}