{"id":212220,"date":"2025-11-01T07:20:08","date_gmt":"2025-11-01T07:20:08","guid":{"rendered":"https:\/\/www.europesays.com\/es\/212220\/"},"modified":"2025-11-01T07:20:08","modified_gmt":"2025-11-01T07:20:08","slug":"mikel-oyarzabal-una-decada-latiendo-en-blanquiazul-es-el-arconada-de-nuestra-epoca-futbol-deportes","status":"publish","type":"post","link":"https:\/\/www.europesays.com\/es\/212220\/","title":{"rendered":"Mikel Oyarzabal, una d\u00e9cada latiendo en blanquiazul: \u201cEs el Arconada de nuestra \u00e9poca\u201d | F\u00fatbol | Deportes"},"content":{"rendered":"<p><a href=\"https:\/\/resultados.elpais.com\/deportivos\/futbol\/primera\/2025_2026\/directo\/regular_a_11_68644b776497c90\" rel=\"nofollow noopener\" target=\"_blank\">Directo<\/a><\/p>\n<p class=\"\">El campo municipal Garc\u00eda Calvo de Negreira, a falta de doce minutos para el final del encuentro de primera ronda de la Copa del Rey entre su equipo y la Real Sociedad esta semana, se puso en pie para dedicarle una de las ovaciones de la noche a Mikel Oyarzabal. Reconoc\u00edan as\u00ed el sobresaliente hacer de un futbolista convertido en leyenda de la Real Sociedad y con un <a href=\"https:\/\/elpais.com\/deportes\/futbol\/2025-09-05\/mikel-oyarzabal-se-gana-el-9-de-espana.html\" target=\"_self\" rel=\"nofollow noopener\" title=\"https:\/\/elpais.com\/deportes\/futbol\/2025-09-05\/mikel-oyarzabal-se-gana-el-9-de-espana.html\">peso fundamental en los \u00faltimos \u00e9xitos cosechados por la Selecci\u00f3n<\/a> que dirige Luis de la Fuente. Fue una muestra m\u00e1s de cari\u00f1o hacia el capit\u00e1n de la Real que acaba de cumplir diez a\u00f1os en el primer equipo blanquiazul. Debut\u00f3 de la mano de David Moyes y, desde entonces, desde ese 25 de octubre de 2015 en el Ciutat de Val\u00e8ncia, no ha hecho otra cosa que ir batiendo r\u00e9cords. <\/p>\n<p class=\"\">119 goles en 407 partidos jalonan una trayectoria en la que no todo ha sido f\u00e1cil. Su carrera no ha estado exenta de cr\u00edticas y de momentos complicados, como el que lleg\u00f3 tras la grave lesi\u00f3n de rodilla sufrida en marzo de 2022 en un entrenamiento. Pero el de Eibar nunca se ha dado por vencido. Siempre ha sido as\u00ed. Incluso siendo un desconocido, en su primera pretemporada con la Real, demostr\u00f3 tener un car\u00e1cter impropio de un chaval de apenas 18 a\u00f1os. \u201cYa se intu\u00eda que iba a estar muchos a\u00f1os en la Real Sociedad por el desparpajo que ten\u00eda\u201d, recuerda Xabi Prieto, mito blanquiazul. \u201cEra muy humilde y educado. Sab\u00eda d\u00f3nde estaba. Era una gozada verle. Un jugador especial\u201d, remarca el excapit\u00e1n de la Real Sociedad, que, al igual que a Mikel Oyarzabal, a \u00e9l tambi\u00e9n le toc\u00f3 vivir en sus carnes las cr\u00edticas de una afici\u00f3n que siempre exige m\u00e1s a los de casa. \u201cSuele pasar cuando llevas tantos a\u00f1os en un club que se le critique por todo lo que haces, por no meter m\u00e1s goles, por no regatear m\u00e1s, pero Mikel aporta m\u00e1s que esos goles a los que nos tiene acostumbrados\u201d, valora. <\/p>\n<p class=\"\">Este s\u00e1bado <a href=\"https:\/\/elpais.com\/deportes\/futbol\/2025-10-24\/oyarzabal-lidera-a-la-real-sociedad-hacia-un-triunfo-imprescindible-ante-el-sevilla.html\" target=\"_self\" rel=\"nofollow noopener\" title=\"https:\/\/elpais.com\/deportes\/futbol\/2025-10-24\/oyarzabal-lidera-a-la-real-sociedad-hacia-un-triunfo-imprescindible-ante-el-sevilla.html\">volver\u00e1 a ser el referente ofensivo de su equipo<\/a> en el partido m\u00e1s especial de la temporada como es el derbi frente al Athletic Club (18.30, Movistar). De hecho, cuatro de los diez goles de la Real este curso en Liga llevan su firma. Los otros seis los han marcado seis jugadores diferentes, lo que denota los problemas del equipo de cara a porter\u00eda. Oviedo, con siete goles; y Girona, Alav\u00e9s y precisamente el Athletic, con nueve cada uno, son los \u00fanicos de Primera que marcan menos que la Real. <\/p>\n<p class=\"\">Oyarzabal ya forma parte de la historia de la instituci\u00f3n que preside Jokin Aperribay no solo por sus n\u00fameros, sino tambi\u00e9n por ese gol que sirvi\u00f3 para que, 40 a\u00f1os despu\u00e9s, la Real Sociedad volviera a ganar un t\u00edtulo, el de Copa y precisamente ante el Athletic. \u201cEs una referencia. Como capit\u00e1n lo est\u00e1 haciendo fenomenal y como jugador es incuestionable, le pongas donde le pongas\u201d, proclama otra leyenda como es Jes\u00fas Mari Satr\u00fastegui. El m\u00edtico 9 de la Real se pone en la piel de Oyarzabal y entiende su decisi\u00f3n de no querer abandonar San Sebasti\u00e1n. \u201cEs algo que ya vivimos nosotros\u201d, rememora. \u201cDe aquel equipo campe\u00f3n llamaron a varios como a Zamora o a Arconada. A m\u00ed tambi\u00e9n. Pagaban un dineral. Se pod\u00eda hacer un campo nuevo incluso. Yo prefer\u00ed seguir, no me quise ir y lo que est\u00e1 haciendo Oyarzabal es de valorar. La Real Sociedad tiene unos valores y unas circunstancias que no tiene cualquier otro equipo. \u00c9l lleva a la Real Sociedad en la sangre\u201d, asegura el exdelantero. <\/p>\n<p class=\"\">Los elogios hacia el 10 de la Real contin\u00faan en la persona de G\u00f3rriz, que, con 599, es el futbolista que m\u00e1s partidos ha jugado con la camiseta txuriurdin. \u201cMikel aporta al equipo no solo lo que da individualmente \u00e9l, <a href=\"https:\/\/elpais.com\/deportes\/futbol\/2024-11-25\/la-critica-de-alguacil-y-la-reaccion-de-oyarzabal-el-derbi-abre-heridas-en-la-real-sociedad.html\" target=\"_self\" rel=\"nofollow noopener\" title=\"https:\/\/elpais.com\/deportes\/futbol\/2024-11-25\/la-critica-de-alguacil-y-la-reaccion-de-oyarzabal-el-derbi-abre-heridas-en-la-real-sociedad.html\">sino lo que significa dentro del vestuario<\/a>\u201d, asegura. \u201cPuede que me est\u00e9 excediendo en lo que digo, pero lo creo as\u00ed. Lo que est\u00e1 haciendo ahora Mikel puede asemejarse a lo que hac\u00eda en su d\u00eda Arconada. Lo que significaba para nosotros, para los compa\u00f1eros, para los aficionados, ahora mismo esa funci\u00f3n la est\u00e1 haciendo \u00e9l\u201d, deja claro.<\/p>\n","protected":false},"excerpt":{"rendered":"Directo El campo municipal Garc\u00eda Calvo de Negreira, a falta de doce minutos para el final del encuentro&hellip;\n","protected":false},"author":2,"featured_media":212221,"comment_status":"","ping_status":"","sticky":false,"template":"","format":"standard","meta":{"footnotes":""},"categories":[93],"tags":[1540,168,1539,25,24,282,1538,21373,38348,7209,23,167],"class_list":{"0":"post-212220","1":"post","2":"type-post","3":"status-publish","4":"format-standard","5":"has-post-thumbnail","7":"category-deportes","8":"tag-competiciones","9":"tag-deportes","10":"tag-entrenadores","11":"tag-es","12":"tag-espana","13":"tag-futbol","14":"tag-futbolistas","15":"tag-ligas-futbol","16":"tag-mikel-oyarzabal","17":"tag-real-sociedad","18":"tag-spain","19":"tag-sports"},"share_on_mastodon":{"url":"https:\/\/pubeurope.com\/@es\/115473234269348019","error":""},"_links":{"self":[{"href":"https:\/\/www.europesays.com\/es\/wp-json\/wp\/v2\/posts\/212220","targetHints":{"allow":["GET"]}}],"collection":[{"href":"https:\/\/www.europesays.com\/es\/wp-json\/wp\/v2\/posts"}],"about":[{"href":"https:\/\/www.europesays.com\/es\/wp-json\/wp\/v2\/types\/post"}],"author":[{"embeddable":true,"href":"https:\/\/www.europesays.com\/es\/wp-json\/wp\/v2\/users\/2"}],"replies":[{"embeddable":true,"href":"https:\/\/www.europesays.com\/es\/wp-json\/wp\/v2\/comments?post=212220"}],"version-history":[{"count":0,"href":"https:\/\/www.europesays.com\/es\/wp-json\/wp\/v2\/posts\/212220\/revisions"}],"wp:featuredmedia":[{"embeddable":true,"href":"https:\/\/www.europesays.com\/es\/wp-json\/wp\/v2\/media\/212221"}],"wp:attachment":[{"href":"https:\/\/www.europesays.com\/es\/wp-json\/wp\/v2\/media?parent=212220"}],"wp:term":[{"taxonomy":"category","embeddable":true,"href":"https:\/\/www.europesays.com\/es\/wp-json\/wp\/v2\/categories?post=212220"},{"taxonomy":"post_tag","embeddable":true,"href":"https:\/\/www.europesays.com\/es\/wp-json\/wp\/v2\/tags?post=212220"}],"curies":[{"name":"wp","href":"https:\/\/api.w.org\/{rel}","templated":true}]}}