{"id":212233,"date":"2025-11-01T07:27:09","date_gmt":"2025-11-01T07:27:09","guid":{"rendered":"https:\/\/www.europesays.com\/es\/212233\/"},"modified":"2025-11-01T07:27:09","modified_gmt":"2025-11-01T07:27:09","slug":"solemnidad-de-todos-los-santos","status":"publish","type":"post","link":"https:\/\/www.europesays.com\/es\/212233\/","title":{"rendered":"SOLEMNIDAD DE TODOS LOS SANTOS"},"content":{"rendered":"<p>Este s\u00e1bado 1 de noviembre, Solemnidad de Todos los Santos, el Oficio Coral se realizar\u00e1 a las 9:00 horas en la Capilla de la Antigua. Durante la celebraci\u00f3n, se rezar\u00e1n Laudes, seguido del Sub tuum praesidium y del Te Deum, para luego dar paso a la Eucarist\u00eda. <\/p>\n<p>En este d\u00eda especial, elevamos la mirada al cielo para rendir homenaje a todos los santos, tanto aquellos reconocidos como los desconocidos, que ya gozan de la felicidad eterna junto a Dios. <\/p>\n<p>Esta festividad tiene como prop\u00f3sito recordar a quienes vivieron conforme al Evangelio y se han convertido en ejemplo e inspiraci\u00f3n, invitando a toda la comunidad cristiana a participar en esta conmemoraci\u00f3n.<\/p>\n","protected":false},"excerpt":{"rendered":"Este s\u00e1bado 1 de noviembre, Solemnidad de Todos los Santos, el Oficio Coral se realizar\u00e1 a las 9:00&hellip;\n","protected":false},"author":2,"featured_media":212234,"comment_status":"","ping_status":"","sticky":false,"template":"","format":"standard","meta":{"footnotes":""},"categories":[5],"tags":[57286,17,18,3860,3861,3862,57287,3863,25,24,13,14,11,19,20,9,10,15,16,57288,57289,57290,23,12,21,22],"class_list":{"0":"post-212233","1":"post","2":"type-post","3":"status-publish","4":"format-standard","5":"has-post-thumbnail","7":"category-titulares","8":"tag-1-de-noviembre","9":"tag-breaking-news","10":"tag-breakingnews","11":"tag-cabildo-catedral","12":"tag-cabildo-catedral-de-sevilla","13":"tag-cabildo-metropolitano","14":"tag-capilla-real","15":"tag-catedral-de-sevilla","16":"tag-es","17":"tag-espana","18":"tag-featured-news","19":"tag-featurednews","20":"tag-headlines","21":"tag-latest-news","22":"tag-latestnews","23":"tag-news","24":"tag-noticias","25":"tag-noticias-destacadas","26":"tag-noticiasdestacadas","27":"tag-procesion-de-voto","28":"tag-solemnidad-todos-los-santos","29":"tag-soloemnidad-todos-los-santos-catedral-de-sevilla","30":"tag-spain","31":"tag-titulares","32":"tag-ultimas-noticias","33":"tag-ultimasnoticias"},"share_on_mastodon":{"url":"https:\/\/pubeurope.com\/@es\/115473261736958896","error":""},"_links":{"self":[{"href":"https:\/\/www.europesays.com\/es\/wp-json\/wp\/v2\/posts\/212233","targetHints":{"allow":["GET"]}}],"collection":[{"href":"https:\/\/www.europesays.com\/es\/wp-json\/wp\/v2\/posts"}],"about":[{"href":"https:\/\/www.europesays.com\/es\/wp-json\/wp\/v2\/types\/post"}],"author":[{"embeddable":true,"href":"https:\/\/www.europesays.com\/es\/wp-json\/wp\/v2\/users\/2"}],"replies":[{"embeddable":true,"href":"https:\/\/www.europesays.com\/es\/wp-json\/wp\/v2\/comments?post=212233"}],"version-history":[{"count":0,"href":"https:\/\/www.europesays.com\/es\/wp-json\/wp\/v2\/posts\/212233\/revisions"}],"wp:featuredmedia":[{"embeddable":true,"href":"https:\/\/www.europesays.com\/es\/wp-json\/wp\/v2\/media\/212234"}],"wp:attachment":[{"href":"https:\/\/www.europesays.com\/es\/wp-json\/wp\/v2\/media?parent=212233"}],"wp:term":[{"taxonomy":"category","embeddable":true,"href":"https:\/\/www.europesays.com\/es\/wp-json\/wp\/v2\/categories?post=212233"},{"taxonomy":"post_tag","embeddable":true,"href":"https:\/\/www.europesays.com\/es\/wp-json\/wp\/v2\/tags?post=212233"}],"curies":[{"name":"wp","href":"https:\/\/api.w.org\/{rel}","templated":true}]}}