{"id":212250,"date":"2025-11-01T07:41:42","date_gmt":"2025-11-01T07:41:42","guid":{"rendered":"https:\/\/www.europesays.com\/es\/212250\/"},"modified":"2025-11-01T07:41:42","modified_gmt":"2025-11-01T07:41:42","slug":"maluma-y-roselyn-sanchez-seran-los-presentadores-de-los-latin-grammy","status":"publish","type":"post","link":"https:\/\/www.europesays.com\/es\/212250\/","title":{"rendered":"Maluma y Roselyn S\u00e1nchez ser\u00e1n los presentadores de los Latin Grammy"},"content":{"rendered":"<p> Este ser\u00e1 el debut como anfitri\u00f3n del cantante colombiano, conocido por temas como \u00abFelices los cuatro\u00bb o \u00abHaw\u00e1i\u00bb.<\/p>\n<p>&#13;<br \/>\n                    &#13;<br \/>\n                        <strong>Cortes\u00eda<\/strong> | Los latinos ser\u00e1n los presentadores de la gala de los Grammy.&#13;<br \/>\n                    &#13;\n                <\/p>\n<p>Maluma\u00a0y\u00a0Roselyn S\u00e1nchez\u00a0ser\u00e1n los presentadores de la 26.\u00aa entrega de los\u00a0Latin Grammy\u00a0que se celebrar\u00e1 el\u00a013 de noviembre\u00a0en el MGM Grand Garden Arena de Las Vegas,\u00a0Nevada, inform\u00f3 este mi\u00e9rcoles la\u00a0Academia Latina de la Grabaci\u00f3n.<\/p>\n<p>Este ser\u00e1 el debut como anfitri\u00f3n del cantante colombiano, conocido por temas como \u201cFelices los cuatro\u201d o \u201cHaw\u00e1i\u201d, quien en total ha recibido\u00a01 Latin\u00a0Grammy\u00a0en su carrera y acumulado 20 nominaciones a estos premios en toda su trayectoria.Por su parte, esta es la octava ocasi\u00f3n en la que la actriz y cantante se sube al escenario de los premios m\u00e1s prestigiosos de la m\u00fasica latina.<\/p>\n<p>Este a\u00f1o, los\u00a0Latin Grammy\u00a0regresan a la ciudad del pecado, tras una edici\u00f3n en\u00a0Sevilla\u00a0en\u00a02023\u00a0y otra en\u00a0Miami\u00a0en\u00a02024.<\/p>\n<p>Esta edici\u00f3n,\u00a0Bad Bunny\u00a0lidera las nominaciones con 12 candidaturas gracias a su \u00e1lbum \u201cDtMF\u201d, seguido de los argentinos\u00a0Ca7riel &amp; Paco Amoroso\u00a0y el compositor mexicano\u00a0Edgar\u00a0Barrera, con 10 menciones cada uno.<\/p>\n<p>La\u00a0Academia Latina\u00a0de la Grabaci\u00f3n\u00a0anunci\u00f3 antes que artistas como\u00a0Alejandro Sanz, Carlos Santana,\u00a0Rauw Alejandro, Aitana,\u00a0Raphael, Gloria Estefan,\u00a0Carin Le\u00f3n, entre otros, mantendr\u00e1n actuaciones en el evento.<\/p>\n<p>Producida por TelevisaUnivisi\u00f3n, la 26.\u00aa edici\u00f3n de los\u00a0Latin Grammy\u00a0se transmitir\u00e1 en vivo desde el MGM\u00a0Grand\u00a0Garden Arena\u00a0de\u00a0Las Vegas\u00a0el jueves 13 de noviembre y tendr\u00e1\u00a0una duraci\u00f3n de tres horas.<\/p>\n<p>\u00a0<\/p>\n<p>Ten la informaci\u00f3n al instante en tu celular. \u00danete al grupo de Diario Primicia en WhatsApp a trav\u00e9s del siguiente\u00a0link:\u00a0<a href=\"https:\/\/chat.whatsapp.com\/KmIu177vtD1K9KnLMwoNgo\" target=\"_blank\" rel=\"noopener nofollow\" data-saferedirecturl=\"https:\/\/www.google.com\/url?q=https:\/\/chat.whatsapp.com\/KmIu177vtD1K9KnLMwoNgo&amp;source=gmail&amp;ust=1761853031829000&amp;usg=AOvVaw3aDbAmDa0TxRz4W32y_5Lg\">https:\/\/chat.whatsapp.com\/KmIu177vtD1K9KnLMwoNgo<\/a><\/p>\n<p>Tambi\u00e9n estamos en Telegram como @DiarioPrimicia, \u00fanete aqu\u00ed:<a href=\"https:\/\/t.me\/diarioprimicia\" target=\"_blank\" rel=\"noopener nofollow\" data-saferedirecturl=\"https:\/\/www.google.com\/url?q=https:\/\/t.me\/diarioprimicia&amp;source=gmail&amp;ust=1761853031829000&amp;usg=AOvVaw0d_hvb6Y6OMcs58SqFKjib\">https:\/\/t.me\/diarioprimicia<\/a><\/p>\n","protected":false},"excerpt":{"rendered":"Este ser\u00e1 el debut como anfitri\u00f3n del cantante colombiano, conocido por temas como \u00abFelices los cuatro\u00bb o \u00abHaw\u00e1i\u00bb.&hellip;\n","protected":false},"author":2,"featured_media":212251,"comment_status":"","ping_status":"","sticky":false,"template":"","format":"standard","meta":{"footnotes":""},"categories":[170],"tags":[19340,505,146,147,25,24,1649,2791,25860,28543,184,185,57291,10852,2145,57292,23],"class_list":{"0":"post-212250","1":"post","2":"type-post","3":"status-publish","4":"format-standard","5":"has-post-thumbnail","7":"category-musica","8":"tag-alfombra","9":"tag-artistas","10":"tag-entertainment","11":"tag-entretenimiento","12":"tag-es","13":"tag-espana","14":"tag-gala","15":"tag-grammy","16":"tag-latinos","17":"tag-maluma","18":"tag-music","19":"tag-musica","20":"tag-permios","21":"tag-presentadores","22":"tag-programa","23":"tag-roselyn","24":"tag-spain"},"share_on_mastodon":{"url":"https:\/\/pubeurope.com\/@es\/115473317408016798","error":""},"_links":{"self":[{"href":"https:\/\/www.europesays.com\/es\/wp-json\/wp\/v2\/posts\/212250","targetHints":{"allow":["GET"]}}],"collection":[{"href":"https:\/\/www.europesays.com\/es\/wp-json\/wp\/v2\/posts"}],"about":[{"href":"https:\/\/www.europesays.com\/es\/wp-json\/wp\/v2\/types\/post"}],"author":[{"embeddable":true,"href":"https:\/\/www.europesays.com\/es\/wp-json\/wp\/v2\/users\/2"}],"replies":[{"embeddable":true,"href":"https:\/\/www.europesays.com\/es\/wp-json\/wp\/v2\/comments?post=212250"}],"version-history":[{"count":0,"href":"https:\/\/www.europesays.com\/es\/wp-json\/wp\/v2\/posts\/212250\/revisions"}],"wp:featuredmedia":[{"embeddable":true,"href":"https:\/\/www.europesays.com\/es\/wp-json\/wp\/v2\/media\/212251"}],"wp:attachment":[{"href":"https:\/\/www.europesays.com\/es\/wp-json\/wp\/v2\/media?parent=212250"}],"wp:term":[{"taxonomy":"category","embeddable":true,"href":"https:\/\/www.europesays.com\/es\/wp-json\/wp\/v2\/categories?post=212250"},{"taxonomy":"post_tag","embeddable":true,"href":"https:\/\/www.europesays.com\/es\/wp-json\/wp\/v2\/tags?post=212250"}],"curies":[{"name":"wp","href":"https:\/\/api.w.org\/{rel}","templated":true}]}}