{"id":212269,"date":"2025-11-01T07:55:10","date_gmt":"2025-11-01T07:55:10","guid":{"rendered":"https:\/\/www.europesays.com\/es\/212269\/"},"modified":"2025-11-01T07:55:10","modified_gmt":"2025-11-01T07:55:10","slug":"alcaraz-se-prepara-en-casa-para-los-ultimos-retos-del-ano","status":"publish","type":"post","link":"https:\/\/www.europesays.com\/es\/212269\/","title":{"rendered":"Alcaraz se prepara en casa para los \u00faltimos retos del a\u00f1o"},"content":{"rendered":"<p><a class=\"v-mdl-ath__fig-a\" href=\"https:\/\/www.laverdad.es\/autor\/fernando-perals-3252.html\" title=\"Fernando Perals\" rel=\"nofollow noopener\" target=\"_blank\"><br \/>\n<img decoding=\"async\" class=\"v-mdl-ath__img\" src=\"https:\/\/www.europesays.com\/es\/wp-content\/uploads\/2025\/08\/autor-3252-foto-3.jpeg\" alt=\"Fernando Perals\"\/><br \/>\n<\/a><\/p>\n<p class=\"v-mdl-ath__p v-mdl-ath__p--6\">\nS\u00e1bado, 1 de noviembre 2025, 07:34<\/p>\n<p class=\"v-p\">No hay mejor forma de recargar pilas y aumentar la motivaci\u00f3n que junto a los tuyos. Y eso es lo que ha pensado Carlos Alcaraz de cara a los \u00faltimos retos que le quedan en 2025. Al calor de sus amigos y familiares, el tenista murciano est\u00e1 pasando unos d\u00edas de descanso activo en casa, donde est\u00e1 aprovechando, adem\u00e1s de para entrenar y ponerse a punto, para disfrutar de su deporte como espectador y del f\u00fatbol.<\/p>\n<p class=\"v-p\">El de El Palmar se dej\u00f3 ver el mi\u00e9rcoles por la noche en el partido que disput\u00f3 el Real Murcia ante el Antequera en el estadio Enrique Roca de Copa del Rey. Ba\u00f1o de masas para el n\u00famero uno del mundo, que adem\u00e1s de servir como amuleto de la suerte para el equipo grana, fue bendecido por el cura de la entidad murcianista. El sacerdote Miguel Tovar, de 24 a\u00f1os, le dio la bendici\u00f3n al joven prodigio de El Palmar para sus \u00faltimos compromisos: las ATP Finals de Tur\u00edn y la Copa Davis.<\/p>\n<p class=\"v-p\">Horas despu\u00e9s de ver ganar al Real Murcia, el pupilo de Juan Carlos Ferrero se acerc\u00f3 al Real Murcia Club de Tenis para presenciar varios partidos del Campeonato de Espa\u00f1a absoluto por equipos masculinos, torneo al que el equipo de la sede murciana accedi\u00f3 a la final.<\/p>\n<p class=\"v-p\">All\u00ed, junto a varios de sus amigos, el murciano disfrut\u00f3 de una jornada de descanso y disfrute viendo a algunos de los j\u00f3venes talentos del deporte de la raqueta. Es el momento de desconectar la mente tras un 2025 fabuloso y de olvidar cuanto antes la derrota en el Masters 1000 de Par\u00eds ante Cameron Norrie. Todav\u00eda quedan dos meses para que acabe este gran a\u00f1o para Alcaraz y puede concluir con los brazos del palmare\u00f1o alzando al cielo otro trofeo.<\/p>\n<p>Primera parada<\/p>\n<p class=\"v-p\">A\u00fan le quedan varias jornadas de preparaci\u00f3n a Carlitos para el siguiente torneo, pero el tiempo de entrenamientos y descanso se va agotando. La primera parada pasa por Tur\u00edn. En la ciudad italiana se disputan las ATP Finals desde el domingo 9 de noviembre. Y este ser\u00e1 la \u00faltima oportunidad para Carlitos de levantar un t\u00edtulo individual, el que ser\u00eda su noveno de un 2025 que tendr\u00e1 un lugar destacado para siempre en su memoria.<\/p>\n<p class=\"v-p\">A partir del d\u00eda 18 llegar\u00e1 la cita con la selecci\u00f3n espa\u00f1ola. Con el equipo que lidera David Ferrer, el murciano buscar\u00e1 su primera Copa Davis, un metal que se resiste desde 2019.<\/p>\n<p>Reporta un error<\/p>\n","protected":false},"excerpt":{"rendered":"S\u00e1bado, 1 de noviembre 2025, 07:34 No hay mejor forma de recargar pilas y aumentar la motivaci\u00f3n que&hellip;\n","protected":false},"author":2,"featured_media":212270,"comment_status":"","ping_status":"","sticky":false,"template":"","format":"standard","meta":{"footnotes":""},"categories":[274],"tags":[4736,1611,385,168,25,24,5936,2205,23,167,327,326,4421],"class_list":{"0":"post-212269","1":"post","2":"type-post","3":"status-publish","4":"format-standard","5":"has-post-thumbnail","7":"category-tenis","8":"tag-alcaraz","9":"tag-ano","10":"tag-casa","11":"tag-deportes","12":"tag-es","13":"tag-espana","14":"tag-prepara","15":"tag-retos","16":"tag-spain","17":"tag-sports","18":"tag-tenis","19":"tag-tennis","20":"tag-ultimos"},"share_on_mastodon":{"url":"https:\/\/pubeurope.com\/@es\/115473372324555600","error":""},"_links":{"self":[{"href":"https:\/\/www.europesays.com\/es\/wp-json\/wp\/v2\/posts\/212269","targetHints":{"allow":["GET"]}}],"collection":[{"href":"https:\/\/www.europesays.com\/es\/wp-json\/wp\/v2\/posts"}],"about":[{"href":"https:\/\/www.europesays.com\/es\/wp-json\/wp\/v2\/types\/post"}],"author":[{"embeddable":true,"href":"https:\/\/www.europesays.com\/es\/wp-json\/wp\/v2\/users\/2"}],"replies":[{"embeddable":true,"href":"https:\/\/www.europesays.com\/es\/wp-json\/wp\/v2\/comments?post=212269"}],"version-history":[{"count":0,"href":"https:\/\/www.europesays.com\/es\/wp-json\/wp\/v2\/posts\/212269\/revisions"}],"wp:featuredmedia":[{"embeddable":true,"href":"https:\/\/www.europesays.com\/es\/wp-json\/wp\/v2\/media\/212270"}],"wp:attachment":[{"href":"https:\/\/www.europesays.com\/es\/wp-json\/wp\/v2\/media?parent=212269"}],"wp:term":[{"taxonomy":"category","embeddable":true,"href":"https:\/\/www.europesays.com\/es\/wp-json\/wp\/v2\/categories?post=212269"},{"taxonomy":"post_tag","embeddable":true,"href":"https:\/\/www.europesays.com\/es\/wp-json\/wp\/v2\/tags?post=212269"}],"curies":[{"name":"wp","href":"https:\/\/api.w.org\/{rel}","templated":true}]}}