{"id":212278,"date":"2025-11-01T08:01:11","date_gmt":"2025-11-01T08:01:11","guid":{"rendered":"https:\/\/www.europesays.com\/es\/212278\/"},"modified":"2025-11-01T08:01:11","modified_gmt":"2025-11-01T08:01:11","slug":"candela-o-calatrava-el-merito-oculto-detras-del-oceanografic-de-valencia","status":"publish","type":"post","link":"https:\/\/www.europesays.com\/es\/212278\/","title":{"rendered":"Candela o Calatrava: el m\u00e9rito oculto detr\u00e1s del Oceanogr\u00e0fic de Val\u00e8ncia"},"content":{"rendered":"<p>VAL\u00c8NCIA.\u00a0Si la Ciudad de las Artes y las Ciencias -paradigma, icono, fotograf\u00eda de una \u00e9poca y una ciudad-\u00a0 contuviera entre su amplitud un anonimato, una identidad sepultada, ser\u00eda la de <strong>F\u00e9lix Candela<\/strong>. Ideador del Oceanogr\u00e0fic, es m\u00e1s que evidente que su figura ha quedado sepultada por el dominio tot\u00e9mico de Calatrava. Nunca escuchamos a nadie pronunciar que es la Ciudad de las Artes y las Ciencias de Calatrava\u2026 y Candela.\u00a0<\/p>\n<p><strong>Candela no se pronuncia. Es m\u00e1s, Candela ha quedado como depositario de la voluntad de Calatrava. <\/strong>\u201cNo pude evitar sentir cierto malestar por constatar una vez m\u00e1s, la persistente equivocaci\u00f3n que se repite en libros y art\u00edculos escritos con referencia al tema, en el sentido de que la intervenci\u00f3n de F\u00e9lix Candela en el proyecto del Oceanogr\u00e1fico de Valencia respondi\u00f3 a una invitaci\u00f3n de Santiago Calatrava\u201d, escrib\u00eda con solemnidad el arquitecto Emilio P\u00e9rez Belda, hace diez a\u00f1os, quien desvel\u00f3 que la \u00faltima vez que vio a Candela fue en Valencia, donde el arquitecto hab\u00eda sido llamado \u201cpara hacerse cargo del dise\u00f1o del edificio que deber\u00eda ser el contrapunto a los fara\u00f3nicos excesos que por entonces ya se empezaban a construir en la Ciudad de las Artes y las Ciencias\u201d.\u00a0<\/p>\n<p>La del Oceanogr\u00e0fic fue la \u00faltima obra de Candela, quien actu\u00f3 esta vez de consultor y dise\u00f1ador, en una trayectoria donde su rol cambiaba continuamente, de constructor a arquitecto, y fundamentalmente ide\u00f3logo.\u00a0<\/p>\n<p>&#13;<br \/>\n<img decoding=\"async\" alt=\"\" itemprop=\"url\" src=\"https:\/\/www.europesays.com\/es\/wp-content\/uploads\/2025\/11\/articulos-1705203.jpg\" title=\" - OCEANOGR\u00c1FIC\"\/>&#13;<br \/>\n&#13;<br \/>\n&#13;<br \/>\n&#13;<br \/>\n&#13;<\/p>\n<p><strong>El olvido de Candela\u00a0<\/strong><\/p>\n<p>Es preciso reivindicar el papel de Candela por varios motivos. Porque ayuda a entender la complejidad de la Ciudad de las Artes como un proyecto que, lejos de los t\u00f3picos manoseados, ha bailado entre distintas \u00e9pocas y <strong>contiene infinidades arquitect\u00f3nicas. Pero sobre todo porque Candela no es un actor secundario que pasaba por ah\u00ed<\/strong>. M\u00e1s all\u00e1 de discernir qui\u00e9n fue antes, si Candela o Calatrava, si fue el de Benim\u00e0met quien invit\u00f3, o si Candela ya estaba invitado a la fiesta, m\u00e1s all\u00e1 de esos lances, <strong>el Oceanogr\u00e0fic es la obra p\u00f3stuma de un arquitecto fundamental.<\/strong><\/p>\n<p>Hip\u00e9rbole o no, de F\u00e9lix Candela se han dicho cosas como que \u201ces el gran arquitecto espa\u00f1ol del siglo XX\u201d. As\u00ed lo defini\u00f3 el divulgador Octavio Domosti en Jotdown, en 2011, considerando que \u201cel impacto est\u00e9tico de decenas de sus obras sigue vigente hoy en d\u00eda\u201d. Siguiendo con las hip\u00e9rboles, Candela fue justamente el maestro de los hypars, paraboloides hiperb\u00f3licos. O lo que es lo mismo, esas geometr\u00edas que parecen curvarse como si fueran elementos naturales, ligeros y a punto de moverse, consolidadas con hormig\u00f3n armado. El control de la estructura, la reducci\u00f3n de materiales a trav\u00e9s de dise\u00f1os finos, y la persecuci\u00f3n de la belleza, fueron principios elementales que tambi\u00e9n se repiten en su obra valenciana.\u00a0<\/p>\n<p><strong>La memoria extraviada en torno a su importancia no es \u00fanica de Val\u00e8ncia y se extiende a toda Espa\u00f1a, quiz\u00e1 sobre todo porque se trata de un arquitecto espa\u00f1ol que tom\u00f3 distancia por obligaci\u00f3n. <\/strong>La Guerra Civil lo cambi\u00f3 todo en su vida. Como parte del bando republicano, termin\u00f3 en el campo de refugiados de Perpi\u00f1\u00e1n (antes hab\u00eda sobrevivido a la batalla del Ebro) hasta tomar el primer barco con destino a M\u00e9xico, en 1939. El pa\u00eds mexicano y Estados Unidos se convirtieron en sus principales entornos profesionales y explican por completo el destino de su arquitectura.\u00a0<\/p>\n<p>Un M\u00e9xico guiado por el furor constructivo permiti\u00f3 a Candela desarrollar sus primeros trabajos, dando soluciones donde el hormig\u00f3n armado era capaz de conformar estructuras sutiles. Como rese\u00f1a Mario Canal (en el suplemento El Grito, de El Confidencial), la aparici\u00f3n reciente del libro franc\u00e9s L\u2019intelligence de la forme (Ed. Caryatide), demuestra c\u00f3mo <strong>esa capacidad para transformar las l\u00edneas rectas en superficies de curvaturas imposibles, influyeron en c\u00f3mo autores como Calatrava o Zaha Hadid han imaginado sin demasiado l\u00edmite.<\/strong> Fue en M\u00e9xico donde, antes de mudarse a Estados Unidos, cultiv\u00f3 algunos de sus proyectos que m\u00e1s lo han definido, desde los a\u00f1os cincuenta hasta los setenta, con obras destacadas como el Pabell\u00f3n de Rayos C\u00f3smicos (tal vez el mejor naming de un edificio en la historia) o el Palacio de los Deportes para los Juegos Ol\u00edmpicos del 68.\u00a0<\/p>\n<p>&#13;<br \/>\n<img decoding=\"async\" alt=\"\" itemprop=\"url\" src=\"https:\/\/www.europesays.com\/es\/wp-content\/uploads\/2025\/11\/articulos-1705204.jpg\" title=\" - OCEANOGR\u00c1FIC\"\/>&#13;<br \/>\n&#13;<br \/>\n&#13;<br \/>\n&#13;<br \/>\n&#13;<\/p>\n<p><strong>Un peque\u00f1o Oceanogr\u00e0fic en Xochimilco<\/strong><\/p>\n<p>De ese mismo per\u00edodo es el restaurante <strong>Los Manantiales<\/strong>, en Xochimilco (al sureste de Ciudad de M\u00e9xico), en 1957. <strong>Revisitar ese proyecto es encontrar una suerte de Oceanogr\u00e0fic a peque\u00f1a escala, m\u00e1s de cuatro d\u00e9cadas antes<\/strong>, aunque opiniones como las de Domosti consideran que la elegancia de esta estructura no se ha vuelto a repetir. \u00a0<\/p>\n<p>De Los Manantiales a la Ciudad de las Artes y las Ciencias, un nonagenario Candela lanz\u00f3 su \u00faltimo bala con un reto que superaba en superficie -cerca de 10.000 m2- a cualquiera de los que hab\u00eda afrontado hasta el momento. <strong>Como si apenas hubiera transcurrido el tiempo, eleva los mismos fundamentos que consagr\u00f3 en el restaurante mexicano<\/strong>, convirtiendo los edificios en paisaje a partir de los hypars. En un continuo que evita pecar de gigantismo, un rasgo que critic\u00f3 a lo largo de su vida (con dardos contra insignes como Niemeyer) y que, inevitablemente, interpela al resto del complejo donde se ubica el Oceanogr\u00e0fic.\u00a0<\/p>\n<p>Desde luego que sea una obra p\u00f3stuma contribuy\u00f3 a que su autor\u00eda quedara aguada. Como si no hubiese ya nadie que sacara pecho de una construcci\u00f3n que sintetiza la carrera extensa de uno de los arquitectos espa\u00f1oles m\u00e1s internacionales, y a la vez olvidados. <strong>Su vida -de novela- y la calidad disruptiva de muchos de sus trabajos bien merecen que la Ciudad de las Artes y las Ciencias sea de Calatrava, s\u00ed, pero incluya el legado de Candela.<\/strong><\/p>\n<p>&#13;<br \/>\n<img decoding=\"async\" alt=\"Los Manantiales de M\u00e9xico\" itemprop=\"url\" src=\"https:\/\/www.europesays.com\/es\/wp-content\/uploads\/2025\/11\/articulos-1705205.jpg\" title=\"Los Manantiales de M\u00e9xico - \"\/>&#13;<br \/>\n&#13;<br \/>\n&#13;<\/p>\n<ul itemprop=\"caption\">&#13;<\/p>\n<li class=\"media-pie\">Los Manantiales de M\u00e9xico &#8211;<\/li>\n<p>&#13;<\/p>\n<li class=\"media-autor\" itemprop=\"author\">\u00a0<\/li>\n<p>&#13;\n<\/ul>\n<p>&#13;<br \/>\n&#13;<\/p>\n<p>\u00a0<\/p>\n","protected":false},"excerpt":{"rendered":"VAL\u00c8NCIA.\u00a0Si la Ciudad de las Artes y las Ciencias -paradigma, icono, fotograf\u00eda de una \u00e9poca y una ciudad-\u00a0&hellip;\n","protected":false},"author":2,"featured_media":212279,"comment_status":"","ping_status":"","sticky":false,"template":"","format":"standard","meta":{"footnotes":""},"categories":[173],"tags":[229,233,231,230,232,234,146,147,25,24,23],"class_list":{"0":"post-212278","1":"post","2":"type-post","3":"status-publish","4":"format-standard","5":"has-post-thumbnail","7":"category-arte-y-diseno","8":"tag-arte","9":"tag-arte-y-diseno","10":"tag-arts","11":"tag-arts-and-design","12":"tag-design","13":"tag-diseno","14":"tag-entertainment","15":"tag-entretenimiento","16":"tag-es","17":"tag-espana","18":"tag-spain"},"share_on_mastodon":{"url":"https:\/\/pubeurope.com\/@es\/115473395540878123","error":""},"_links":{"self":[{"href":"https:\/\/www.europesays.com\/es\/wp-json\/wp\/v2\/posts\/212278","targetHints":{"allow":["GET"]}}],"collection":[{"href":"https:\/\/www.europesays.com\/es\/wp-json\/wp\/v2\/posts"}],"about":[{"href":"https:\/\/www.europesays.com\/es\/wp-json\/wp\/v2\/types\/post"}],"author":[{"embeddable":true,"href":"https:\/\/www.europesays.com\/es\/wp-json\/wp\/v2\/users\/2"}],"replies":[{"embeddable":true,"href":"https:\/\/www.europesays.com\/es\/wp-json\/wp\/v2\/comments?post=212278"}],"version-history":[{"count":0,"href":"https:\/\/www.europesays.com\/es\/wp-json\/wp\/v2\/posts\/212278\/revisions"}],"wp:featuredmedia":[{"embeddable":true,"href":"https:\/\/www.europesays.com\/es\/wp-json\/wp\/v2\/media\/212279"}],"wp:attachment":[{"href":"https:\/\/www.europesays.com\/es\/wp-json\/wp\/v2\/media?parent=212278"}],"wp:term":[{"taxonomy":"category","embeddable":true,"href":"https:\/\/www.europesays.com\/es\/wp-json\/wp\/v2\/categories?post=212278"},{"taxonomy":"post_tag","embeddable":true,"href":"https:\/\/www.europesays.com\/es\/wp-json\/wp\/v2\/tags?post=212278"}],"curies":[{"name":"wp","href":"https:\/\/api.w.org\/{rel}","templated":true}]}}