{"id":212288,"date":"2025-11-01T08:07:19","date_gmt":"2025-11-01T08:07:19","guid":{"rendered":"https:\/\/www.europesays.com\/es\/212288\/"},"modified":"2025-11-01T08:07:19","modified_gmt":"2025-11-01T08:07:19","slug":"me-ayudan-la-lectura-y-el-deporte","status":"publish","type":"post","link":"https:\/\/www.europesays.com\/es\/212288\/","title":{"rendered":"\u00abMe ayudan la lectura y el deporte\u00bb"},"content":{"rendered":"<p>                                    <img decoding=\"async\" loading=\"lazy\" src=\"https:\/\/www.europesays.com\/es\/wp-content\/uploads\/2025\/09\/65f855a0d6aaa.jpeg\" alt=\"Carmen Tapia\" width=\"40\" height=\"40\" data-full-src=\"https:\/\/www.europesays.com\/es\/wp-content\/uploads\/2025\/09\/65f855a0d6aaa.jpeg\"\/><\/p>\n<p class=\"paragraph\">\u00abLo m\u00e1s duro en estos momentos es no poder abrazar a Urbano cada noche\u00bb. La sonrisa constante de Ana Carlota Amigo se ha convertido <a href=\"https:\/\/www.diariodeleon.es\/sociedad\/251022\/2063678\/ayuda-10-000-mes-enfermos-ela.html\" data-mrf-link=\"https:\/\/admin.diariodeleon.es\/view\/sociedad\/251031\/2064564\/me-ayudan-lectura-deporte.html\" cmp-ltrk=\"Links en art\u00edculo\" cmp-ltrk-idx=\"7\" mrfobservableid=\"778e5394-c95a-4f22-963b-9c30694a2db2\" title=\"Urbano Gonz\u00e1lez sobre las ayudas a la ELA:\" estamos=\"\" tristes=\"\" por=\"\" las=\"\" mil=\"\" familias=\"\" que=\"\" no=\"\" pueden=\"\" disfrutar=\"\" de=\"\" los=\"\" compa=\"\" volver=\"\" target=\"_blank\" rel=\"nofollow noopener\">en el lado visible amable de la ELA <\/a>que padece su marido, Urbano Gonz\u00e1lez, al que le detectaron la enfermedad un 8 de julio de 2022. La otra cara, la m\u00e1s cruel, es la que no esconde Urbano, que se ha convertido en una de las im\u00e1genes m\u00e1s populares en Le\u00f3n en la lucha por las mejores condiciones de vida de los enfermos. La evoluci\u00f3n de la enfermedad ya no permite compartir cama a la pareja, pero s\u00ed habitaci\u00f3n. Ella est\u00e1 pendiente de que <a href=\"https:\/\/www.diariodeleon.es\/sociedad\/251021\/2063569\/gobierno-financiara-atencion-24-horas-personas-ela-500-millones-euros.html\" data-mrf-link=\"https:\/\/admin.diariodeleon.es\/view\/sociedad\/251031\/2064564\/me-ayudan-lectura-deporte.html\" cmp-ltrk=\"Links en art\u00edculo\" cmp-ltrk-idx=\"8\" mrfobservableid=\"53738a4c-dc34-4cee-a7e3-ea9d52a8609a\" title=\"El Gobierno financiar\u00e1 la atenci\u00f3n 24 horas a personas con ELA con 500 millones de euros\" target=\"_blank\" rel=\"nofollow noopener\">todo el aparataje que mantiene con vida a su marido funcione<\/a> correctamente. Las manos, los pies, la voz y el razonamiento intacto deUrbano pasan por el control de esta mujer a la que la vida la retir\u00f3 de la pol\u00edtica al mismo tiempo que le ofreci\u00f3 el cometido de unos duros cuidados que no le permitieron salir de casa los primeros cuatro meses despu\u00e9s del diagn\u00f3stico.<\/p>\n<p class=\"paragraph\">Para mostrar la sonrisa perenne con la que acompa\u00f1a siempre a su marido, Ana Carlota ha tenido que atravesar una tormenta, la misma que transitan las familias de los enfermos de ELA. \u00abLa ELA es dura y cruel. A m\u00ed me ayudaba c\u00f3mo afrontaba \u00e9l la enfermedad, porque siempre ha tenido un car\u00e1cter positivo. Tengo que estar agradecida por los 22 a\u00f1os de absoluta felicidad en com\u00fan. Cada d\u00eda valoramos los momentos bonitos que nos llegan\u00bb.<\/p>\n<p class=\"paragraph\">Para poder cuidar \u00abcon un amor absoluto en todo lo que hago\u00bb, supo que ten\u00eda que cuidarse. \u00abHe sido fuerte, pero en los momentos de tanta dureza de la vida, la debilidad tambi\u00e9n es buena. Aprovecho al m\u00e1ximo para llorar, sufrir, enfadarme los d\u00edas complicados y sacar esos momentos bonitos para disfrutar en familia\u00bb. Urbano y Carlota tienen dos hijos de 20 y 18 a\u00f1os. \u00abTienes que tirar del carro por todos y eso pesa\u00bb.<\/p>\n<p class=\"paragraph\">Lo primero fue cuidar la mente. \u00abHe necesitado ayuda psicol\u00f3gica y me puse en contacto con la asociaci\u00f3n ELA porque el enfermo se enfada con la vida y hay momentos muy duros, so\u00f1aba con Urbano muerto y eso me causaba mucha ansiedad. Recomiendo a todas las personas que est\u00e9n pasando por esta situaci\u00f3n que busquen ayuda psicol\u00f3gica\u00bb.<\/p>\n<p class=\"paragraph\">Despu\u00e9s mir\u00f3 a su cuerpo. Urbano mide 1,90 metros y pesaba 90 kilos. \u00abEn pocos meses acab\u00e9 con el cuerpo destrozado. Me fui un fin de semana a un retiro de yoga y me di cuenta de lo mal que estaba. Ahora voy tres veces al gimnasio, hago ejercicios de fuerza, me distrae la mente y puedo cuidar mejor\u00bb, una tarea para las 24 horas del d\u00eda en la que ella es la principal cuidadora con la ayuda de otras tres personas. \u00abNecesito mi espacio, quedar con los amigos, alimentarme bien y hacer deporte. Con la meditaci\u00f3n no era capaz de abstraerme, pero la lectura tranquila y sosegada cuando el enfermo descansa me ayuda porque me lleva a otros mundos\u00bb.<\/p>\n<p class=\"paragraph\">En medio del dolor <a href=\"https:\/\/www.diariodeleon.es\/sociedad\/251011\/2062493\/urbano-ela-llegan-corazon-trobajo.html\" data-mrf-link=\"https:\/\/admin.diariodeleon.es\/view\/sociedad\/251031\/2064564\/me-ayudan-lectura-deporte.html\" cmp-ltrk=\"Links en art\u00edculo\" cmp-ltrk-idx=\"9\" mrfobservableid=\"a79db0b8-9063-4893-b600-86e29b9c45fc\" title=\"Urbano y la ELA llegan al coraz\u00f3n de Trobajo\" target=\"_blank\" rel=\"nofollow noopener\">siempre hay fuerzas para los detalles<\/a>. \u00abUrbano pens\u00f3 que no llegar\u00edamos a los 25 a\u00f1os y me prepar\u00f3 una boda sorpresa por nuestro 23 aniversario. Fue precioso. Sin palabras se pueden decir muchas cosas\u00bb.<\/p>\n","protected":false},"excerpt":{"rendered":"\u00abLo m\u00e1s duro en estos momentos es no poder abrazar a Urbano cada noche\u00bb. La sonrisa constante de&hellip;\n","protected":false},"author":2,"featured_media":212289,"comment_status":"","ping_status":"","sticky":false,"template":"","format":"standard","meta":{"footnotes":""},"categories":[92],"tags":[57295,1813,1293,25,24,165,4108,952,166,23],"class_list":{"0":"post-212288","1":"post","2":"type-post","3":"status-publish","4":"format-standard","5":"has-post-thumbnail","7":"category-salud","8":"tag-carlota-amigo","9":"tag-ela","10":"tag-enfermedades","11":"tag-es","12":"tag-espana","13":"tag-health","14":"tag-leon","15":"tag-politica","16":"tag-salud","17":"tag-spain"},"share_on_mastodon":{"url":"https:\/\/pubeurope.com\/@es\/115473419359625890","error":""},"_links":{"self":[{"href":"https:\/\/www.europesays.com\/es\/wp-json\/wp\/v2\/posts\/212288","targetHints":{"allow":["GET"]}}],"collection":[{"href":"https:\/\/www.europesays.com\/es\/wp-json\/wp\/v2\/posts"}],"about":[{"href":"https:\/\/www.europesays.com\/es\/wp-json\/wp\/v2\/types\/post"}],"author":[{"embeddable":true,"href":"https:\/\/www.europesays.com\/es\/wp-json\/wp\/v2\/users\/2"}],"replies":[{"embeddable":true,"href":"https:\/\/www.europesays.com\/es\/wp-json\/wp\/v2\/comments?post=212288"}],"version-history":[{"count":0,"href":"https:\/\/www.europesays.com\/es\/wp-json\/wp\/v2\/posts\/212288\/revisions"}],"wp:featuredmedia":[{"embeddable":true,"href":"https:\/\/www.europesays.com\/es\/wp-json\/wp\/v2\/media\/212289"}],"wp:attachment":[{"href":"https:\/\/www.europesays.com\/es\/wp-json\/wp\/v2\/media?parent=212288"}],"wp:term":[{"taxonomy":"category","embeddable":true,"href":"https:\/\/www.europesays.com\/es\/wp-json\/wp\/v2\/categories?post=212288"},{"taxonomy":"post_tag","embeddable":true,"href":"https:\/\/www.europesays.com\/es\/wp-json\/wp\/v2\/tags?post=212288"}],"curies":[{"name":"wp","href":"https:\/\/api.w.org\/{rel}","templated":true}]}}