{"id":212304,"date":"2025-11-01T08:19:18","date_gmt":"2025-11-01T08:19:18","guid":{"rendered":"https:\/\/www.europesays.com\/es\/212304\/"},"modified":"2025-11-01T08:19:18","modified_gmt":"2025-11-01T08:19:18","slug":"sofia-rodriguez-impulsa-el-ciclismo-femenino-en-petrer-con-una-quedada-del-programa-women-in-bike","status":"publish","type":"post","link":"https:\/\/www.europesays.com\/es\/212304\/","title":{"rendered":"Sof\u00eda Rodr\u00edguez impulsa el ciclismo femenino en Petrer con una quedada del programa Women In Bike"},"content":{"rendered":"<p>La localidad alicantina de Petrer fue escenario de una nueva quedada del programa <strong>Women In Bike<\/strong>, una iniciativa impulsada por la Real Federaci\u00f3n Espa\u00f1ola de Ciclismo con la colaboraci\u00f3n de Movistar y Bicicletas RALI. La cita cont\u00f3 con la presencia destacada de <strong>Sof\u00eda Rodr\u00edguez<\/strong>, actual campeona de Espa\u00f1a de Ciclocross y referente del ciclismo femenino nacional.<\/p>\n<p><img decoding=\"async\" loading=\"lazy\" width=\"1200\" height=\"800\" style=\"aspect-ratio: 1200\/800;\" alt=\"Quedada Women In Bike en Petrer. Imagen: RFEC\" src=\"https:\/\/www.europesays.com\/es\/wp-content\/uploads\/2025\/11\/sofia-rodriguez-quedada-women-in-bike-petrer.jpg\"\/>Quedada Women In Bike en Petrer. Imagen: RFECLa campeona de Espa\u00f1a de Ciclocross comparte ruta, consejos y motivaci\u00f3n<\/p>\n<p>Durante la ma\u00f1ana del domingo 26 de octubre, una docena de mujeres ciclistas de la zona se reuni\u00f3 para recorrer los caminos y senderos que rodean el municipio. En un ambiente de cercan\u00eda y entusiasmo, compartieron una experiencia marcada por la pasi\u00f3n por el ciclismo, el compa\u00f1erismo y la superaci\u00f3n personal.<\/p>\n<p>Rodr\u00edguez, integrante del equipo Nesta, acompa\u00f1\u00f3 a las participantes en todo momento, ofreciendo recomendaciones t\u00e9cnicas y transmitiendo su experiencia como deportista de \u00e9lite. La ciclista destac\u00f3 la importancia de crear espacios en los que las mujeres puedan disfrutar del ciclismo con seguridad y confianza. Ver a tantas mujeres unidas por la bicicleta es una muestra de c\u00f3mo este deporte puede inspirar y unir a las personas, expres\u00f3 durante la jornada.<\/p>\n<p>El recorrido, adaptado al nivel del grupo, permiti\u00f3 disfrutar de los paisajes naturales de Petrer y sus alrededores, combinando tramos de pista y senderos suaves. La actividad finaliz\u00f3 con una charla distendida en la que las participantes intercambiaron experiencias y reforzaron la idea de seguir promoviendo el ciclismo femenino desde la base.<\/p>\n<p>El proyecto <strong>Women In Bike<\/strong> contin\u00faa creciendo en toda Espa\u00f1a gracias a su red de quedadas organizadas por embajadoras y ciclistas reconocidas. En las \u00faltimas semanas se han celebrado encuentros similares con <strong>Paula Ostiz<\/strong>, campeona de Europa y del Mundo, en Pamplona, y con la excampeona mundial de pista <strong>Dori Ruano<\/strong> en Madrid.<\/p>\n<p>El \u00e9xito de la quedada en Petrer refuerza el impacto positivo de este tipo de iniciativas, que fomentan la igualdad, la visibilidad y la participaci\u00f3n de la mujer en el ciclismo. Con acciones como esta, el programa contin\u00faa consolid\u00e1ndose como un referente en la promoci\u00f3n del deporte femenino y en la creaci\u00f3n de una comunidad ciclista diversa y comprometida.<\/p>\n","protected":false},"excerpt":{"rendered":"La localidad alicantina de Petrer fue escenario de una nueva quedada del programa Women In Bike, una iniciativa&hellip;\n","protected":false},"author":2,"featured_media":212305,"comment_status":"","ping_status":"","sticky":false,"template":"","format":"standard","meta":{"footnotes":""},"categories":[273],"tags":[313,312,168,25,24,23,167],"class_list":{"0":"post-212304","1":"post","2":"type-post","3":"status-publish","4":"format-standard","5":"has-post-thumbnail","7":"category-ciclismo","8":"tag-ciclismo","9":"tag-cycling","10":"tag-deportes","11":"tag-es","12":"tag-espana","13":"tag-spain","14":"tag-sports"},"share_on_mastodon":{"url":"https:\/\/pubeurope.com\/@es\/115473466394352429","error":""},"_links":{"self":[{"href":"https:\/\/www.europesays.com\/es\/wp-json\/wp\/v2\/posts\/212304","targetHints":{"allow":["GET"]}}],"collection":[{"href":"https:\/\/www.europesays.com\/es\/wp-json\/wp\/v2\/posts"}],"about":[{"href":"https:\/\/www.europesays.com\/es\/wp-json\/wp\/v2\/types\/post"}],"author":[{"embeddable":true,"href":"https:\/\/www.europesays.com\/es\/wp-json\/wp\/v2\/users\/2"}],"replies":[{"embeddable":true,"href":"https:\/\/www.europesays.com\/es\/wp-json\/wp\/v2\/comments?post=212304"}],"version-history":[{"count":0,"href":"https:\/\/www.europesays.com\/es\/wp-json\/wp\/v2\/posts\/212304\/revisions"}],"wp:featuredmedia":[{"embeddable":true,"href":"https:\/\/www.europesays.com\/es\/wp-json\/wp\/v2\/media\/212305"}],"wp:attachment":[{"href":"https:\/\/www.europesays.com\/es\/wp-json\/wp\/v2\/media?parent=212304"}],"wp:term":[{"taxonomy":"category","embeddable":true,"href":"https:\/\/www.europesays.com\/es\/wp-json\/wp\/v2\/categories?post=212304"},{"taxonomy":"post_tag","embeddable":true,"href":"https:\/\/www.europesays.com\/es\/wp-json\/wp\/v2\/tags?post=212304"}],"curies":[{"name":"wp","href":"https:\/\/api.w.org\/{rel}","templated":true}]}}