{"id":212312,"date":"2025-11-01T08:24:26","date_gmt":"2025-11-01T08:24:26","guid":{"rendered":"https:\/\/www.europesays.com\/es\/212312\/"},"modified":"2025-11-01T08:24:26","modified_gmt":"2025-11-01T08:24:26","slug":"arte-eterno-un-paseo-por-las-esculturas-funerarias-de-extremadura","status":"publish","type":"post","link":"https:\/\/www.europesays.com\/es\/212312\/","title":{"rendered":"Arte eterno: un paseo por las esculturas funerarias de Extremadura"},"content":{"rendered":"<p>En este 1 de noviembre, <a href=\"https:\/\/www.hoy.es\/badajoz\/badajoz-conmemora-festividad-santos-programacion-especial-cementerios-20251029173943-nt_amp.html\" target=\"_self\" data-voc-vtm-id=\"in-text-traffic\" title=\"D\u00eda de Todos los Santos\" data-mrf-link=\"www.hoy.es\" rel=\"nofollow noopener\">D\u00eda de Todos los Santos<\/a>, los extreme\u00f1os visitan los cementerios de la regi\u00f3n para honrar a sus familiares fallecidos  &#8230; y algunos lo hacen rodeados de esculturas funerarias. Arte eternos en los camposantos de las regi\u00f3n, un \u00e1mbito que el profesor de Historia del Arte de la UEx Mois\u00e9s Baz\u00e1n de Huerta ha recogido en un art\u00edculo cient\u00edfico para mostrar ocho ejemplos firmados por importantes autores del siglo XX. <\/p>\n<p class=\"v-p\">El art\u00edculo, publicado en la revista &#8216;Arte, Individuo y Sociedad&#8217; que edita la Universidad Complutense, recoge obras de artistas como Jos\u00e9 Fr\u00e1polli, Eulogio Blasco, Juan de \u00c1valos, Gabino Amaya o Enrique P\u00e9rez Comendador. \u00abContamos con ejemplos de una calidad m\u00e1s que notable, equiparable a otras zonas del panorama nacional, aunque no sean demasiados\u00bb, indica Baz\u00e1n de Huerta, que es nieto del escultor Mois\u00e9s de Huerta y se ha movido desde sus inicios en el \u00e1mbito de la escultura contempor\u00e1nea.<\/p>\n<p>\nEl investigador distingue creaciones de artistas como Eulogio Blasco, Juan de \u00c1valos, Gabino Amaya o P\u00e9rez Comendador\n<\/p>\n<p>\nEn Extremadura, para expresar el estatus o la distinci\u00f3n, las familias tend\u00edan a construir panteones\n<\/p>\n<p class=\"v-p\">Ahora recupera un g\u00e9nero poco estudiado y plasma un recorrido por esculturas funerarias en Extremadura, donde para expresar el estatus o la distinci\u00f3n se tend\u00eda a la construcci\u00f3n de panteones m\u00e1s que a la escultura individualizada. \u00abSi no hay demasiada en la zona es tambi\u00e9n porque la sociedad no posee el grado de desarrollo de otras regiones, ni cuenta con una clase burguesa especialmente solvente\u00bb, a\u00f1ade el profesor de la UEx.<\/p>\n<p class=\"v-p\">Indica que los sepulcros m\u00e1s destacados se ubican en las ciudades con m\u00e1s habitantes y riqueza, aunque algunos de los principales ejemplos est\u00e1n ligados a tumbas de escultores o su propia familia, independientemente del nivel de la localidad.<\/p>\n<p>Badajoz<\/p>\n<p class=\"v-p\">En Badajoz, en el cementerio de San Juan, conocido como viejo, destacan sepulcros firmados por talleres portugueses asentados en Lisboa o Badajoz por su condici\u00f3n fronteriza, pero Baz\u00e1n de Huerta resalta el papel del escultor Antonio Zoido, responsable de un amplio n\u00famero de obras, y de Jos\u00e9 Fr\u00e1polli, nacido en Suiza pero vinculado a las canteras de Carrara, en Italia, con una empresa de m\u00e1rmoles que en Espa\u00f1a ten\u00eda sucursales en Sevilla, M\u00e1laga y Bilbao. <\/p>\n<p class=\"v-p\">Trabaj\u00f3 sobre todo para Andaluc\u00eda, con varias obras en cementerios malague\u00f1os y la que cre\u00f3 en Extremadura fue para el mausoleo de Reinerio Marcos, fallecido a los 21 a\u00f1os tras ingresar en la Escuela de Ingenier\u00eda de Minas. En ella se observa el retrato del difunto con un \u00e1ngel guardi\u00e1n de resonancias italianas.<\/p>\n<p><img decoding=\"async\" loading=\"lazy\" src=\"https:\/\/www.europesays.com\/es\/wp-content\/uploads\/2025\/11\/badajoz-escultura-U37732473868ZQj-650x975@Hoy.jpg\" class=\"v-a-img\" width=\"650\" height=\"975\" alt=\"Mausoleo de Reinerio Marcos en Badajoz, fallecido a los 21 a\u00f1os.\" data-voc-vtm-id=\"in-text-traffic\"\/><\/p>\n<p>Mausoleo de Reinerio Marcos en Badajoz, fallecido a los 21 a\u00f1os.<\/p>\n<p>M. B.<\/p>\n<p class=\"v-p\">La obra fue encargada por su madre, en m\u00e1rmol de Carrara, se culmin\u00f3 en 1885 y fue posible por la posici\u00f3n econ\u00f3mica de la familia, ligada a la banca. \u00abPidi\u00f3 que la escultura fuera especialmente alta para poder verla desde la calle san Juan, donde al parecer resid\u00eda. El mausoleo luce hoy en buen estado, gracias a la restauraci\u00f3n y limpieza asumida por el ayuntamiento en 2008\u00bb, apunta el profesor de la UEx. <\/p>\n<p>C\u00e1ceres<\/p>\n<p class=\"v-p\">En C\u00e1ceres, junto a una de las entradas principales del cementerio, destaca el pante\u00f3n de la familia Berjano, de la que forma parte Daniel Berjano Escobar (Oviedo, 1853-San Sebasti\u00e1n, 1938), que ejerci\u00f3 como historiador, arque\u00f3logo, escritor, periodista y acad\u00e9mico; o V\u00edctor Berjano G\u00f3mez, que fue nombrado en 1930 presidente de la Diputaci\u00f3n cacere\u00f1a, aunque dimiti\u00f3 al llegar la Rep\u00fablica.<\/p>\n<p><img decoding=\"async\" loading=\"lazy\" src=\"https:\/\/www.europesays.com\/es\/wp-content\/uploads\/2025\/11\/berjano-U35223163361hCU-748x524@Hoy.jpg\" class=\"v-a-img\" width=\"748\" height=\"524\" alt=\"Pante\u00f3n de la familia Berjano, en C\u00e1ceres.\" data-voc-vtm-id=\"in-text-traffic\"\/><\/p>\n<p>Pante\u00f3n de la familia Berjano, en C\u00e1ceres.<\/p>\n<p>M. B.<\/p>\n<p><img loading=\"lazy\" decoding=\"async\" src=\"https:\/\/www.europesays.com\/es\/wp-content\/uploads\/2025\/11\/berjano_20251031181805-U83388333540CzP-1920x1344@Hoy.jpg\" class=\"v-mdl__img-z\" width=\"1920\" height=\"1344\" alt=\"\"\/><\/p>\n<p class=\"v-p\">La escultura de esta familia es una herm\u00e9tica y potente estructura troncopiramidal creada por el autor catal\u00e1n Josep Llimona, con una amplia producci\u00f3n funeraria en Catalu\u00f1a, seg\u00fan apunta Baz\u00e1n de Huerta antes de a\u00f1adir que la creada en C\u00e1ceres \u00abes una singular excepci\u00f3n en su trayectoria, por localizarse en una zona geogr\u00e1fica muy alejada de la habitual\u00bb.<\/p>\n<p><img decoding=\"async\" loading=\"lazy\" src=\"https:\/\/www.europesays.com\/es\/wp-content\/uploads\/2025\/11\/eulogioblasco-U17714111784ZMo-748x524@Hoy.jpg\" class=\"v-a-img\" width=\"748\" height=\"524\" alt=\"L\u00e1pida del nicho familiar del artista Eulogio Blasco.\" data-voc-vtm-id=\"in-text-traffic\"\/><\/p>\n<p>L\u00e1pida del nicho familiar del artista Eulogio Blasco.<\/p>\n<p>M. B.<\/p>\n<p><img loading=\"lazy\" decoding=\"async\" src=\"https:\/\/www.europesays.com\/es\/wp-content\/uploads\/2025\/11\/eulogioblasco_20251031182111-U46317205644hbJ-1920x1344@Hoy.jpg\" class=\"v-mdl__img-z\" width=\"1920\" height=\"1344\" alt=\"\"\/><\/p>\n<p class=\"v-p\">Tambi\u00e9n en ese camposanto el profesor de Arte alude a la l\u00e1pida para el nicho familiar del artista Eulogio Blasco. Se trata de \u00abuna tumba a nivel del suelo que ocupa dos alturas y ostenta en su frente una placa en bajorrelieve alusiva a las familias L\u00f3pez y Blasco, alterando el orden de los apellidos\u00bb. En ella alberga en la parte superior una cruz, flanqueada por motivos sim\u00e9tricos ornamentales, y muestra a Mar\u00eda Magdalena arrodillada y con las manos unidas ante el pecho tras velar el sepulcro y recibiendo la bendici\u00f3n de Cristo.<\/p>\n<p>M\u00e9rida<\/p>\n<p class=\"v-p\">El investigador destaca en M\u00e9rida al escultor Juan de \u00c1valos, que recupera uno de los modelos para La Piedad del Valle de los Ca\u00eddos, ahora llamado Cuelgamuros, para ser instalada en la tumba familiar. Labrada en piedra en torno a 1953, se ubica en la parte antigua del camposanto.<\/p>\n<p><img decoding=\"async\" loading=\"lazy\" src=\"https:\/\/www.europesays.com\/es\/wp-content\/uploads\/2025\/11\/piedadmerida-U50446285130Giz-748x524@Hoy.jpg\" class=\"v-a-img\" width=\"748\" height=\"524\" alt=\"Modelo de La Piedad en M\u00e9rida.\" data-voc-vtm-id=\"in-text-traffic\"\/><\/p>\n<p>Modelo de La Piedad en M\u00e9rida.<\/p>\n<p>M. B.<\/p>\n<p><img loading=\"lazy\" decoding=\"async\" src=\"https:\/\/www.europesays.com\/es\/wp-content\/uploads\/2025\/11\/piedadmerida_20251031182347-U07134140422pfX-1920x1344@Hoy.jpg\" class=\"v-mdl__img-z\" width=\"1920\" height=\"1344\" alt=\"\"\/><\/p>\n<p class=\"v-p\">Tambi\u00e9n cita otro dise\u00f1o de \u00c1valos en el cementerio emeritense, en la tumba de Pirrongelli-Crollo, donde \u00abse alza una reproducci\u00f3n dorada de la Virgen de la Soledad tallada por el artista en 1975 para un paso de la Semana Santa malague\u00f1a\u00bb.<\/p>\n<p><img decoding=\"async\" loading=\"lazy\" src=\"https:\/\/www.europesays.com\/es\/wp-content\/uploads\/2025\/11\/dolorosa-U03351578226Dlc-650x975@Hoy.jpg\" class=\"v-a-img\" width=\"650\" height=\"975\" alt=\"Imagen realizada por Juan de \u00c1valos, en M\u00e9rida.\" data-voc-vtm-id=\"in-text-traffic\"\/><\/p>\n<p>Imagen realizada por Juan de \u00c1valos, en M\u00e9rida.<\/p>\n<p>M. B.<\/p>\n<p>Azuaga y Granja de Torrehermosa<\/p>\n<p class=\"v-p\">En Azuaga, el escultor Gabino Amaya realiz\u00f3 una escultura para la capilla-pante\u00f3n de Hilario Molina y la familia Sp\u00ednola. \u00abEl conjunto incluye dos orantes en bronce y la pared del fondo muestra cuatro querubines labrados en m\u00e1rmol blanco, que en realidad son retratos de los hijos del matrimonio\u00bb, indica el profesor de Arte en su art\u00edculo.<\/p>\n<p><img decoding=\"async\" loading=\"lazy\" src=\"https:\/\/www.europesays.com\/es\/wp-content\/uploads\/2025\/11\/azuaga-U87618120345aeQ-650x975@Hoy.jpg\" class=\"v-a-img\" width=\"650\" height=\"975\" alt=\"Escultura hecha por Gabino Amaya en Azuaga.\" data-voc-vtm-id=\"in-text-traffic\"\/><\/p>\n<p>Escultura hecha por Gabino Amaya en Azuaga.<\/p>\n<p>M. B.<\/p>\n<p class=\"v-p\">Adem\u00e1s, Gabino Amaya tambi\u00e9n dej\u00f3 su huella en el cementerio de Granja de Torrehermosa, donde la imagen de un cristo yacente fue realizada en 1958 para la familia de Emilia Gala Llera, esposa de Gabino Amaya.<\/p>\n<p><img decoding=\"async\" loading=\"lazy\" src=\"https:\/\/www.europesays.com\/es\/wp-content\/uploads\/2025\/11\/granjadetorrehermosa-U13827104413JwK-748x524@Hoy.jpg\" class=\"v-a-img\" width=\"748\" height=\"524\" alt=\"Imagen de cristo yacente en Granja de Torrehermosa.\" data-voc-vtm-id=\"in-text-traffic\"\/><\/p>\n<p>Imagen de cristo yacente en Granja de Torrehermosa.<\/p>\n<p>M. B.<\/p>\n<p><img loading=\"lazy\" decoding=\"async\" src=\"https:\/\/www.europesays.com\/es\/wp-content\/uploads\/2025\/11\/granjadetorrehermosa_20251031182939-U44888476761tNb-1920x1344@Hoy.jpg\" class=\"v-mdl__img-z\" width=\"1920\" height=\"1344\" alt=\"\"\/><\/p>\n<p>Herv\u00e1s<\/p>\n<p class=\"v-p\">Por \u00faltimo, el profesor Baz\u00e1n de Huerta concluye el recorrido con la tumba personal de Enrique P\u00e9rez Comendador, en la localidad de Herv\u00e1s, que muestra un grupo en bronce con el Santo Entierro. \u00abEl modelo en realidad procede de un paso procesional con m\u00e1s figuras en madera policromada para una cofrad\u00eda de Santander\u00bb, apunta el profesor de Arte, quien indica que continuar\u00e1 con la investigaci\u00f3n de las esculturas funerarias. \u00abDe hecho, he estudiado ya una variante, pr\u00f3xima a publicarse, centrada en la iconograf\u00eda de los \u00e1ngeles\u00bb, concluye.<\/p>\n","protected":false},"excerpt":{"rendered":"En este 1 de noviembre, D\u00eda de Todos los Santos, los extreme\u00f1os visitan los cementerios de la regi\u00f3n&hellip;\n","protected":false},"author":2,"featured_media":212313,"comment_status":"","ping_status":"","sticky":false,"template":"","format":"standard","meta":{"footnotes":""},"categories":[173],"tags":[229,233,231,230,232,234,146,147,25,8426,24,26826,7234,29977,2755,23],"class_list":{"0":"post-212312","1":"post","2":"type-post","3":"status-publish","4":"format-standard","5":"has-post-thumbnail","7":"category-arte-y-diseno","8":"tag-arte","9":"tag-arte-y-diseno","10":"tag-arts","11":"tag-arts-and-design","12":"tag-design","13":"tag-diseno","14":"tag-entertainment","15":"tag-entretenimiento","16":"tag-es","17":"tag-esculturas","18":"tag-espana","19":"tag-eterno","20":"tag-extremadura","21":"tag-funerarias","22":"tag-paseo","23":"tag-spain"},"share_on_mastodon":{"url":"https:\/\/pubeurope.com\/@es\/115473486131711912","error":""},"_links":{"self":[{"href":"https:\/\/www.europesays.com\/es\/wp-json\/wp\/v2\/posts\/212312","targetHints":{"allow":["GET"]}}],"collection":[{"href":"https:\/\/www.europesays.com\/es\/wp-json\/wp\/v2\/posts"}],"about":[{"href":"https:\/\/www.europesays.com\/es\/wp-json\/wp\/v2\/types\/post"}],"author":[{"embeddable":true,"href":"https:\/\/www.europesays.com\/es\/wp-json\/wp\/v2\/users\/2"}],"replies":[{"embeddable":true,"href":"https:\/\/www.europesays.com\/es\/wp-json\/wp\/v2\/comments?post=212312"}],"version-history":[{"count":0,"href":"https:\/\/www.europesays.com\/es\/wp-json\/wp\/v2\/posts\/212312\/revisions"}],"wp:featuredmedia":[{"embeddable":true,"href":"https:\/\/www.europesays.com\/es\/wp-json\/wp\/v2\/media\/212313"}],"wp:attachment":[{"href":"https:\/\/www.europesays.com\/es\/wp-json\/wp\/v2\/media?parent=212312"}],"wp:term":[{"taxonomy":"category","embeddable":true,"href":"https:\/\/www.europesays.com\/es\/wp-json\/wp\/v2\/categories?post=212312"},{"taxonomy":"post_tag","embeddable":true,"href":"https:\/\/www.europesays.com\/es\/wp-json\/wp\/v2\/tags?post=212312"}],"curies":[{"name":"wp","href":"https:\/\/api.w.org\/{rel}","templated":true}]}}