{"id":212332,"date":"2025-11-01T08:37:22","date_gmt":"2025-11-01T08:37:22","guid":{"rendered":"https:\/\/www.europesays.com\/es\/212332\/"},"modified":"2025-11-01T08:37:22","modified_gmt":"2025-11-01T08:37:22","slug":"siga-en-directo-el-tercer-dia-del-triduo-en-honor-a-nuestra-senora-de-la-esperanza","status":"publish","type":"post","link":"https:\/\/www.europesays.com\/es\/212332\/","title":{"rendered":"SIGA EN DIRECTO EL TERCER D\u00cdA DEL TRIDUO EN HONOR A NUESTRA SE\u00d1ORA DE LA ESPERANZA"},"content":{"rendered":"<p>Teodoro Le\u00f3n Mu\u00f1oz, obispo auxiliar de Sevilla, presidir\u00e1 hoy viernes 31 de octubre, en el Altar Mayor de la Catedral, el tercer y \u00faltimo d\u00eda del Triduo en honor a Nuestra Se\u00f1ora de la Esperanza. Esta celebraci\u00f3n marca el cierre de los tres d\u00edas de triduo llevados a cabo los d\u00edas 29, 30 y 31 de octubre.\u00a0<\/p>\n<p>Puede seguir el acto en el siguiente enlace:<\/p>\n","protected":false},"excerpt":{"rendered":"Teodoro Le\u00f3n Mu\u00f1oz, obispo auxiliar de Sevilla, presidir\u00e1 hoy viernes 31 de octubre, en el Altar Mayor de&hellip;\n","protected":false},"author":2,"featured_media":212333,"comment_status":"","ping_status":"","sticky":false,"template":"","format":"standard","meta":{"footnotes":""},"categories":[5],"tags":[17,18,3860,3861,3862,3863,25,24,13,14,11,19,20,9,10,15,16,57306,23,12,21,22],"class_list":{"0":"post-212332","1":"post","2":"type-post","3":"status-publish","4":"format-standard","5":"has-post-thumbnail","7":"category-titulares","8":"tag-breaking-news","9":"tag-breakingnews","10":"tag-cabildo-catedral","11":"tag-cabildo-catedral-de-sevilla","12":"tag-cabildo-metropolitano","13":"tag-catedral-de-sevilla","14":"tag-es","15":"tag-espana","16":"tag-featured-news","17":"tag-featurednews","18":"tag-headlines","19":"tag-latest-news","20":"tag-latestnews","21":"tag-news","22":"tag-noticias","23":"tag-noticias-destacadas","24":"tag-noticiasdestacadas","25":"tag-siga-en-directo-el-tercer-dia-del-triduo-en-honor-a-nuestra-senora-de-la-esperanza","26":"tag-spain","27":"tag-titulares","28":"tag-ultimas-noticias","29":"tag-ultimasnoticias"},"share_on_mastodon":{"url":"https:\/\/pubeurope.com\/@es\/115473536987768167","error":""},"_links":{"self":[{"href":"https:\/\/www.europesays.com\/es\/wp-json\/wp\/v2\/posts\/212332","targetHints":{"allow":["GET"]}}],"collection":[{"href":"https:\/\/www.europesays.com\/es\/wp-json\/wp\/v2\/posts"}],"about":[{"href":"https:\/\/www.europesays.com\/es\/wp-json\/wp\/v2\/types\/post"}],"author":[{"embeddable":true,"href":"https:\/\/www.europesays.com\/es\/wp-json\/wp\/v2\/users\/2"}],"replies":[{"embeddable":true,"href":"https:\/\/www.europesays.com\/es\/wp-json\/wp\/v2\/comments?post=212332"}],"version-history":[{"count":0,"href":"https:\/\/www.europesays.com\/es\/wp-json\/wp\/v2\/posts\/212332\/revisions"}],"wp:featuredmedia":[{"embeddable":true,"href":"https:\/\/www.europesays.com\/es\/wp-json\/wp\/v2\/media\/212333"}],"wp:attachment":[{"href":"https:\/\/www.europesays.com\/es\/wp-json\/wp\/v2\/media?parent=212332"}],"wp:term":[{"taxonomy":"category","embeddable":true,"href":"https:\/\/www.europesays.com\/es\/wp-json\/wp\/v2\/categories?post=212332"},{"taxonomy":"post_tag","embeddable":true,"href":"https:\/\/www.europesays.com\/es\/wp-json\/wp\/v2\/tags?post=212332"}],"curies":[{"name":"wp","href":"https:\/\/api.w.org\/{rel}","templated":true}]}}